{"id":216003,"date":"2019-10-16T12:46:52","date_gmt":"2019-10-16T09:46:52","guid":{"rendered":"http:\/\/www.tvturk.com\/index.php\/savunma-sanayi-emekcilerinden-mehmetcige-destek\/"},"modified":"2019-10-16T12:46:52","modified_gmt":"2019-10-16T09:46:52","slug":"savunma-sanayi-emekcilerinden-mehmetcige-destek","status":"publish","type":"post","link":"http:\/\/www.tvturk.com\/index.php\/savunma-sanayi-emekcilerinden-mehmetcige-destek\/","title":{"rendered":"Savunma sanayi emek\u00e7ilerinden Mehmet\u00e7i\u011fe destek"},"content":{"rendered":"<p>Bar\u0131\u015f P\u0131nar\u0131 Harekat\u0131 sebebiyle d\u00fcnyan\u0131n d\u00f6rt bir yan\u0131nda y\u00fcr\u00fct\u00fclen kara propagandalara kar\u015f\u0131 Mehmet\u00e7i\u011fe destek, savunma sanayinin g\u00f6z bebe\u011fi fabrikalarda \u00e7al\u0131\u015fan emek\u00e7ilerden geldi.<\/p>\n<p>T\u00fcrk Metal Sendikas\u0131 \u00f6nc\u00fcl\u00fc\u011f\u00fcnde, yerli savunma sanayii i\u00e7in hayati \u00f6neme sahip fabrikalarda \u00e7al\u0131\u015fan emek\u00e7ilerin sosyal medyada #VatanMesaimiz etiketiyle yapt\u0131klar\u0131 payla\u015f\u0131mlar geni\u015f yank\u0131 uyand\u0131rd\u0131. Aralar\u0131nda Makine ve Kimya End\u00fcstri Kurumu (MKE), Otokar ve BMC\u2019nin bulundu\u011fu \u015firketlerde \u00e7al\u0131\u015fan i\u015f\u00e7iler taraf\u0131ndan yap\u0131lan payla\u015f\u0131mlarda: &#8220;Bar\u0131\u015f P\u0131nar\u0131 Harekat\u0131 ile ter\u00f6r odaklar\u0131na kar\u015f\u0131 m\u00fccadele veren Mehmet\u00e7iklerimizin arkas\u0131nda gururla ter d\u00f6k\u00fcyoruz&#8221; ifadelerine yer verildi.<\/p>\n<p>T\u00fcrk Metal Sendikas\u0131 taraf\u0131ndan T\u00fcrk Silahl\u0131 Kuvvetleri i\u00e7in haz\u0131rlanan video klip ise b\u00fcy\u00fck be\u011feni toplad\u0131.<\/p>\n<p>&#8220;#VatanMesaimiz m\u00fcbarek olsun&#8221;<\/p>\n<p>Emek\u00e7iler ayr\u0131ca, &#8220;Onlar cephede, bizler fabrikalar\u0131m\u0131zda y\u00fcrek y\u00fcre\u011fe vatan mesaisi veriyoruz. #VatanMesaimiz m\u00fcbarek olsun. #Mehmet\u00e7iklerimizinArkas\u0131nday\u0131z #HepimizBiriz&#8221; payla\u015f\u0131mlar\u0131yla cephedeki Mehmet\u00e7i\u011fin yaln\u0131z olmad\u0131\u011f\u0131n\u0131 g\u00f6sterdi. Kenetlenme \u00e7a\u011fr\u0131s\u0131yla k\u0131sa s\u00fcre i\u00e7inde binlerce payla\u015f\u0131mda yer alan #VatanMesaimiz etiketi, Twitter\u2019da g\u00fcn\u00fcn en \u00e7ok konu\u015fulanlar\u0131 aras\u0131na girdi. Emek\u00e7iler, sosyal medya \u00fczerinden yapt\u0131klar\u0131 payla\u015f\u0131mlarla t\u00fcm d\u00fcnyaya kar\u015f\u0131 birlik mesaj\u0131 verirken, olumsuz kampanyalara kar\u015f\u0131 cephede sava\u015fan kahramanlar\u0131m\u0131za moral kayna\u011f\u0131 oldu.<\/p>\n","protected":false},"excerpt":{"rendered":"<p>BARI\u015e PINARI HAREKATI SEBEB\u0130YLE D\u00dcNYANIN D\u00d6RT B\u0130R YANINDA Y\u00dcR\u00dcT\u00dcLEN KARA PROPAGANDALARA KAR\u015eI MEHMET\u00c7\u0130\u011eE DESTEK, SAVUNMA SANAY\u0130N\u0130N G\u00d6Z BEBE\u011e\u0130 FABR\u0130KALARDA \u00c7ALI\u015eAN EMEK\u00c7\u0130LERDEN GELD\u0130.<\/p>\n","protected":false},"author":1,"featured_media":216004,"comment_status":"closed","ping_status":"open","sticky":false,"template":"","format":"standard","meta":{"jetpack_post_was_ever_published":false,"_jetpack_newsletter_access":"","_jetpack_dont_email_post_to_subs":false,"_jetpack_newsletter_tier_id":0,"_jetpack_memberships_contains_paywalled_content":false,"_jetpack_memberships_contains_paid_content":false,"footnotes":"","jetpack_publicize_message":"","jetpack_publicize_feature_enabled":true,"jetpack_social_post_already_shared":true,"jetpack_social_options":{"image_generator_settings":{"template":"highway","default_image_id":0,"font":"","enabled":false},"version":2}},"categories":[1],"tags":[61,54611,13456,1167,33],"class_list":["post-216003","post","type-post","status-publish","format-standard","has-post-thumbnail","hentry","category-genel","tag-destek","tag-emekcilerinden","tag-mehmetcige","tag-sanayi","tag-savunma"],"jetpack_publicize_connections":[],"jetpack_featured_media_url":"https:\/\/i0.wp.com\/www.tvturk.com\/wp-content\/uploads\/2019\/10\/savunma-sanayi-emekcilerinden-mehmetcige-destek_938ba2c.jpg?fit=800%2C600","jetpack_sharing_enabled":true,"jetpack_shortlink":"https:\/\/wp.me\/paKIfm-UbV","_links":{"self":[{"href":"http:\/\/www.tvturk.com\/index.php\/wp-json\/wp\/v2\/posts\/216003","targetHints":{"allow":["GET"]}}],"collection":[{"href":"http:\/\/www.tvturk.com\/index.php\/wp-json\/wp\/v2\/posts"}],"about":[{"href":"http:\/\/www.tvturk.com\/index.php\/wp-json\/wp\/v2\/types\/post"}],"author":[{"embeddable":true,"href":"http:\/\/www.tvturk.com\/index.php\/wp-json\/wp\/v2\/users\/1"}],"replies":[{"embeddable":true,"href":"http:\/\/www.tvturk.com\/index.php\/wp-json\/wp\/v2\/comments?post=216003"}],"version-history":[{"count":0,"href":"http:\/\/www.tvturk.com\/index.php\/wp-json\/wp\/v2\/posts\/216003\/revisions"}],"wp:featuredmedia":[{"embeddable":true,"href":"http:\/\/www.tvturk.com\/index.php\/wp-json\/wp\/v2\/media\/216004"}],"wp:attachment":[{"href":"http:\/\/www.tvturk.com\/index.php\/wp-json\/wp\/v2\/media?parent=216003"}],"wp:term":[{"taxonomy":"category","embeddable":true,"href":"http:\/\/www.tvturk.com\/index.php\/wp-json\/wp\/v2\/categories?post=216003"},{"taxonomy":"post_tag","embeddable":true,"href":"http:\/\/www.tvturk.com\/index.php\/wp-json\/wp\/v2\/tags?post=216003"}],"curies":[{"name":"wp","href":"https:\/\/api.w.org\/{rel}","templated":true}]}}