{"id":216031,"date":"2019-10-16T13:02:49","date_gmt":"2019-10-16T10:02:49","guid":{"rendered":"http:\/\/www.tvturk.com\/index.php\/ozel-gereksinimli-ogrenciler-yuksek-hizli-trenle-tanistirildi\/"},"modified":"2019-10-16T13:02:49","modified_gmt":"2019-10-16T10:02:49","slug":"ozel-gereksinimli-ogrenciler-yuksek-hizli-trenle-tanistirildi","status":"publish","type":"post","link":"http:\/\/www.tvturk.com\/index.php\/ozel-gereksinimli-ogrenciler-yuksek-hizli-trenle-tanistirildi\/","title":{"rendered":"\u00d6zel gereksinimli \u00f6\u011frenciler y\u00fcksek h\u0131zl\u0131 trenle tan\u0131\u015ft\u0131r\u0131ld\u0131"},"content":{"rendered":"<p>\u2019\u00c7ocuklar\u0131m\u0131z\u0131 Dinleyelim Hayatlar\u0131n\u0131 De\u011fi\u015ftirelim\u2019 projesi kapsam\u0131nda Ankara\u2019dan Eski\u015fehir\u2019e gelen \u00f6zel gereksinimli \u00f6\u011frenciler ilk defa y\u00fcksek h\u0131zl\u0131 tren ile tan\u0131\u015ft\u0131r\u0131ld\u0131.<\/p>\n<p>Aralar\u0131nda ilk defa tren ile tan\u0131\u015fan bireylerin bulundu\u011fu grubu Eski\u015fehir Osmangazi \u00dcniversitesi (ESOG\u00dc) Rekt\u00f6r\u00fc Prof. Dr. Kemal \u015eenocak kar\u015f\u0131lad\u0131. Rekt\u00f6r \u015eenocak\u2019a b\u00fcy\u00fck bir sevgi g\u00f6sterisinde bulunan \u00f6zel gereksinimli bireylerle hat\u0131ra foto\u011fraf\u0131 \u00e7ektirilmesinin ard\u0131ndan, ESOG\u00dc Mahmudiye At\u00e7\u0131l\u0131k Meslek Y\u00fcksekokulu ve Mahmudiye Hippoterapi Uygulama ve Ara\u015ft\u0131rma Merkezi\u2019ni ziyaret etmek i\u00e7in yola \u00e7\u0131k\u0131ld\u0131.<\/p>\n<p>\u201cAnne ve babalar \u00e7ocuklar\u0131n\u0131 evlerde saklamas\u0131nlar\u201d<\/p>\n<p>Ankara\u2019dan \u00f6\u011frenciler, sorumlular ve idareciler ile birlikte Eski\u015fehir\u2019e gelen Dr. Sinan \u0130bi\u015f, \u00f6zel gereksinimli \u00e7ocuklar\u0131n turizme kat\u0131lmas\u0131 i\u00e7in bir engel kalmad\u0131\u011f\u0131n\u0131 ifade ederek, \u201cBiz bug\u00fcn \u00f6zellikle T\u00fcrkiye\u2019de engelsiz ula\u015f\u0131m\u0131n oldu\u011funu, bu konudaki fark\u0131ndal\u0131\u011f\u0131 geli\u015ftirmek i\u00e7in \u00f6zel gereksinimli \u00e7ocuklar\u0131m\u0131z\u0131 tren ile tan\u0131\u015ft\u0131rd\u0131k. Onun i\u00e7in \u015fu anda 25 ki\u015filik devletimizin himayesindeki \u00e7ocuklarla beraber yard\u0131mc\u0131lar\u0131 ve idarecileri birlikte bu trene bindik. Eski\u015fehir\u2019de bir program yapaca\u011f\u0131z. Eski\u015fehir\u2019de ayn\u0131 zamanda Osmangazi \u00dcniversitesi\u2019nin Mahmudiye yerle\u015fkesinde bize \u00f6zel rehabiltasyonda kullan\u0131lan atlarla \u00e7ocuklar\u0131 tan\u0131\u015ft\u0131raca\u011f\u0131z. Eski\u015fehir\u2019in tematik park\u0131n\u0131 gezece\u011fiz. Amac\u0131m\u0131z engelli insanlar\u0131m\u0131z\u0131n da asl\u0131nda turizme kat\u0131lmalar\u0131n\u0131n ihtiya\u00e7 oldu\u011funu, bunun i\u00e7in art\u0131k engellerin kalmad\u0131\u011f\u0131n\u0131 t\u00fcm \u00fclkemize g\u00f6stermek. T\u00fcm anne, baba ve \u00f6\u011fretmenlere \u015funu s\u00f6ylemek isterim. \u00c7ocuklar\u0131n\u0131 evlerde saklamas\u0131nlar. \u00c7\u00fcnk\u00fc u\u00e7aklar\u0131m\u0131z, trenlerimiz, otob\u00fcslerimiz ve t\u00fcm ula\u015f\u0131m ara\u00e7lar\u0131m\u0131z engelsiz ula\u015f\u0131m i\u00e7in haz\u0131r. Devletimiz bu konuda yat\u0131r\u0131m yapt\u0131. Biz de bug\u00fcn buraday\u0131z. Osmangazi \u00dcniveristesi\u2019nin misafiri olarak geldik buraya. Rekt\u00f6r\u00fcm\u00fcze de \u00e7ok te\u015fekk\u00fcr ederiz. \u00c7\u00fcnk\u00fc \u00e7ok duyarl\u0131l\u0131k g\u00f6steren bir \u00fcniversitenin ba\u015f\u0131nda bulunuyor. Umar\u0131m bizim bu yapt\u0131\u011f\u0131m\u0131z sosyal i\u00e7erme hem \u00fcniversitedeki i\u015f arkada\u015flar\u0131na hem \u00f6\u011frencilere hem de \u00fcniversiteyi takip eden b\u00fct\u00fcn insanlara \u00f6rnek olur\u201d diye konu\u015ftu.<\/p>\n<p>\u201cBizim \u00fcniversitemiz sizlere a\u00e7\u0131kt\u0131r, her t\u00fcrl\u00fc katk\u0131da bulunmaya haz\u0131r\u0131z\u201d<\/p>\n<p>Prof. Dr. Kemal \u015eenocak ise \u00f6zel gereksinimli \u00e7ocuklar i\u00e7in her t\u00fcrl\u00fc deste\u011fi vermek i\u00e7in haz\u0131r olduklar\u0131n\u0131n alt\u0131n\u0131 \u00e7izerek, \u201cBiz de Sinan beye bu imakan\u0131 verdi\u011fi i\u00e7in \u00e7ok te\u015fekk\u00fcr ediyoruz. Mahmudiye\u2019deki Atl\u0131 Terapi Merkezimiz var. \u00d6zellikle bura \u00f6zel gereksinimli olan \u00e7ocuklar\u0131n e\u011fitim ve rehabilitasyonu i\u00e7in bu b\u00f6l\u00fcm a\u00e7\u0131ld\u0131. Burada \u00f6zel gereksinimli olan \u00e7ocuklar\u0131m\u0131z gezecekler. B\u00fct\u00fcn ailelere sesleniyoruz. Bizim \u00fcniversitemiz sizlere a\u00e7\u0131kt\u0131r, gelin sizlere her t\u00fcrl\u00fc katk\u0131da bulunmaya haz\u0131r\u0131z. Bu bir sosyal sorumluluk projesi kapsam\u0131nda bu hizmeti veriyoruz. Sinan beye bize bu imk\u00e2n\u0131 verdi\u011fi i\u00e7in de \u00e7ok te\u015fekk\u00fcr ediyoruz\u201d dedi.<\/p>\n","protected":false},"excerpt":{"rendered":"<p>ARALARINDA \u0130LK DEFA TREN \u0130LE TANI\u015eAN B\u0130REYLER\u0130N BULUNDU\u011eU GRUBU ESK\u0130\u015eEH\u0130R OSMANGAZ\u0130 \u00dcN\u0130VERS\u0130TES\u0130 (ESOG\u00dc) REKT\u00d6R\u00dc PROF. DR. KEMAL \u015eENOCAK KAR\u015eILADI<\/p>\n","protected":false},"author":1,"featured_media":216032,"comment_status":"closed","ping_status":"open","sticky":false,"template":"","format":"standard","meta":{"jetpack_post_was_ever_published":false,"_jetpack_newsletter_access":"","_jetpack_dont_email_post_to_subs":false,"_jetpack_newsletter_tier_id":0,"_jetpack_memberships_contains_paywalled_content":false,"_jetpack_memberships_contains_paid_content":false,"footnotes":"","jetpack_publicize_message":"","jetpack_publicize_feature_enabled":true,"jetpack_social_post_already_shared":true,"jetpack_social_options":{"image_generator_settings":{"template":"highway","default_image_id":0,"font":"","enabled":false},"version":2}},"categories":[1],"tags":[1073,54615,5043,1293,54616,37918,3448],"class_list":["post-216031","post","type-post","status-publish","format-standard","has-post-thumbnail","hentry","category-genel","tag-ozel","tag-gereksinimli","tag-hizli","tag-ogrenciler","tag-tanistirildi","tag-trenle","tag-yuksek"],"jetpack_publicize_connections":[],"jetpack_featured_media_url":"https:\/\/i0.wp.com\/www.tvturk.com\/wp-content\/uploads\/2019\/10\/ozel-gereksinimli-ogrenciler-yuksek-hizli-trenle-tanistirildi_653e489.jpg?fit=1000%2C666","jetpack_sharing_enabled":true,"jetpack_shortlink":"https:\/\/wp.me\/paKIfm-Ucn","_links":{"self":[{"href":"http:\/\/www.tvturk.com\/index.php\/wp-json\/wp\/v2\/posts\/216031","targetHints":{"allow":["GET"]}}],"collection":[{"href":"http:\/\/www.tvturk.com\/index.php\/wp-json\/wp\/v2\/posts"}],"about":[{"href":"http:\/\/www.tvturk.com\/index.php\/wp-json\/wp\/v2\/types\/post"}],"author":[{"embeddable":true,"href":"http:\/\/www.tvturk.com\/index.php\/wp-json\/wp\/v2\/users\/1"}],"replies":[{"embeddable":true,"href":"http:\/\/www.tvturk.com\/index.php\/wp-json\/wp\/v2\/comments?post=216031"}],"version-history":[{"count":0,"href":"http:\/\/www.tvturk.com\/index.php\/wp-json\/wp\/v2\/posts\/216031\/revisions"}],"wp:featuredmedia":[{"embeddable":true,"href":"http:\/\/www.tvturk.com\/index.php\/wp-json\/wp\/v2\/media\/216032"}],"wp:attachment":[{"href":"http:\/\/www.tvturk.com\/index.php\/wp-json\/wp\/v2\/media?parent=216031"}],"wp:term":[{"taxonomy":"category","embeddable":true,"href":"http:\/\/www.tvturk.com\/index.php\/wp-json\/wp\/v2\/categories?post=216031"},{"taxonomy":"post_tag","embeddable":true,"href":"http:\/\/www.tvturk.com\/index.php\/wp-json\/wp\/v2\/tags?post=216031"}],"curies":[{"name":"wp","href":"https:\/\/api.w.org\/{rel}","templated":true}]}}