{"id":216091,"date":"2019-10-16T14:17:04","date_gmt":"2019-10-16T11:17:04","guid":{"rendered":"http:\/\/www.tvturk.com\/index.php\/kayip-yasli-kadin-evinin-yakinindaki-bir-kulubede-sag-bulundu\/"},"modified":"2019-10-16T14:17:04","modified_gmt":"2019-10-16T11:17:04","slug":"kayip-yasli-kadin-evinin-yakinindaki-bir-kulubede-sag-bulundu","status":"publish","type":"post","link":"http:\/\/www.tvturk.com\/index.php\/kayip-yasli-kadin-evinin-yakinindaki-bir-kulubede-sag-bulundu\/","title":{"rendered":"Kay\u0131p ya\u015fl\u0131 kad\u0131n evinin yak\u0131n\u0131ndaki bir kul\u00fcbede sa\u011f bulundu"},"content":{"rendered":"<p>Erzurum\u2019un Oltu \u0130l\u00e7esinde d\u00fcn kaybolan alzheimer hastas\u0131 Naime Durgun\u2019u arama \u00e7al\u0131\u015fmalar\u0131 sonucunda,  evinin yak\u0131nlar\u0131ndaki bir kul\u00fcbede sa\u011f bulundu.<\/p>\n<p>Erzurum\u2019un Oltu \u0130l\u00e7esinde ya\u015fayan alzheimer hastas\u0131 olan Naime Durgun(63)  d\u00fcn 15:00 s\u0131ralar\u0131nda evinden ayr\u0131larak uzakla\u015ft\u0131. Ailesinin ihbar\u0131 \u00fczerine polis MOBESE kameralar\u0131n\u0131 inceledi. Kameralara yans\u0131yan Durgun\u2019un bir petrol ofisinin \u00f6n\u00fcnden y\u00fcr\u00fcyerek ge\u00e7ti\u011fi ard\u0131ndan kay\u0131plara kar\u0131\u015ft\u0131\u011f\u0131 g\u00f6r\u00fcld\u00fc. Olay yerine gelen \u00e7ok say\u0131da Jandarma ekipleri ve AFAD arama \u00e7al\u0131\u015fmalar\u0131na k\u0131rsal alanda s\u00fcrd\u00fcrd\u00fc.<\/p>\n<p>MOBESE g\u00f6r\u00fcnt\u00fclerinde g\u00f6r\u00fcnen ya\u015fl\u0131 kad\u0131n evinin yak\u0131nlar\u0131ndaki bir kul\u00fcbede sa\u011f bulundu. Ya\u015fl\u0131 kad\u0131n\u0131n geceyi kul\u00fcbede ge\u00e7irdi\u011fi \u00f6\u011frenildi.<\/p>\n","protected":false},"excerpt":{"rendered":"<p>ERZURUM\u2019UN OLTU \u0130L\u00c7ES\u0130NDE D\u00dcN KAYBOLAN ALZHE\u0130MER HASTASI NA\u0130ME DURGUN\u2019U ARAMA \u00c7ALI\u015eMALARI SONUCUNDA EV\u0130N\u0130N YAKINLARINDAK\u0130 B\u0130R KUL\u00dcBEDE SA\u011e BULUNDU.<\/p>\n","protected":false},"author":1,"featured_media":216092,"comment_status":"closed","ping_status":"open","sticky":false,"template":"","format":"standard","meta":{"jetpack_post_was_ever_published":false,"_jetpack_newsletter_access":"","_jetpack_dont_email_post_to_subs":false,"_jetpack_newsletter_tier_id":0,"_jetpack_memberships_contains_paywalled_content":false,"_jetpack_memberships_contains_paid_content":false,"footnotes":"","jetpack_publicize_message":"","jetpack_publicize_feature_enabled":true,"jetpack_social_post_already_shared":true,"jetpack_social_options":{"image_generator_settings":{"template":"highway","default_image_id":0,"font":"","enabled":false},"version":2}},"categories":[1],"tags":[125,204,462,108,952,21288,1785,54633,1051],"class_list":["post-216091","post","type-post","status-publish","format-standard","has-post-thumbnail","hentry","category-genel","tag-bir","tag-bulundu","tag-evinin","tag-kadin","tag-kayip","tag-kulubede","tag-sag","tag-yakinindaki","tag-yasli"],"jetpack_publicize_connections":[],"jetpack_featured_media_url":"https:\/\/i0.wp.com\/www.tvturk.com\/wp-content\/uploads\/2019\/10\/kayip-yasli-kadin-evinin-yakinindaki-bir-kulubede-sag-bulundu_bc86abe.jpg?fit=1000%2C750","jetpack_sharing_enabled":true,"jetpack_shortlink":"https:\/\/wp.me\/paKIfm-Udl","_links":{"self":[{"href":"http:\/\/www.tvturk.com\/index.php\/wp-json\/wp\/v2\/posts\/216091","targetHints":{"allow":["GET"]}}],"collection":[{"href":"http:\/\/www.tvturk.com\/index.php\/wp-json\/wp\/v2\/posts"}],"about":[{"href":"http:\/\/www.tvturk.com\/index.php\/wp-json\/wp\/v2\/types\/post"}],"author":[{"embeddable":true,"href":"http:\/\/www.tvturk.com\/index.php\/wp-json\/wp\/v2\/users\/1"}],"replies":[{"embeddable":true,"href":"http:\/\/www.tvturk.com\/index.php\/wp-json\/wp\/v2\/comments?post=216091"}],"version-history":[{"count":0,"href":"http:\/\/www.tvturk.com\/index.php\/wp-json\/wp\/v2\/posts\/216091\/revisions"}],"wp:featuredmedia":[{"embeddable":true,"href":"http:\/\/www.tvturk.com\/index.php\/wp-json\/wp\/v2\/media\/216092"}],"wp:attachment":[{"href":"http:\/\/www.tvturk.com\/index.php\/wp-json\/wp\/v2\/media?parent=216091"}],"wp:term":[{"taxonomy":"category","embeddable":true,"href":"http:\/\/www.tvturk.com\/index.php\/wp-json\/wp\/v2\/categories?post=216091"},{"taxonomy":"post_tag","embeddable":true,"href":"http:\/\/www.tvturk.com\/index.php\/wp-json\/wp\/v2\/tags?post=216091"}],"curies":[{"name":"wp","href":"https:\/\/api.w.org\/{rel}","templated":true}]}}