{"id":216093,"date":"2019-10-16T14:17:58","date_gmt":"2019-10-16T11:17:58","guid":{"rendered":"http:\/\/www.tvturk.com\/index.php\/almanyada-turk-amator-takimlarinda-asker-selami-alarmi\/"},"modified":"2019-10-16T14:17:58","modified_gmt":"2019-10-16T11:17:58","slug":"almanyada-turk-amator-takimlarinda-asker-selami-alarmi","status":"publish","type":"post","link":"http:\/\/www.tvturk.com\/index.php\/almanyada-turk-amator-takimlarinda-asker-selami-alarmi\/","title":{"rendered":"Almanya\u2019da T\u00fcrk amat\u00f6r tak\u0131mlar\u0131nda \u2018asker selam\u0131\u2019 alarm\u0131!"},"content":{"rendered":"<p>A Milli Futbol Tak\u0131m\u0131 oyuncular\u0131n\u0131n, Fransa ma\u00e7\u0131 sonras\u0131nda Bar\u0131\u015f P\u0131nar\u0131 Harekat\u0131\u2019n\u0131 y\u00fcr\u00fcten T\u00fcrk Silahl\u0131 Kuvvetleri mensuplar\u0131na destek olmak i\u00e7in verdikleri asker selam\u0131, Alman b\u00f6lgesel futbol federasyonlar\u0131nda tedirginlik olu\u015fturdu. Almanya genelinde bir\u00e7ok T\u00fcrk tak\u0131m\u0131na y\u00f6nelik \u0131rk\u00e7\u0131l\u0131k su\u00e7lamas\u0131nda bulunan federasyonlar, bir\u00e7ok T\u00fcrk tak\u0131m\u0131na ceza vermek i\u00e7in ba\u015fvurular\u0131 denetlemeye ald\u0131.<\/p>\n<p>A Milli Futbol Tak\u0131m\u0131 oyuncular\u0131n\u0131n Avrupa \u015eampiyonas\u0131 Elemeleri\u2019nde deplasmanda kar\u015f\u0131la\u015ft\u0131\u011f\u0131 Fransa m\u00fccadelesinde gol sonras\u0131 Bar\u0131\u015f P\u0131nar\u0131 Harekat\u0131\u2019nda g\u00f6rev alan askerlere destek olmak amac\u0131yla yapt\u0131\u011f\u0131 asker selam\u0131 Alman b\u00f6lgesel futbol federasyonlar\u0131n\u0131 harekete ge\u00e7irdi ve b\u00f6lgesel federasyonlara ba\u011fl\u0131 T\u00fcrk kul\u00fcplerine soru\u015fturma ba\u015flatt\u0131.<\/p>\n<p>Ge\u00e7en hafta T\u00fcrk tak\u0131mlar\u0131n\u0131n yapt\u0131\u011f\u0131 asker selam\u0131na soru\u015fturma a\u00e7t\u0131\u011f\u0131n\u0131 a\u00e7\u0131klayan Hessen Futbol Federasyonu (HFV), T\u00fcrkspor Offenbach, T\u00fcrkg\u00fcc\u00fc Frankfurt, T\u00fcrkspor Wiesbaden ve Vatanspor Bad Hamburg tak\u0131mlar\u0131 hakk\u0131nda soru\u015fturma ba\u015flatt\u0131. Gereken ad\u0131mlar\u0131n at\u0131laca\u011f\u0131n\u0131 bildiren Federasyon S\u00f6zc\u00fcs\u00fc Wolfang Meier, \u201cB\u00f6yle \u015feylere kesinlikle kar\u015f\u0131y\u0131z. Gerekirse puan silme ve ligden \u00e7ekme cezalar\u0131 uygulayaca\u011f\u0131z\u201d dedi. Hessen\u2019de 500 binden fazla T\u00fcr ya\u015fad\u0131\u011f\u0131n\u0131 bildiren Meier, \u201cTabiki T\u00fcrklere sayg\u0131 duyuyoruz ama politikan\u0131n kesinlikle futbolla bir alakas\u0131 yoktur ve kesinlikle b\u00f6yle \u015feylere tolerans g\u00f6stermeyece\u011fiz ve bunu yapanlar hakk\u0131nda spor mahkemesine su\u00e7 duyurusunda bulunaca\u011f\u0131z\u201d \u015feklinde konu\u015ftu.<\/p>\n<p>Bayvera Futbol Federasyonu\u2019dan (BFV) yap\u0131lan a\u00e7\u0131klamada ise hafta sonunda oynanan kar\u015f\u0131la\u015fmalarda A Milli Futbol Tak\u0131m oyuncular\u0131 gibi baz\u0131 futbolcular\u0131n asker selam\u0131 verdi\u011fi belirtildi. A\u00e7\u0131klamada, sahalarda asker selam\u0131n\u0131n kesinlikle tolere edilmeyece\u011fi vurguland\u0131 ve, &#8220;Futbolu siyasi kaynakl\u0131 provokasyonlar i\u00e7in suistimal edenlerin ilgili spor yasalar\u0131 \u00e7er\u00e7evesinde su\u00e7 i\u015flemi\u015f olaca\u011f\u0131 ve cezai yapt\u0131r\u0131mlar\u0131 g\u00f6z \u00f6n\u00fcnde bulundurmalar\u0131 gerekti\u011fi kaydedildi. A\u00e7\u0131klamada, &#8220;Sporun ayr\u0131mc\u0131l\u0131k, provokasyon ve hakaretler i\u00e7in suistimal edilmesine g\u00f6z yumamay\u0131z&#8221; denildi.<\/p>\n<p>W\u00fcrttemberg Futbol Federasyonu (WFV) a\u00e7\u0131klamas\u0131nda da hafta sonunda oynanan iki ma\u00e7ta T\u00fcrk oyuncular\u0131n tart\u0131\u015fmal\u0131 bir \u015fekilde selam verdiklerinin tespit edildi\u011fi, olaylarla ilgili incelemelerin s\u00fcrd\u00fc\u011f\u00fc belirtildi. Eyalet federasyonu, kendine ba\u011fl\u0131 tak\u0131mlar\u0131 asker selam\u0131 konusunda yaz\u0131l\u0131 olarak uyarmay\u0131 planland\u0131\u011f\u0131n\u0131 a\u00e7\u0131klad\u0131.<\/p>\n<p>Kuzey Alman Futbol Federasyonu (NOFV) da asker selam\u0131na kar\u015f\u0131 haz\u0131rl\u0131kl\u0131 oldu\u011funu duyurdu. Federasyondan yap\u0131lan a\u00e7\u0131klamada, b\u00f6yle bir durumla kar\u015f\u0131la\u015f\u0131ld\u0131\u011f\u0131 takdirde, gereken incelemelerin yap\u0131laca\u011f\u0131 belirtildi. Hamburg ve Schleswig-Holstein futbol federasyonlar\u0131 da ma\u00e7larda hi\u00e7bir oyuncunun asker selam\u0131 vermedi\u011fini, ancak verildi\u011fi takdirde buna g\u00f6z yumulmayaca\u011f\u0131n\u0131n alt\u0131 \u00e7izildi.<\/p>\n","protected":false},"excerpt":{"rendered":"<p>ASKER SELAMI, ALMAN B\u00d6LGESEL FUTBOL FEDERASYONLARINDA TED\u0130RG\u0130NL\u0130K OLU\u015eTURDU. ALMANYA GENEL\u0130NDE B\u0130R\u00c7OK T\u00dcRK TAKIMINA Y\u00d6NEL\u0130K IRK\u00c7ILIK SU\u00c7LAMASINDA BULUNAN FEDERASYONLAR, CEZA VERMEK \u0130\u00c7\u0130N BA\u015eVURULARI DENETLEMEYE ALDI.<\/p>\n","protected":false},"author":1,"featured_media":216094,"comment_status":"closed","ping_status":"open","sticky":false,"template":"","format":"standard","meta":{"jetpack_post_was_ever_published":false,"_jetpack_newsletter_access":"","_jetpack_dont_email_post_to_subs":false,"_jetpack_newsletter_tier_id":0,"_jetpack_memberships_contains_paywalled_content":false,"_jetpack_memberships_contains_paid_content":false,"footnotes":"","jetpack_publicize_message":"","jetpack_publicize_feature_enabled":true,"jetpack_social_post_already_shared":true,"jetpack_social_options":{"image_generator_settings":{"template":"highway","default_image_id":0,"font":"","enabled":false},"version":2}},"categories":[657],"tags":[11945,6637,8220,1598,23573,54634,957],"class_list":["post-216093","post","type-post","status-publish","format-standard","has-post-thumbnail","hentry","category-spor","tag-alarmi","tag-almanyada","tag-amator","tag-asker","tag-selami","tag-takimlarinda","tag-turk"],"jetpack_publicize_connections":[],"jetpack_featured_media_url":"https:\/\/i0.wp.com\/www.tvturk.com\/wp-content\/uploads\/2019\/10\/almanyada-turk-amator-takimlarinda-asker-selami-alarmi_59ad045.jpg?fit=900%2C433","jetpack_sharing_enabled":true,"jetpack_shortlink":"https:\/\/wp.me\/paKIfm-Udn","_links":{"self":[{"href":"http:\/\/www.tvturk.com\/index.php\/wp-json\/wp\/v2\/posts\/216093","targetHints":{"allow":["GET"]}}],"collection":[{"href":"http:\/\/www.tvturk.com\/index.php\/wp-json\/wp\/v2\/posts"}],"about":[{"href":"http:\/\/www.tvturk.com\/index.php\/wp-json\/wp\/v2\/types\/post"}],"author":[{"embeddable":true,"href":"http:\/\/www.tvturk.com\/index.php\/wp-json\/wp\/v2\/users\/1"}],"replies":[{"embeddable":true,"href":"http:\/\/www.tvturk.com\/index.php\/wp-json\/wp\/v2\/comments?post=216093"}],"version-history":[{"count":0,"href":"http:\/\/www.tvturk.com\/index.php\/wp-json\/wp\/v2\/posts\/216093\/revisions"}],"wp:featuredmedia":[{"embeddable":true,"href":"http:\/\/www.tvturk.com\/index.php\/wp-json\/wp\/v2\/media\/216094"}],"wp:attachment":[{"href":"http:\/\/www.tvturk.com\/index.php\/wp-json\/wp\/v2\/media?parent=216093"}],"wp:term":[{"taxonomy":"category","embeddable":true,"href":"http:\/\/www.tvturk.com\/index.php\/wp-json\/wp\/v2\/categories?post=216093"},{"taxonomy":"post_tag","embeddable":true,"href":"http:\/\/www.tvturk.com\/index.php\/wp-json\/wp\/v2\/tags?post=216093"}],"curies":[{"name":"wp","href":"https:\/\/api.w.org\/{rel}","templated":true}]}}