{"id":216107,"date":"2019-10-16T14:32:57","date_gmt":"2019-10-16T11:32:57","guid":{"rendered":"http:\/\/www.tvturk.com\/index.php\/vi-turk-tip-dunyasi-kurultayi-istanbulda\/"},"modified":"2019-10-16T14:32:57","modified_gmt":"2019-10-16T11:32:57","slug":"vi-turk-tip-dunyasi-kurultayi-istanbulda","status":"publish","type":"post","link":"http:\/\/www.tvturk.com\/index.php\/vi-turk-tip-dunyasi-kurultayi-istanbulda\/","title":{"rendered":"VI. T\u00fcrk T\u0131p D\u00fcnyas\u0131 Kurultay\u0131 \u0130stanbul\u2019da"},"content":{"rendered":"<p>VI. T\u00fcrk T\u0131p D\u00fcnyas\u0131 Kurultay\u0131 29-31 Ekim tarihleri aras\u0131nda \u0130stanbul\u2019da ger\u00e7ekle\u015fecek.<\/p>\n<p>Cumhurba\u015fkanl\u0131\u011f\u0131 himayelerinde, Sa\u011fl\u0131k Bakanl\u0131\u011f\u0131 ev sahipli\u011finde ve T\u00dcSEB (T\u00fcrkiye Sa\u011fl\u0131k Enstit\u00fcleri Ba\u015fkanl\u0131\u011f\u0131) bilimsel katk\u0131lar\u0131 ile d\u00fczenlenecek VI. T\u00fcrk T\u0131p D\u00fcnyas\u0131 Kurultay\u0131 29-31 Ekim tarihleri \u0130stanbul\u2019da ger\u00e7ekle\u015ftirilecek. Yap\u0131lan bilgilendirmede; Onursal Ba\u015fkanl\u0131\u011f\u0131n\u0131 Sa\u011fl\u0131k Bakan\u0131 Dr. Fahrettin Koca, Y\u00fcr\u00fctme ve D\u00fczenleme Kurul Ba\u015fkanl\u0131\u011f\u0131n\u0131 Sa\u011fl\u0131k Bakan\u0131 Yard\u0131mc\u0131s\u0131 Prof. Dr. Emine Alp Me\u015fe, Ba\u015fkanl\u0131\u011f\u0131n\u0131 T\u00dcSEB Ba\u015fkan\u0131 Prof. Dr. Adil Mardino\u011flu ve Genel Sekreterli\u011fini T\u00dcSEB Genel Sekreteri Prof. Dr. Hasan T\u00fcrkez\u2019in yapt\u0131\u011f\u0131 kurultaya, T\u00fcrkiye\u2019den ve d\u00fcnyan\u0131n bir\u00e7ok \u00fclkesinden sa\u011fl\u0131k bilimleri alan\u0131nda uluslararas\u0131 d\u00fczeyde ba\u015far\u0131l\u0131 \u00e7al\u0131\u015fmalarda yer alm\u0131\u015f bilim insanlar\u0131, akademisyenler ve sa\u011fl\u0131k sekt\u00f6r\u00fc payda\u015flar\u0131 kat\u0131laca\u011f\u0131 a\u00e7\u0131kland\u0131.<\/p>\n<p>Anatema biyoteknoloji olacak<\/p>\n<p>Kurultay\u0131n bu y\u0131lki ana temas\u0131, \u00fclkeler i\u00e7in stratejik ve ekonomik \u00f6neme sahip \u2019biyoteknoloji\u2019 olacak. Bu ba\u011flamda 2015 y\u0131l\u0131nda Sa\u011fl\u0131k Bakanl\u0131\u011f\u0131 ilgili kurulu\u015fu olarak, T\u00fcrkiye i\u00e7in sa\u011fl\u0131k alan\u0131nda stratejik \u00f6neme sahip yeni biyoteknolojik \u00fcr\u00fcnlerin \u00fcretilmesi, yerlile\u015ftirilmesi, fonlanmas\u0131 ama\u00e7lar\u0131yla kurulan ve yeni y\u00f6netimiyle 2019\u2019da bir\u00e7ok proje \u00e7a\u011fr\u0131s\u0131na \u00e7\u0131kan T\u00dcSEB \u2019in bilimsel destek verece\u011fi kurultayda, \u2019metabolik hastal\u0131klar\u2019, \u2019ki\u015fiselle\u015ftirilmi\u015f t\u0131p\u2019, \u2019ila\u00e7 geli\u015ftirme\u2019, \u2019a\u015f\u0131 geli\u015ftirme\u2019 ba\u015fl\u0131kl\u0131 konular ele al\u0131nacak.<\/p>\n<p>Ayr\u0131ca DNA onar\u0131m mekanizmalar\u0131 \u00fczerine ara\u015ft\u0131rmalar\u0131 ile  2015 Nobel Kimya \u00d6d\u00fcl\u00fcn\u00fc alan Prof. Dr. Aziz Sancar ad\u0131na verilen T\u00dcSEB Aziz Sancar Bilim \u00d6d\u00fcl\u00fc ile T\u00dcSEB Te\u015fvik ve T\u00dcSEB Hizmet \u00f6d\u00fclleri de VI. T\u00fcrk T\u0131p D\u00fcnyas\u0131 Kurultay\u0131\u2019nda sahiplerini bulacak.<\/p>\n","protected":false},"excerpt":{"rendered":"<p>VI. T\u00dcRK TIP D\u00dcNYASI KURULTAYI 29-31 EK\u0130M TAR\u0130HLER\u0130 ARASINDA \u0130STANBUL&#8217;DA GER\u00c7EKLE\u015eECEK.<\/p>\n","protected":false},"author":1,"featured_media":216108,"comment_status":"closed","ping_status":"open","sticky":false,"template":"","format":"standard","meta":{"jetpack_post_was_ever_published":false,"_jetpack_newsletter_access":"","_jetpack_dont_email_post_to_subs":false,"_jetpack_newsletter_tier_id":0,"_jetpack_memberships_contains_paywalled_content":false,"_jetpack_memberships_contains_paid_content":false,"footnotes":"","jetpack_publicize_message":"","jetpack_publicize_feature_enabled":true,"jetpack_social_post_already_shared":true,"jetpack_social_options":{"image_generator_settings":{"template":"highway","default_image_id":0,"font":"","enabled":false},"version":2}},"categories":[1],"tags":[6094,1268,2879,4657,957,54639],"class_list":["post-216107","post","type-post","status-publish","format-standard","has-post-thumbnail","hentry","category-genel","tag-dunyasi","tag-istanbulda","tag-kurultayi","tag-tip","tag-turk","tag-vi"],"jetpack_publicize_connections":[],"jetpack_featured_media_url":"https:\/\/i0.wp.com\/www.tvturk.com\/wp-content\/uploads\/2019\/10\/vi-turk-tip-dunyasi-kurultayi-istanbulda_97005c6.jpg?fit=554%2C775","jetpack_sharing_enabled":true,"jetpack_shortlink":"https:\/\/wp.me\/paKIfm-UdB","_links":{"self":[{"href":"http:\/\/www.tvturk.com\/index.php\/wp-json\/wp\/v2\/posts\/216107","targetHints":{"allow":["GET"]}}],"collection":[{"href":"http:\/\/www.tvturk.com\/index.php\/wp-json\/wp\/v2\/posts"}],"about":[{"href":"http:\/\/www.tvturk.com\/index.php\/wp-json\/wp\/v2\/types\/post"}],"author":[{"embeddable":true,"href":"http:\/\/www.tvturk.com\/index.php\/wp-json\/wp\/v2\/users\/1"}],"replies":[{"embeddable":true,"href":"http:\/\/www.tvturk.com\/index.php\/wp-json\/wp\/v2\/comments?post=216107"}],"version-history":[{"count":0,"href":"http:\/\/www.tvturk.com\/index.php\/wp-json\/wp\/v2\/posts\/216107\/revisions"}],"wp:featuredmedia":[{"embeddable":true,"href":"http:\/\/www.tvturk.com\/index.php\/wp-json\/wp\/v2\/media\/216108"}],"wp:attachment":[{"href":"http:\/\/www.tvturk.com\/index.php\/wp-json\/wp\/v2\/media?parent=216107"}],"wp:term":[{"taxonomy":"category","embeddable":true,"href":"http:\/\/www.tvturk.com\/index.php\/wp-json\/wp\/v2\/categories?post=216107"},{"taxonomy":"post_tag","embeddable":true,"href":"http:\/\/www.tvturk.com\/index.php\/wp-json\/wp\/v2\/tags?post=216107"}],"curies":[{"name":"wp","href":"https:\/\/api.w.org\/{rel}","templated":true}]}}