{"id":216121,"date":"2019-10-16T15:02:35","date_gmt":"2019-10-16T12:02:35","guid":{"rendered":"http:\/\/www.tvturk.com\/index.php\/tumgeneral-koc-sanliurfada\/"},"modified":"2019-10-16T15:02:35","modified_gmt":"2019-10-16T12:02:35","slug":"tumgeneral-koc-sanliurfada","status":"publish","type":"post","link":"http:\/\/www.tvturk.com\/index.php\/tumgeneral-koc-sanliurfada\/","title":{"rendered":"T\u00fcmgeneral Ko\u00e7 \u015eanl\u0131urfa\u2019da"},"content":{"rendered":"<p>Jandarma Genel Komutanl\u0131\u011f\u0131 Denetleme ve De\u011ferlendirme Ba\u015fkan\u0131 T\u00fcmgeneral Halis Zafer Ko\u00e7, Diyarbak\u0131r B\u00f6lge Jandarma Komutan\u0131 Tu\u011fgeneral Mustafa Ba\u015fo\u011flu ile birlikte \u015eanl\u0131urfa Valili\u011fini ziyaret etti.<\/p>\n<p>Vali Abdullah Erin taraf\u0131ndan kar\u015f\u0131lanan T\u00fcmgeneral Halis Zafer Ko\u00e7 ve Tu\u011fgeneral Mustafa Ba\u015fo\u011flu\u2019nun makam ziyaretinde \u0130l Jandarma Komutan\u0131 Albay Ey\u00fcp Sabri Kiri\u015f\u00e7i de yer ald\u0131. Bar\u0131\u015f P\u0131nar\u0131 Harekat\u0131 kapsam\u0131nda al\u0131nan g\u00fcvenlik tedbirleri ve il geneli asayi\u015f uygulamalar\u0131n\u0131n de\u011ferlendirildi\u011fi toplant\u0131n\u0131n ard\u0131ndan ziyaret sona erdi.<\/p>\n","protected":false},"excerpt":{"rendered":"<p>JANDARMA GENEL KOMUTANLI\u011eI DENETLEME VE DE\u011eERLEND\u0130RME BA\u015eKANI T\u00dcMGENERAL HAL\u0130S ZAFER KO\u00c7, D\u0130YARBAKIR B\u00d6LGE JANDARMA KOMUTANI TU\u011eGENERAL MUSTAFA BA\u015eO\u011eLU \u0130LE B\u0130RL\u0130KTE \u015eANLIURFA VAL\u0130L\u0130\u011e\u0130N\u0130 Z\u0130YARET ETT\u0130.<\/p>\n","protected":false},"author":1,"featured_media":216122,"comment_status":"closed","ping_status":"open","sticky":false,"template":"","format":"standard","meta":{"jetpack_post_was_ever_published":false,"_jetpack_newsletter_access":"","_jetpack_dont_email_post_to_subs":false,"_jetpack_newsletter_tier_id":0,"_jetpack_memberships_contains_paywalled_content":false,"_jetpack_memberships_contains_paid_content":false,"footnotes":"","jetpack_publicize_message":"","jetpack_publicize_feature_enabled":true,"jetpack_social_post_already_shared":true,"jetpack_social_options":{"image_generator_settings":{"template":"highway","default_image_id":0,"font":"","enabled":false},"version":2}},"categories":[1],"tags":[10157,1294,54643],"class_list":["post-216121","post","type-post","status-publish","format-standard","has-post-thumbnail","hentry","category-genel","tag-koc","tag-sanliurfada","tag-tumgeneral"],"jetpack_publicize_connections":[],"jetpack_featured_media_url":"https:\/\/i0.wp.com\/www.tvturk.com\/wp-content\/uploads\/2019\/10\/tumgeneral-koc-sanliurfada_f98d569.jpg?fit=1000%2C666","jetpack_sharing_enabled":true,"jetpack_shortlink":"https:\/\/wp.me\/paKIfm-UdP","_links":{"self":[{"href":"http:\/\/www.tvturk.com\/index.php\/wp-json\/wp\/v2\/posts\/216121","targetHints":{"allow":["GET"]}}],"collection":[{"href":"http:\/\/www.tvturk.com\/index.php\/wp-json\/wp\/v2\/posts"}],"about":[{"href":"http:\/\/www.tvturk.com\/index.php\/wp-json\/wp\/v2\/types\/post"}],"author":[{"embeddable":true,"href":"http:\/\/www.tvturk.com\/index.php\/wp-json\/wp\/v2\/users\/1"}],"replies":[{"embeddable":true,"href":"http:\/\/www.tvturk.com\/index.php\/wp-json\/wp\/v2\/comments?post=216121"}],"version-history":[{"count":0,"href":"http:\/\/www.tvturk.com\/index.php\/wp-json\/wp\/v2\/posts\/216121\/revisions"}],"wp:featuredmedia":[{"embeddable":true,"href":"http:\/\/www.tvturk.com\/index.php\/wp-json\/wp\/v2\/media\/216122"}],"wp:attachment":[{"href":"http:\/\/www.tvturk.com\/index.php\/wp-json\/wp\/v2\/media?parent=216121"}],"wp:term":[{"taxonomy":"category","embeddable":true,"href":"http:\/\/www.tvturk.com\/index.php\/wp-json\/wp\/v2\/categories?post=216121"},{"taxonomy":"post_tag","embeddable":true,"href":"http:\/\/www.tvturk.com\/index.php\/wp-json\/wp\/v2\/tags?post=216121"}],"curies":[{"name":"wp","href":"https:\/\/api.w.org\/{rel}","templated":true}]}}