{"id":216217,"date":"2019-10-16T17:02:30","date_gmt":"2019-10-16T14:02:30","guid":{"rendered":"http:\/\/www.tvturk.com\/index.php\/milli-takim-futbolcularinin-asker-selami-nevsehir-sokaklarinda\/"},"modified":"2019-10-16T17:02:30","modified_gmt":"2019-10-16T14:02:30","slug":"milli-takim-futbolcularinin-asker-selami-nevsehir-sokaklarinda","status":"publish","type":"post","link":"http:\/\/www.tvturk.com\/index.php\/milli-takim-futbolcularinin-asker-selami-nevsehir-sokaklarinda\/","title":{"rendered":"Milli tak\u0131m futbolcular\u0131n\u0131n asker selam\u0131 Nev\u015fehir sokaklar\u0131nda"},"content":{"rendered":"<p>T\u00fcrkiye\u2019nin deplasmanda Fransa ile berabere kalarak gruptaki liderli\u011fini s\u00fcrd\u00fcrd\u00fc\u011f\u00fc kar\u015f\u0131la\u015fmada A Milli Tak\u0131m oyuncular\u0131m\u0131z gol sevincinin yer ald\u0131\u011f\u0131 foto\u011fraflar Nev\u015fehir\u2019in d\u00f6rt bir yan\u0131ndaki billboardlarda sergileniyor.<\/p>\n<p>A Milli Futbol Tak\u0131m\u0131m\u0131z, 2020 Avrupa \u015eampiyonas\u0131 Elemeleri H Grubu 8. ma\u00e7\u0131nda deplasmanda Fransa ile 1-1 berabere kald\u0131\u011f\u0131 m\u00fcsabakan\u0131n 81. dakikas\u0131nda Kaan Ayhan\u2019\u0131n alt\u0131n kafas\u0131 ile buldu\u011fumuz golden sonra futbolcular\u0131m\u0131z Mehmet\u00e7ik\u2019e selam yollad\u0131. Ancak ma\u00e7\u0131n Frans\u0131z yay\u0131nc\u0131s\u0131, A Milli Tak\u0131m\u2019\u0131n Bar\u0131\u015f P\u0131nar\u0131 Harekat\u0131\u2019ndaki askerlerimize g\u00f6nderdi\u011fi bu selam\u0131 yay\u0131nlamad\u0131.<\/p>\n<p>T\u00fcrk sporseverlerin b\u00fcy\u00fck tepki g\u00f6sterdi\u011fi bu durum sonras\u0131nda Nev\u015fehir Belediyesi taraf\u0131ndan \u015fehrin d\u00f6rt bir yan\u0131ndaki billboardlara millilerimizin gol sevinci an\u0131nda \u00e7ekilen foto\u011fraflar as\u0131ld\u0131. \u2018Madem Fransa G\u00f6stermedi Biz G\u00f6sterelim\u2019 yaz\u0131s\u0131 ile payla\u015f\u0131lan g\u00f6rseller \u015fehirde b\u00fcy\u00fck be\u011feni toplarken Belediye Ba\u015fkan\u0131 Rasim Ar\u0131 yapt\u0131\u011f\u0131 a\u00e7\u0131klamada, millilerimizin gol sevincini ekranlara yans\u0131tmayan Fransa\u2019ya ve bu gol sevincinden dolay\u0131 soru\u015fturma a\u00e7an UEFA\u2019ya tepki g\u00f6sterdi.<\/p>\n<p>UEFA yetkililerini ikiy\u00fczl\u00fcl\u00fckle su\u00e7layan Ba\u015fkan Ar\u0131, \u201cGe\u00e7ti\u011fimiz y\u0131llarda ayn\u0131 tak\u0131m\u0131n sporcular\u0131ndan Griezmann\u2019\u0131n asker selam\u0131na ses \u00e7\u0131karmayanlar, milli futbolcular\u0131m\u0131z\u0131n g\u00fczel selam\u0131ndan ba\u015fka anlamlar \u00e7\u0131karmaya \u00e7al\u0131\u015f\u0131yor. Ayr\u0131ca ma\u00e7 esnas\u0131nda buldu\u011fumuz gol sonras\u0131ndaki oyuncular\u0131m\u0131z sevincinin ve selamlamas\u0131n\u0131n ekranlara yans\u0131mamas\u0131 bu tezgah\u0131n \u00f6nceden kuruldu\u011funun da ispat\u0131. \u0130kiy\u00fczl\u00fc Avrupa yapt\u0131klar\u0131 ile yine bizi \u015fa\u015f\u0131rtmad\u0131. Bizlerde bu ya\u015fananlar kar\u015f\u0131s\u0131nda, Nev\u015fehirlilerin aslan par\u00e7alar\u0131m\u0131z\u0131n gol sevincini g\u00f6rmeleri ve kahraman Mehmet\u00e7iklerimize deste\u011fimizi bir kez daha g\u00f6stermek i\u00e7in b\u00f6yle bir \u00e7al\u0131\u015fma yapt\u0131k\u201d dedi.<\/p>\n","protected":false},"excerpt":{"rendered":"<p>T\u00dcRK\u0130YE\u2019N\u0130N DEPLASMANDA FRANSA \u0130LE BERABERE KALARAK GRUPTAK\u0130 L\u0130DERL\u0130\u011e\u0130N\u0130 S\u00dcRD\u00dcRD\u00dc\u011e\u00dc KAR\u015eILA\u015eMADA A M\u0130LL\u0130 TAKIM OYUNCULARIMIZ GOL SEV\u0130NC\u0130N\u0130N YER ALDI\u011eI FOTO\u011eRAFLAR NEV\u015eEH\u0130R\u2019\u0130N D\u00d6RT B\u0130R YANINDAK\u0130 B\u0130LLBOARDLARDA SERG\u0130LEN\u0130YOR.<\/p>\n","protected":false},"author":1,"featured_media":216218,"comment_status":"closed","ping_status":"open","sticky":false,"template":"","format":"standard","meta":{"jetpack_post_was_ever_published":false,"_jetpack_newsletter_access":"","_jetpack_dont_email_post_to_subs":false,"_jetpack_newsletter_tier_id":0,"_jetpack_memberships_contains_paywalled_content":false,"_jetpack_memberships_contains_paid_content":false,"footnotes":"","jetpack_publicize_message":"","jetpack_publicize_feature_enabled":true,"jetpack_social_post_already_shared":true,"jetpack_social_options":{"image_generator_settings":{"template":"highway","default_image_id":0,"font":"","enabled":false},"version":2}},"categories":[1],"tags":[1598,54670,429,2470,23573,20775,6670],"class_list":["post-216217","post","type-post","status-publish","format-standard","has-post-thumbnail","hentry","category-genel","tag-asker","tag-futbolcularinin","tag-milli","tag-nevsehir","tag-selami","tag-sokaklarinda","tag-takim"],"jetpack_publicize_connections":[],"jetpack_featured_media_url":"https:\/\/i0.wp.com\/www.tvturk.com\/wp-content\/uploads\/2019\/10\/milli-takim-futbolcularinin-asker-selami-nevsehir-sokaklarinda_5b7f368.jpg?fit=1000%2C666","jetpack_sharing_enabled":true,"jetpack_shortlink":"https:\/\/wp.me\/paKIfm-Ufn","_links":{"self":[{"href":"http:\/\/www.tvturk.com\/index.php\/wp-json\/wp\/v2\/posts\/216217","targetHints":{"allow":["GET"]}}],"collection":[{"href":"http:\/\/www.tvturk.com\/index.php\/wp-json\/wp\/v2\/posts"}],"about":[{"href":"http:\/\/www.tvturk.com\/index.php\/wp-json\/wp\/v2\/types\/post"}],"author":[{"embeddable":true,"href":"http:\/\/www.tvturk.com\/index.php\/wp-json\/wp\/v2\/users\/1"}],"replies":[{"embeddable":true,"href":"http:\/\/www.tvturk.com\/index.php\/wp-json\/wp\/v2\/comments?post=216217"}],"version-history":[{"count":0,"href":"http:\/\/www.tvturk.com\/index.php\/wp-json\/wp\/v2\/posts\/216217\/revisions"}],"wp:featuredmedia":[{"embeddable":true,"href":"http:\/\/www.tvturk.com\/index.php\/wp-json\/wp\/v2\/media\/216218"}],"wp:attachment":[{"href":"http:\/\/www.tvturk.com\/index.php\/wp-json\/wp\/v2\/media?parent=216217"}],"wp:term":[{"taxonomy":"category","embeddable":true,"href":"http:\/\/www.tvturk.com\/index.php\/wp-json\/wp\/v2\/categories?post=216217"},{"taxonomy":"post_tag","embeddable":true,"href":"http:\/\/www.tvturk.com\/index.php\/wp-json\/wp\/v2\/tags?post=216217"}],"curies":[{"name":"wp","href":"https:\/\/api.w.org\/{rel}","templated":true}]}}