{"id":21623,"date":"2019-02-11T14:12:56","date_gmt":"2019-02-11T11:12:56","guid":{"rendered":"http:\/\/www.tvturk.com\/index.php\/vanda-196-bin-ogrenci-875-bin-422-kitap-okudu\/"},"modified":"2019-02-11T14:12:57","modified_gmt":"2019-02-11T11:12:57","slug":"vanda-196-bin-ogrenci-875-bin-422-kitap-okudu","status":"publish","type":"post","link":"http:\/\/www.tvturk.com\/index.php\/vanda-196-bin-ogrenci-875-bin-422-kitap-okudu\/","title":{"rendered":"Van\u2019da 196 bin \u00f6\u011frenci 875 bin 422 kitap okudu"},"content":{"rendered":"<p>Van\u2019da hayata ge\u00e7irilen \u2018Van Okuyor\u2019 projesi kapsam\u0131nda 2018-2019 e\u011fitim \u00f6\u011fretim y\u0131l\u0131n\u0131n birinci d\u00f6neminde 196 in \u00f6\u011frenci 875 bin 422 kitap okudu.<\/p>\n<p>Van Valili\u011fi ve \u0130l Milli E\u011fitim M\u00fcd\u00fcrl\u00fc\u011f\u00fc i\u015fbirli\u011fiyle y\u00fcr\u00fct\u00fclen \u201cVan Okuyor\u201d projesi devam ediyor. Van Valili\u011fi ve Van \u0130l Milli E\u011fitim M\u00fcd\u00fcrl\u00fc\u011f\u00fc taraf\u0131ndan Van\u2019daki b\u00fct\u00fcn ilk, orta ve liselerde y\u00fcr\u00fct\u00fclen proje, rekor bir say\u0131ya ula\u015ft\u0131. \u00d6\u011frencileri sadece s\u0131nav i\u00e7in yar\u0131\u015fan, test \u00e7\u00f6zme becerilerini geli\u015ftiren de\u011fil de okuma, anlama, yorum yapabilme yetilerini daha g\u00fc\u00e7l\u00fc hale getirme noktas\u0131nda \u2018Van Okuyor\u2019 projesini \u00e7ok \u00f6nemsediklerini belirten \u0130l Milli E\u011fitim M\u00fcd\u00fcr\u00fc Hasan Tevke, kitaplarla bar\u0131\u015f\u0131k bir sosyal ya\u015fam k\u00fclt\u00fcr\u00fc olu\u015fturmak gerekti\u011fini s\u00f6yledi. Kitaplar\u0131 anlamak, kitaplarla arkada\u015f olunabilece\u011fini ger\u00e7ekle\u015ftirmek ve \u00f6\u011frencilere d\u00fczenli okuma al\u0131\u015fkanl\u0131\u011f\u0131 kazand\u0131rman\u0131n \u00f6nemine de\u011finen Tevke, \u201cProjenin amac\u0131; okuyan, ara\u015ft\u0131ran, sorgulayan, sa\u011fl\u0131kl\u0131 analiz yapabilen, engin d\u00fcnya g\u00f6r\u00fc\u015f\u00fcne sahip, milli-manevi de\u011ferlerle donanm\u0131\u015f, akl\u0131n ve bilimin ayd\u0131nl\u0131\u011f\u0131nda hareket edebilen bireyler olarak topluma kazand\u0131r\u0131lmalar\u0131n\u0131 sa\u011flamakt\u0131r. Bu proje \u00e7er\u00e7evesinde \u00f6\u011frenci, idareci ve \u00f6\u011fretmenlerimiz 2018-2019 ve 2019-2020 \u00f6\u011fretim y\u0131llar\u0131 boyunca kitap okumu\u015f olacaklard\u0131r. Projenin y\u00fcr\u00fct\u00fclmesi \u00e7er\u00e7evesinde okullar\u0131m\u0131zda tan\u0131t\u0131m \u00e7al\u0131\u015fmalar\u0131 yap\u0131lmakta ve seminerler verilmektedir. \u00d6\u011frencilerimiz ve \u00f6\u011fretmenlerimiz bu proje kapsam\u0131nda planl\u0131 ve programl\u0131 bir \u015fekilde okuma yapmaktad\u0131rlar. \u0130n\u015fallah daha fazla \u00f6\u011frenciye de ula\u015f\u0131r\u0131z. \u015euurlu bir gen\u00e7li\u011fe, okuyan bir gen\u00e7li\u011fe o kadar \u00e7ok ihtiyac\u0131m\u0131z var ki. \u0130n\u015fallah bu yavrular\u0131m\u0131z hayatlar\u0131n\u0131n ileriki d\u00f6nemlerinde bu al\u0131\u015fkanl\u0131klar\u0131n\u0131 s\u00fcrd\u00fcr\u00fcrler diye temenni ediyorum\u201d dedi.<div class=\"tiled-gallery type-rectangular tiled-gallery-unresized\" data-original-width=\"500\" data-carousel-extra='null' itemscope itemtype=\"http:\/\/schema.org\/ImageGallery\" > <div class=\"gallery-row\" style=\"width: 500px; height: 376px;\" data-original-width=\"500\" data-original-height=\"376\" > <div class=\"gallery-group images-1\" style=\"width: 500px; height: 376px;\" data-original-width=\"500\" data-original-height=\"376\" > <div class=\"tiled-gallery-item tiled-gallery-item-large\" itemprop=\"associatedMedia\" itemscope itemtype=\"http:\/\/schema.org\/ImageObject\"> <a href=\"http:\/\/www.tvturk.com\/index.php\/vanda-196-bin-ogrenci-875-bin-422-kitap-okudu\/vanda-196-bin-ogrenci-875-bin-422-kitap-okudu-3\/\" border=\"0\" itemprop=\"url\"> <meta itemprop=\"width\" content=\"496\"> <meta itemprop=\"height\" content=\"372\"> <img decoding=\"async\" class=\"\" data-attachment-id=\"21625\" data-orig-file=\"http:\/\/www.tvturk.com\/wp-content\/uploads\/2019\/02\/vanda-196-bin-ogrenci-875-bin-422-kitap-okudu_8ffa703.jpg\" data-orig-size=\"1000,750\" data-comments-opened=\"\" data-image-meta=\"{&quot;aperture&quot;:&quot;0&quot;,&quot;credit&quot;:&quot;IHA&quot;,&quot;camera&quot;:&quot;&quot;,&quot;caption&quot;:&quot;VAN\\u2019DA HAYATA GE\\u00c7\\u0130R\\u0130LEN \\u2018VAN OKUYOR\\u2019 PROJES\\u0130 KAPSAMINDA 2018-2019 E\\u011e\\u0130T\\u0130M \\u00d6\\u011eRET\\u0130M YILININ B\\u0130R\\u0130NC\\u0130 D\\u00d6NEM\\u0130NDE 196 \\u0130N \\u00d6\\u011eRENC\\u0130 875 B\\u0130N 422 K\\u0130TAP OKUDU. (MEHMET SAL\\u0130H AKKU\\u015e\\\/VAN-\\u0130HA)&quot;,&quot;created_timestamp&quot;:&quot;0&quot;,&quot;copyright&quot;:&quot;\\u0130HLAS HABER AJANSI, www.iha.com.tr&quot;,&quot;focal_length&quot;:&quot;0&quot;,&quot;iso&quot;:&quot;0&quot;,&quot;shutter_speed&quot;:&quot;0&quot;,&quot;title&quot;:&quot;VAN\\u2019DA 196 B\\u0130N \\u00d6\\u011eRENC\\u0130 875 B\\u0130N 422 K\\u0130TAP OKUDU&quot;,&quot;orientation&quot;:&quot;0&quot;}\" data-image-title=\"Van\u2019da 196 bin \u00f6\u011frenci 875 bin 422 kitap okudu\" data-image-description=\"&lt;p&gt;Van\u2019da 196 bin \u00f6\u011frenci 875 bin 422 kitap okudu&lt;\/p&gt; \" data-medium-file=\"https:\/\/i0.wp.com\/www.tvturk.com\/wp-content\/uploads\/2019\/02\/vanda-196-bin-ogrenci-875-bin-422-kitap-okudu_8ffa703.jpg?fit=300%2C225\" data-large-file=\"https:\/\/i0.wp.com\/www.tvturk.com\/wp-content\/uploads\/2019\/02\/vanda-196-bin-ogrenci-875-bin-422-kitap-okudu_8ffa703.jpg?fit=1000%2C750\" src=\"https:\/\/i0.wp.com\/www.tvturk.com\/wp-content\/uploads\/2019\/02\/vanda-196-bin-ogrenci-875-bin-422-kitap-okudu_8ffa703.jpg?w=496&#038;h=372\" srcset=\"https:\/\/i0.wp.com\/www.tvturk.com\/wp-content\/uploads\/2019\/02\/vanda-196-bin-ogrenci-875-bin-422-kitap-okudu_8ffa703.jpg?w=1000 1000w, https:\/\/i0.wp.com\/www.tvturk.com\/wp-content\/uploads\/2019\/02\/vanda-196-bin-ogrenci-875-bin-422-kitap-okudu_8ffa703.jpg?resize=150%2C113 150w, https:\/\/i0.wp.com\/www.tvturk.com\/wp-content\/uploads\/2019\/02\/vanda-196-bin-ogrenci-875-bin-422-kitap-okudu_8ffa703.jpg?resize=300%2C225 300w, https:\/\/i0.wp.com\/www.tvturk.com\/wp-content\/uploads\/2019\/02\/vanda-196-bin-ogrenci-875-bin-422-kitap-okudu_8ffa703.jpg?resize=768%2C576 768w\" width=\"496\" height=\"372\" loading=\"lazy\" data-original-width=\"496\" data-original-height=\"372\" itemprop=\"http:\/\/schema.org\/image\" title=\"Van\u2019da 196 bin \u00f6\u011frenci 875 bin 422 kitap okudu\" alt=\"Van\u2019da 196 bin \u00f6\u011frenci 875 bin 422 kitap okudu\" style=\"width: 496px; height: 372px;\" \/> <\/a> <\/div> <\/div> <!-- close group --> <\/div> <!-- close row --> <\/div><\/p>\n","protected":false},"excerpt":{"rendered":"<p>VAN\u2019DA HAYATA GE\u00c7\u0130R\u0130LEN \u2018VAN OKUYOR\u2019 PROJES\u0130 KAPSAMINDA 2018-2019 E\u011e\u0130T\u0130M \u00d6\u011eRET\u0130M YILININ B\u0130R\u0130NC\u0130 D\u00d6NEM\u0130NDE 196 \u0130N \u00d6\u011eRENC\u0130 875 B\u0130N 422 K\u0130TAP OKUDU.<\/p>\n","protected":false},"author":1,"featured_media":21624,"comment_status":"closed","ping_status":"open","sticky":false,"template":"","format":"standard","meta":{"jetpack_post_was_ever_published":false,"_jetpack_newsletter_access":"","_jetpack_dont_email_post_to_subs":false,"_jetpack_newsletter_tier_id":0,"_jetpack_memberships_contains_paywalled_content":false,"_jetpack_memberships_contains_paid_content":false,"footnotes":"","jetpack_publicize_message":"","jetpack_publicize_feature_enabled":true,"jetpack_social_post_already_shared":false,"jetpack_social_options":{"image_generator_settings":{"template":"highway","default_image_id":0,"font":"","enabled":false},"version":2}},"categories":[659],"tags":[9337,9339,9338,213,4074,773,9340,1203],"class_list":["post-21623","post","type-post","status-publish","format-standard","has-post-thumbnail","hentry","category-egitim","tag-9337","tag-9339","tag-9338","tag-bin","tag-kitap","tag-ogrenci","tag-okudu","tag-vanda"],"jetpack_publicize_connections":[],"jetpack_featured_media_url":"https:\/\/i0.wp.com\/www.tvturk.com\/wp-content\/uploads\/2019\/02\/vanda-196-bin-ogrenci-875-bin-422-kitap-okudu_760a89d.jpg?fit=1000%2C760","jetpack_sharing_enabled":true,"jetpack_shortlink":"https:\/\/wp.me\/paKIfm-5CL","_links":{"self":[{"href":"http:\/\/www.tvturk.com\/index.php\/wp-json\/wp\/v2\/posts\/21623","targetHints":{"allow":["GET"]}}],"collection":[{"href":"http:\/\/www.tvturk.com\/index.php\/wp-json\/wp\/v2\/posts"}],"about":[{"href":"http:\/\/www.tvturk.com\/index.php\/wp-json\/wp\/v2\/types\/post"}],"author":[{"embeddable":true,"href":"http:\/\/www.tvturk.com\/index.php\/wp-json\/wp\/v2\/users\/1"}],"replies":[{"embeddable":true,"href":"http:\/\/www.tvturk.com\/index.php\/wp-json\/wp\/v2\/comments?post=21623"}],"version-history":[{"count":1,"href":"http:\/\/www.tvturk.com\/index.php\/wp-json\/wp\/v2\/posts\/21623\/revisions"}],"predecessor-version":[{"id":21626,"href":"http:\/\/www.tvturk.com\/index.php\/wp-json\/wp\/v2\/posts\/21623\/revisions\/21626"}],"wp:featuredmedia":[{"embeddable":true,"href":"http:\/\/www.tvturk.com\/index.php\/wp-json\/wp\/v2\/media\/21624"}],"wp:attachment":[{"href":"http:\/\/www.tvturk.com\/index.php\/wp-json\/wp\/v2\/media?parent=21623"}],"wp:term":[{"taxonomy":"category","embeddable":true,"href":"http:\/\/www.tvturk.com\/index.php\/wp-json\/wp\/v2\/categories?post=21623"},{"taxonomy":"post_tag","embeddable":true,"href":"http:\/\/www.tvturk.com\/index.php\/wp-json\/wp\/v2\/tags?post=21623"}],"curies":[{"name":"wp","href":"https:\/\/api.w.org\/{rel}","templated":true}]}}