{"id":216381,"date":"2019-10-17T11:17:05","date_gmt":"2019-10-17T08:17:05","guid":{"rendered":"http:\/\/www.tvturk.com\/index.php\/belediye-baskani-engellilerin-yasadigi-zorluklari-yasayarak-test-etti\/"},"modified":"2019-10-17T11:17:05","modified_gmt":"2019-10-17T08:17:05","slug":"belediye-baskani-engellilerin-yasadigi-zorluklari-yasayarak-test-etti","status":"publish","type":"post","link":"http:\/\/www.tvturk.com\/index.php\/belediye-baskani-engellilerin-yasadigi-zorluklari-yasayarak-test-etti\/","title":{"rendered":"Belediye ba\u015fkan\u0131 engellilerin ya\u015fad\u0131\u011f\u0131 zorluklar\u0131 ya\u015fayarak test etti"},"content":{"rendered":"<p>Erzincan Aile, \u00c7al\u0131\u015fma ve Sosyal Hizmetler \u0130l M\u00fcd\u00fcrl\u00fc\u011f\u00fc, engelsiz bir ya\u015fam i\u00e7in \u201cBa\u015fard\u0131klar\u0131m\u0131 G\u00f6r, Beni Fark Et\u201d etkinli\u011fi d\u00fczenledi. Etkinlikte tekerlekli sandalyeye binen Belediye Ba\u015fkan\u0131 Bekir Aksun, \u201cEngelli karde\u015flerimizin daha rahat ya\u015fayabilmeleri i\u00e7in \u00f6n\u00fcndeki engelleri mutlaka kald\u0131raca\u011f\u0131z\u201d dedi.<\/p>\n<p>Erzincan Aile, \u00c7al\u0131\u015fma ve Sosyal Hizmetler \u0130l M\u00fcd\u00fcrl\u00fc\u011f\u00fc taraf\u0131ndan Cumhuriyet Meydan\u0131\u2019nda engelsiz bir ya\u015fam i\u00e7in \u201cBa\u015fard\u0131klar\u0131m\u0131 G\u00f6r, Beni Fark Et\u201d etkinli\u011fi d\u00fczenlendi. Engelli vatanda\u015flar\u0131n \u00e7ektikleri zorluklar konusunda vatanda\u015flarda fark\u0131ndal\u0131k olu\u015fturabilmek ad\u0131na meydana engelli parkurlar\u0131 yerle\u015ftirildi. Erzincan Belediye Ba\u015fkan\u0131 Bekir Aksun, engelli vatanda\u015flar\u0131n ya\u015fad\u0131\u011f\u0131 zorluklar\u0131 tecr\u00fcbe edebilmek i\u00e7in tekerlekli sandalyeye bindi. Olu\u015fturulan parkurda ilerlemekte g\u00fc\u00e7l\u00fck \u00e7eken Ba\u015fkan Aksun, zorda olsa parkuru tamamlad\u0131. Ba\u015fkan Aksun, engelli vatanda\u015flar\u0131n daha kolay ya\u015fayabilmeleri i\u00e7in ilde \u00f6nlerindeki t\u00fcm engelleri kald\u0131raca\u011f\u0131n\u0131 belirtti.<\/p>\n<p>\u201cEngelli vatanda\u015flar\u0131n daha rahat binece\u011fi ara\u00e7 say\u0131s\u0131n\u0131 artt\u0131raca\u011f\u0131m\u201d<\/p>\n<p>Engelli parkurunda baya\u011f\u0131 zorland\u0131\u011f\u0131n\u0131 ifade eden Aksun, \u201cEngelsiz vatanda\u015f olarak denemesini yapt\u0131m. Ger\u00e7ekten engelleri a\u015fabilmek i\u00e7in basit bir engel bulmu\u015ftum ama baya\u011f\u0131 zorland\u0131\u011f\u0131m\u0131 hissettim. Allah nasip ederse bu \u015fehirde zor ya\u015fayan bu karde\u015flerimizi daha kolay ya\u015fayabilmeleri i\u00e7in \u00f6n\u00fcndeki engelleri mutlaka kald\u0131r\u0131p, \u00f6zellikle engelsiz vatanda\u015flar\u0131n da dikkatlerini \u00e7ekerek onlara da fark\u0131ndal\u0131k olu\u015fturup engelli vatanda\u015flar\u0131n hayatlar\u0131n\u0131n kolayla\u015fmas\u0131n\u0131 sa\u011flayaca\u011f\u0131z. Bununla birlikte kent ula\u015f\u0131m\u0131yla da ilgili irtibata ge\u00e7ip engelli vatanda\u015flar\u0131n rahat binip inebilece\u011fi arabalar\u0131n say\u0131s\u0131n\u0131 artt\u0131rma yoluna gidece\u011fiz\u201d diye konu\u015ftu.<\/p>\n<p>\u201cCan kutsald\u0131r, onda kusur aranmaz\u201d<\/p>\n<p>Aile, \u00c7al\u0131\u015fma ve Sosyal Hizmetler \u0130l M\u00fcd\u00fcr\u00fc Muhammer Do\u011fan da, \u201cHepimize malumdur ki can kutsald\u0131r, onda kusur aranmaz. Nas\u0131l g\u00f6rd\u00fc\u011f\u00fcn\u00fczle, nereye konumland\u0131rd\u0131\u011f\u0131n\u0131zla ilgilidir. Bu do\u011frultuda e\u011fitim, sa\u011fl\u0131k ve istikrar sosyal hizmet alanlar\u0131nda \u00f6nlerine konulan engelleri tespit ederek bunlara y\u00f6nelik \u00e7\u00f6z\u00fcmler \u00fcretiyor ve bakanl\u0131k olarak, il m\u00fcd\u00fcrl\u00fc\u011f\u00fc olarak hayata ge\u00e7iriyoruz\u201d \u015feklinde konu\u015ftu.<\/p>\n<p>Erzincan Valisi Ali Arslanta\u015f ise, \u201c\u00c7ocuklar\u0131m\u0131z\u0131 fark etmek \u00fczere, ba\u015fard\u0131klar\u0131n\u0131 g\u00f6rmek \u00fczere, imkan verilince neler oldu\u011funu g\u00f6rmek \u00fczere bir araya geldik. Birazdan hep beraber olu\u015fturulan parkurlara ge\u00e7ece\u011fiz. Parkurlarda engelli \u00e7ocuklar\u0131m\u0131z\u0131n yapabildiklerini engelsiz olarak bizler ne kadar yapabiliyoruz onlar\u0131 g\u00f6rece\u011fiz\u201d ifadelerini kulland\u0131.<\/p>\n<p>Engelli \u00e7ocuklar\u0131n engellerini unuttuklar\u0131 etkinlik, hep birlikte halay \u00e7ekilmesi ile sona erdi.<\/p>\n","protected":false},"excerpt":{"rendered":"<p>ERZ\u0130NCAN A\u0130LE, \u00c7ALI\u015eMA VE SOSYAL H\u0130ZMETLER \u0130L M\u00dcD\u00dcRL\u00dc\u011e\u00dc ENGELS\u0130Z B\u0130R YA\u015eAM \u0130\u00c7\u0130N \u201cBA\u015eARDIKLARIMI G\u00d6R, BEN\u0130 FARK ET\u201d ETK\u0130NL\u0130\u011e\u0130 D\u00dcZENLED\u0130<\/p>\n","protected":false},"author":1,"featured_media":216382,"comment_status":"closed","ping_status":"open","sticky":false,"template":"","format":"standard","meta":{"jetpack_post_was_ever_published":false,"_jetpack_newsletter_access":"","_jetpack_dont_email_post_to_subs":false,"_jetpack_newsletter_tier_id":0,"_jetpack_memberships_contains_paywalled_content":false,"_jetpack_memberships_contains_paid_content":false,"footnotes":"","jetpack_publicize_message":"","jetpack_publicize_feature_enabled":true,"jetpack_social_post_already_shared":true,"jetpack_social_options":{"image_generator_settings":{"template":"highway","default_image_id":0,"font":"","enabled":false},"version":2}},"categories":[1],"tags":[216,134,7519,207,8384,9095,32303,41263],"class_list":["post-216381","post","type-post","status-publish","format-standard","has-post-thumbnail","hentry","category-genel","tag-baskani","tag-belediye","tag-engellilerin","tag-etti","tag-test","tag-yasadigi","tag-yasayarak","tag-zorluklari"],"jetpack_publicize_connections":[],"jetpack_featured_media_url":"https:\/\/i0.wp.com\/www.tvturk.com\/wp-content\/uploads\/2019\/10\/belediye-baskani-engellilerin-yasadigi-zorluklari-yasayarak-test-etti_2e9a68c.jpg?fit=1000%2C666","jetpack_sharing_enabled":true,"jetpack_shortlink":"https:\/\/wp.me\/paKIfm-Ui1","_links":{"self":[{"href":"http:\/\/www.tvturk.com\/index.php\/wp-json\/wp\/v2\/posts\/216381","targetHints":{"allow":["GET"]}}],"collection":[{"href":"http:\/\/www.tvturk.com\/index.php\/wp-json\/wp\/v2\/posts"}],"about":[{"href":"http:\/\/www.tvturk.com\/index.php\/wp-json\/wp\/v2\/types\/post"}],"author":[{"embeddable":true,"href":"http:\/\/www.tvturk.com\/index.php\/wp-json\/wp\/v2\/users\/1"}],"replies":[{"embeddable":true,"href":"http:\/\/www.tvturk.com\/index.php\/wp-json\/wp\/v2\/comments?post=216381"}],"version-history":[{"count":0,"href":"http:\/\/www.tvturk.com\/index.php\/wp-json\/wp\/v2\/posts\/216381\/revisions"}],"wp:featuredmedia":[{"embeddable":true,"href":"http:\/\/www.tvturk.com\/index.php\/wp-json\/wp\/v2\/media\/216382"}],"wp:attachment":[{"href":"http:\/\/www.tvturk.com\/index.php\/wp-json\/wp\/v2\/media?parent=216381"}],"wp:term":[{"taxonomy":"category","embeddable":true,"href":"http:\/\/www.tvturk.com\/index.php\/wp-json\/wp\/v2\/categories?post=216381"},{"taxonomy":"post_tag","embeddable":true,"href":"http:\/\/www.tvturk.com\/index.php\/wp-json\/wp\/v2\/tags?post=216381"}],"curies":[{"name":"wp","href":"https:\/\/api.w.org\/{rel}","templated":true}]}}