{"id":216469,"date":"2019-10-17T13:03:14","date_gmt":"2019-10-17T10:03:14","guid":{"rendered":"http:\/\/www.tvturk.com\/index.php\/zeki-yavru-bu-bizim-simgemiz-asker-selamini-bu-kadar-dert-edinmelerine-gerek-yok\/"},"modified":"2019-10-17T13:03:14","modified_gmt":"2019-10-17T10:03:14","slug":"zeki-yavru-bu-bizim-simgemiz-asker-selamini-bu-kadar-dert-edinmelerine-gerek-yok","status":"publish","type":"post","link":"http:\/\/www.tvturk.com\/index.php\/zeki-yavru-bu-bizim-simgemiz-asker-selamini-bu-kadar-dert-edinmelerine-gerek-yok\/","title":{"rendered":"Zeki Yavru: &#8220;Bu bizim simgemiz, asker selam\u0131n\u0131 bu kadar dert edinmelerine gerek yok\u201d"},"content":{"rendered":"<p>Denizlispor\u2019un defans oyuncusu Zeki Yavru, A Milli Futbol Tak\u0131m\u0131\u2019n\u0131n Fransa ma\u00e7\u0131nda verdi\u011fi asker selam\u0131 sonras\u0131 UEFA taraf\u0131ndan a\u00e7\u0131lan soru\u015fturmaya tepki g\u00f6stererek, \u201cA\u00e7\u0131k\u00e7as\u0131 benim \u00e7ok zoruma gitti. \u00c7\u00fcnk\u00fc bu bizim simgemiz,  asker selam\u0131n\u0131 bu kadar dert edinmelerine gerek yok\u201d dedi.<\/p>\n<p>S\u00fcper Lig\u2019in 8. haftas\u0131nda Fenerbah\u00e7e ile kar\u015f\u0131 kar\u015f\u0131ya gelecek olan Denizlispor, ma\u00e7\u0131n haz\u0131rl\u0131klar\u0131n\u0131 s\u00fcrd\u00fcr\u00fcrken antrenman \u00f6ncesi futbolcular bas\u0131n toplant\u0131s\u0131 d\u00fczenleyerek a\u00e7\u0131klamalarda bulundu. Haluk Ulusoy Tesisleri\u2019nde ger\u00e7ekle\u015ftirilen bas\u0131n toplant\u0131s\u0131nda konu\u015fan Zeki Yavru, UEFA\u2019n\u0131n A Milli Futbol Tak\u0131m\u0131 hakk\u0131ndaki \u2019Asker selam\u0131\u2019 soru\u015fturmas\u0131na de\u011finerek, &#8220;Bu konuda a\u00e7\u0131k\u00e7as\u0131 kendi ad\u0131ma \u00e7ok \u00fcz\u00fcld\u00fcm, \u00e7\u00fcnk\u00fc bizim \u00fclkemizde bildi\u011finiz gibi bug\u00fcne kadar hi\u00e7 de\u015fmedik ama yabanc\u0131 kural\u0131 serbest kimsenin buna bir laf\u0131 yok. Tak\u0131mlarda en az 14 tane oyuncu var, geliyorlar misafir ediyoruz. En iyi \u015fekilde \u00fclke olarak da a\u011f\u0131rl\u0131yoruz. En iyi imkanlar\u0131 sunmaya \u00e7al\u0131\u015f\u0131yoruz. Tabiki de en iyisini g\u00f6rs\u00fcnler. Onlar misafirler bizler i\u00e7in hepsi en iyisini ya\u015fas\u0131n hi\u00e7bir s\u0131k\u0131nt\u0131 yok ama bizim lejyoner oyuncular\u0131m\u0131z asker selam\u0131 verdi diye tak\u0131mlar\u0131nda taraftarlar\u0131ndan camialar\u0131ndan tepki yiyorsa burada bir s\u0131k\u0131nt\u0131 var demektir. A\u00e7\u0131k\u00e7as\u0131 benim \u00e7ok zoruma gitti. \u00c7\u00fcnk\u00fc bu bizim simgemiz. Asker selam\u0131n\u0131 bu kadar dert edinmelerine gerek yok. Bunlara zaten kendi oyuncular\u0131m\u0131z gerekeni yap\u0131yorlar. Evet asker selam\u0131n\u0131 da veriyorlar. Dik duru\u015flar\u0131n\u0131 g\u00f6steriyorlar ama i\u015fte g\u00f6rd\u00fck bir arkada\u015f\u0131m\u0131z\u0131 kadro d\u0131\u015f\u0131 b\u0131rakt\u0131lar. \u0130\u015fte payla\u015f\u0131mlar\u0131ndan dolay\u0131 \u00f6yle \u015feyler bizim zorumuza gidiyor. Biz onlar\u0131 kap\u0131m\u0131z\u0131 a\u00e7\u0131k misafir ederken hepsini en iyi \u015fekilde \u00fclke olarak a\u011f\u0131rlamaya \u00e7al\u0131\u015f\u0131rken bu t\u00fcr sorunlarla kar\u015f\u0131la\u015fmak \u00e7ok \u00fcz\u00fcc\u00fc. \u0130n\u015fallah bir daha b\u00f6yle sorunlarla kar\u015f\u0131la\u015fmay\u0131z&#8221; diye konu\u015ftu.<\/p>\n","protected":false},"excerpt":{"rendered":"<p>DEN\u0130ZL\u0130SPOR\u2019UN DENEY\u0130ML\u0130 DEFANS OYUNCUSU ZEK\u0130 YAVRU, A M\u0130LL\u0130 TAKIMIN FRANSA MA\u00c7INDA VERD\u0130\u011e\u0130 ASKER SELAMI SONRASI UEFA TARAFINDAN A\u00c7ILAN SORU\u015eTURMAYA TEPK\u0130 G\u00d6STEREREK, \u201cA\u00c7IK\u00c7ASI BEN\u0130M \u00c7OK ZORUMA G\u0130TT\u0130. \u00c7\u00dcNK\u00dc BU B\u0130Z\u0130M S\u0130MGEM\u0130Z,  ASKER SELAMINI BU KADAR DERT ED\u0130NMELER\u0130NE GEREK YOK\u201d DED\u0130.<\/p>\n","protected":false},"author":1,"featured_media":216470,"comment_status":"closed","ping_status":"open","sticky":false,"template":"","format":"standard","meta":{"jetpack_post_was_ever_published":false,"_jetpack_newsletter_access":"","_jetpack_dont_email_post_to_subs":false,"_jetpack_newsletter_tier_id":0,"_jetpack_memberships_contains_paywalled_content":false,"_jetpack_memberships_contains_paid_content":false,"footnotes":"","jetpack_publicize_message":"","jetpack_publicize_feature_enabled":true,"jetpack_social_post_already_shared":true,"jetpack_social_options":{"image_generator_settings":{"template":"highway","default_image_id":0,"font":"","enabled":false},"version":2}},"categories":[657],"tags":[986,1598,104,21176,54749,14552,3702,54264,54748,1239,664,16038],"class_list":["post-216469","post","type-post","status-publish","format-standard","has-post-thumbnail","hentry","category-spor","tag-bu","tag-asker","tag-bizim","tag-dert","tag-edinmelerine","tag-gerek","tag-kadar","tag-selamini","tag-simgemiz","tag-yavru","tag-yok","tag-zeki"],"jetpack_publicize_connections":[],"jetpack_featured_media_url":"https:\/\/i0.wp.com\/www.tvturk.com\/wp-content\/uploads\/2019\/10\/zeki-yavru-bu-bizim-simgemiz-asker-selamini-bu-kadar-dert-edinmelerine-gerek-yok_e25daf6.jpg?fit=1000%2C666","jetpack_sharing_enabled":true,"jetpack_shortlink":"https:\/\/wp.me\/paKIfm-Ujr","_links":{"self":[{"href":"http:\/\/www.tvturk.com\/index.php\/wp-json\/wp\/v2\/posts\/216469","targetHints":{"allow":["GET"]}}],"collection":[{"href":"http:\/\/www.tvturk.com\/index.php\/wp-json\/wp\/v2\/posts"}],"about":[{"href":"http:\/\/www.tvturk.com\/index.php\/wp-json\/wp\/v2\/types\/post"}],"author":[{"embeddable":true,"href":"http:\/\/www.tvturk.com\/index.php\/wp-json\/wp\/v2\/users\/1"}],"replies":[{"embeddable":true,"href":"http:\/\/www.tvturk.com\/index.php\/wp-json\/wp\/v2\/comments?post=216469"}],"version-history":[{"count":0,"href":"http:\/\/www.tvturk.com\/index.php\/wp-json\/wp\/v2\/posts\/216469\/revisions"}],"wp:featuredmedia":[{"embeddable":true,"href":"http:\/\/www.tvturk.com\/index.php\/wp-json\/wp\/v2\/media\/216470"}],"wp:attachment":[{"href":"http:\/\/www.tvturk.com\/index.php\/wp-json\/wp\/v2\/media?parent=216469"}],"wp:term":[{"taxonomy":"category","embeddable":true,"href":"http:\/\/www.tvturk.com\/index.php\/wp-json\/wp\/v2\/categories?post=216469"},{"taxonomy":"post_tag","embeddable":true,"href":"http:\/\/www.tvturk.com\/index.php\/wp-json\/wp\/v2\/tags?post=216469"}],"curies":[{"name":"wp","href":"https:\/\/api.w.org\/{rel}","templated":true}]}}