{"id":216625,"date":"2019-10-17T16:03:23","date_gmt":"2019-10-17T13:03:23","guid":{"rendered":"http:\/\/www.tvturk.com\/index.php\/fenerbahcede-denizlispor-hazirliklari-suruyor\/"},"modified":"2019-10-17T16:03:23","modified_gmt":"2019-10-17T13:03:23","slug":"fenerbahcede-denizlispor-hazirliklari-suruyor","status":"publish","type":"post","link":"http:\/\/www.tvturk.com\/index.php\/fenerbahcede-denizlispor-hazirliklari-suruyor\/","title":{"rendered":"Fenerbah\u00e7e\u2019de Denizlispor haz\u0131rl\u0131klar\u0131 s\u00fcr\u00fcyor"},"content":{"rendered":"<p>S\u00fcper Lig\u2019in 8. haftas\u0131nda 20 Ekim Pazar g\u00fcn\u00fc deplasmanda Denizlispor\u2019la kar\u015f\u0131la\u015facak olan Fenerbah\u00e7e, ma\u00e7\u0131n haz\u0131rl\u0131klar\u0131n\u0131 yapt\u0131\u011f\u0131 antrenmanla s\u00fcrd\u00fcrd\u00fc.<\/p>\n<p>Can Bartu Tesisleri\u2019nde Teknik Direkt\u00f6r Ersun Yanal y\u00f6netiminde ger\u00e7ekle\u015ftirilen idman ko\u015fu, \u0131s\u0131nma ve koordinasyon hareketleriyle ba\u015flad\u0131. Antrenmanda \u00fc\u00e7 gruba ayr\u0131lan futbolcular, 5\u2019e 2 top kapma ve pas \u00e7al\u0131\u015fmas\u0131 yapt\u0131. \u0130dman, taktiksel ve bireysel \u00e7al\u0131\u015fmalarla tamamland\u0131.<\/p>\n<p>Antrenmanda Max Kruse \u00f6zel program e\u015fli\u011finde \u00e7al\u0131\u015f\u0131rken, Zanka, Ferdi ve Isla ise tak\u0131mla \u00e7al\u0131\u015ft\u0131. Sar\u0131-lacivertlilerde t\u00fcm oyuncular milli tak\u0131mdan d\u00f6nd\u00fc. Grip olan Altay bug\u00fcnk\u00fc antrenmana kat\u0131ld\u0131. Grip olan Harun ise antrenmanda yer almad\u0131.<\/p>\n<p>Sakatl\u0131klar\u0131 devam eden Nabil Dirar ve Emre\u2019nin tedavilerine devam edildi.<\/p>\n<p>Fenerbah\u00e7e, Denizlispor ma\u00e7\u0131 haz\u0131rl\u0131klar\u0131na yar\u0131n yapaca\u011f\u0131 antrenmanla devam edecek.<\/p>\n","protected":false},"excerpt":{"rendered":"<p>S\u00dcPER L\u0130G&#8217;\u0130N 8. HAFTASINDA DEPLASMANDA DEN\u0130ZL\u0130SPOR\u2019LA KAR\u015eILA\u015eACAK OLAN FENERBAH\u00c7E, BU MA\u00c7IN HAZIRLIKLARINI YAPTI\u011eI ANTRENMANLA S\u00dcRD\u00dcRD\u00dc.<\/p>\n","protected":false},"author":1,"featured_media":216626,"comment_status":"closed","ping_status":"open","sticky":false,"template":"","format":"standard","meta":{"jetpack_post_was_ever_published":false,"_jetpack_newsletter_access":"","_jetpack_dont_email_post_to_subs":false,"_jetpack_newsletter_tier_id":0,"_jetpack_memberships_contains_paywalled_content":false,"_jetpack_memberships_contains_paid_content":false,"footnotes":"","jetpack_publicize_message":"","jetpack_publicize_feature_enabled":true,"jetpack_social_post_already_shared":true,"jetpack_social_options":{"image_generator_settings":{"template":"highway","default_image_id":0,"font":"","enabled":false},"version":2}},"categories":[657],"tags":[5570,6694,3026,1836],"class_list":["post-216625","post","type-post","status-publish","format-standard","has-post-thumbnail","hentry","category-spor","tag-fenerbahcede","tag-denizlispor","tag-hazirliklari","tag-suruyor"],"jetpack_publicize_connections":[],"jetpack_featured_media_url":"https:\/\/i0.wp.com\/www.tvturk.com\/wp-content\/uploads\/2019\/10\/fenerbahcede-denizlispor-hazirliklari-suruyor_7ab848b.jpg?fit=1000%2C646","jetpack_sharing_enabled":true,"jetpack_shortlink":"https:\/\/wp.me\/paKIfm-UlX","_links":{"self":[{"href":"http:\/\/www.tvturk.com\/index.php\/wp-json\/wp\/v2\/posts\/216625","targetHints":{"allow":["GET"]}}],"collection":[{"href":"http:\/\/www.tvturk.com\/index.php\/wp-json\/wp\/v2\/posts"}],"about":[{"href":"http:\/\/www.tvturk.com\/index.php\/wp-json\/wp\/v2\/types\/post"}],"author":[{"embeddable":true,"href":"http:\/\/www.tvturk.com\/index.php\/wp-json\/wp\/v2\/users\/1"}],"replies":[{"embeddable":true,"href":"http:\/\/www.tvturk.com\/index.php\/wp-json\/wp\/v2\/comments?post=216625"}],"version-history":[{"count":0,"href":"http:\/\/www.tvturk.com\/index.php\/wp-json\/wp\/v2\/posts\/216625\/revisions"}],"wp:featuredmedia":[{"embeddable":true,"href":"http:\/\/www.tvturk.com\/index.php\/wp-json\/wp\/v2\/media\/216626"}],"wp:attachment":[{"href":"http:\/\/www.tvturk.com\/index.php\/wp-json\/wp\/v2\/media?parent=216625"}],"wp:term":[{"taxonomy":"category","embeddable":true,"href":"http:\/\/www.tvturk.com\/index.php\/wp-json\/wp\/v2\/categories?post=216625"},{"taxonomy":"post_tag","embeddable":true,"href":"http:\/\/www.tvturk.com\/index.php\/wp-json\/wp\/v2\/tags?post=216625"}],"curies":[{"name":"wp","href":"https:\/\/api.w.org\/{rel}","templated":true}]}}