{"id":216673,"date":"2019-10-17T17:47:29","date_gmt":"2019-10-17T14:47:29","guid":{"rendered":"http:\/\/www.tvturk.com\/index.php\/serdal-adali-listesini-teslim-etti\/"},"modified":"2019-10-17T17:47:29","modified_gmt":"2019-10-17T14:47:29","slug":"serdal-adali-listesini-teslim-etti","status":"publish","type":"post","link":"http:\/\/www.tvturk.com\/index.php\/serdal-adali-listesini-teslim-etti\/","title":{"rendered":"Serdal Adal\u0131 listesini teslim etti"},"content":{"rendered":"<p>Be\u015fikta\u015f\u2019ta 20 Ekim\u2019deki ola\u011fan\u00fcst\u00fc se\u00e7imli genel kurulda aday olan Serdal Adal\u0131, kesinle\u015fmi\u015f y\u00f6netim kurulu listesini Divan Kurulu Ba\u015fkanl\u0131\u011f\u0131\u2019na teslim etti. Adal\u0131, &#8220;Kim kazan\u0131rsa kazans\u0131n, Be\u015fikta\u015f kazans\u0131n&#8221; ifadelerini kulland\u0131.<\/p>\n<p>Be\u015fikta\u015f\u2019ta yap\u0131lacak olan ola\u011fan\u00fcst\u00fc se\u00e7imde aday oldu\u011funu a\u00e7\u0131klayan Serdal Adal\u0131, kesinle\u015fmi\u015f y\u00f6netim kurulu listesini Divan Kurulu 2. Ba\u015fkan\u0131 Fethi Hinginar\u2019a teslim etti. B\u00fct\u00fcn adaylara ba\u015far\u0131lar dileyerek s\u00f6zlerine ba\u015flayan Adal\u0131, &#8220;Kim kazan\u0131rsa kazans\u0131n ama Be\u015fikta\u015f kazans\u0131n. Ben kazanamazsam, her zaman yeni ba\u015fkan\u0131n yan\u0131nda olurum. \u015eu anda 3 aday kald\u0131. \u0130smail \u00dcnal\u2019a da te\u015fekk\u00fcr ediyorum. Camiay\u0131 bir arada tutmak i\u00e7in fedakarl\u0131k yapt\u0131. Bana gelen herhangi bir teklif olmad\u0131. D\u00fcn ak\u015fama kadar da \u00e7ekilece\u011fi belli de\u011fildi, spontane geli\u015fti&#8221; diye konu\u015ftu.<\/p>\n","protected":false},"excerpt":{"rendered":"<p>BE\u015e\u0130KTA\u015e&#8217;TA 20 EK\u0130M&#8217;DEK\u0130 OLA\u011eAN\u00dcST\u00dc SE\u00c7\u0130ML\u0130 GENEL KURULDA ADAY OLAN SERDAL ADALI, KES\u0130NLE\u015eM\u0130\u015e Y\u00d6NET\u0130M KURULU L\u0130STES\u0130N\u0130 D\u0130VAN KURULU BA\u015eKANLI\u011eI&#8217;NA TESL\u0130M ETT\u0130. ADALI, &#8220;K\u0130M KAZANIRSA KAZANSIN, BE\u015e\u0130KTA\u015e KAZANSIN&#8221; \u0130FADELER\u0130N\u0130 KULLANDI.<\/p>\n","protected":false},"author":1,"featured_media":216674,"comment_status":"closed","ping_status":"open","sticky":false,"template":"","format":"standard","meta":{"jetpack_post_was_ever_published":false,"_jetpack_newsletter_access":"","_jetpack_dont_email_post_to_subs":false,"_jetpack_newsletter_tier_id":0,"_jetpack_memberships_contains_paywalled_content":false,"_jetpack_memberships_contains_paid_content":false,"footnotes":"","jetpack_publicize_message":"","jetpack_publicize_feature_enabled":true,"jetpack_social_post_already_shared":true,"jetpack_social_options":{"image_generator_settings":{"template":"highway","default_image_id":0,"font":"","enabled":false},"version":2}},"categories":[657],"tags":[21473,207,16174,54234,169],"class_list":["post-216673","post","type-post","status-publish","format-standard","has-post-thumbnail","hentry","category-spor","tag-adali","tag-etti","tag-listesini","tag-serdal","tag-teslim"],"jetpack_publicize_connections":[],"jetpack_featured_media_url":"https:\/\/i0.wp.com\/www.tvturk.com\/wp-content\/uploads\/2019\/10\/serdal-adali-listesini-teslim-etti_5e5f339.jpg?fit=1000%2C750","jetpack_sharing_enabled":true,"jetpack_shortlink":"https:\/\/wp.me\/paKIfm-UmJ","_links":{"self":[{"href":"http:\/\/www.tvturk.com\/index.php\/wp-json\/wp\/v2\/posts\/216673","targetHints":{"allow":["GET"]}}],"collection":[{"href":"http:\/\/www.tvturk.com\/index.php\/wp-json\/wp\/v2\/posts"}],"about":[{"href":"http:\/\/www.tvturk.com\/index.php\/wp-json\/wp\/v2\/types\/post"}],"author":[{"embeddable":true,"href":"http:\/\/www.tvturk.com\/index.php\/wp-json\/wp\/v2\/users\/1"}],"replies":[{"embeddable":true,"href":"http:\/\/www.tvturk.com\/index.php\/wp-json\/wp\/v2\/comments?post=216673"}],"version-history":[{"count":0,"href":"http:\/\/www.tvturk.com\/index.php\/wp-json\/wp\/v2\/posts\/216673\/revisions"}],"wp:featuredmedia":[{"embeddable":true,"href":"http:\/\/www.tvturk.com\/index.php\/wp-json\/wp\/v2\/media\/216674"}],"wp:attachment":[{"href":"http:\/\/www.tvturk.com\/index.php\/wp-json\/wp\/v2\/media?parent=216673"}],"wp:term":[{"taxonomy":"category","embeddable":true,"href":"http:\/\/www.tvturk.com\/index.php\/wp-json\/wp\/v2\/categories?post=216673"},{"taxonomy":"post_tag","embeddable":true,"href":"http:\/\/www.tvturk.com\/index.php\/wp-json\/wp\/v2\/tags?post=216673"}],"curies":[{"name":"wp","href":"https:\/\/api.w.org\/{rel}","templated":true}]}}