{"id":216743,"date":"2019-10-18T09:32:07","date_gmt":"2019-10-18T06:32:07","guid":{"rendered":"http:\/\/www.tvturk.com\/index.php\/liseli-ogrencilerden-baris-pinari-harekatina-istiklal-marsli-klip\/"},"modified":"2019-10-18T09:32:07","modified_gmt":"2019-10-18T06:32:07","slug":"liseli-ogrencilerden-baris-pinari-harekatina-istiklal-marsli-klip","status":"publish","type":"post","link":"http:\/\/www.tvturk.com\/index.php\/liseli-ogrencilerden-baris-pinari-harekatina-istiklal-marsli-klip\/","title":{"rendered":"Liseli \u00f6\u011frencilerden Bar\u0131\u015f P\u0131nar\u0131 Harekat\u0131na \u2018\u0130stiklal Mar\u015f\u2019l\u0131 klip"},"content":{"rendered":"<p>Erzurum\u2019da liseli \u00f6\u011frenciler, Bar\u0131\u015f P\u0131nar\u0131 Harekat\u0131\u2019nda g\u00f6rev alan Mehmet\u00e7iklere \u2018\u0130stiklal Mar\u015f\u0131\u2019n\u0131 okuyarak destek verdiler.<\/p>\n<p>Erzurum\u2019un Aziziye il\u00e7esinde bulunan Il\u0131ca \u0130MKB Yavuz Selim Sosyal Bilimler Lisesi \u00f6\u011frencileri, Bar\u0131\u015f P\u0131nar\u0131 Harekat\u0131\u2019nda g\u00f6rev alan Mehmet\u00e7ikler i\u00e7in okulun bah\u00e7esinde bir araya geldi. Okul M\u00fcd\u00fcr\u00fc \u00dcmit Gergit ve \u00f6\u011frencilerin \u0130stiklal Mar\u015f\u0131\u2019n\u0131n 10 k\u0131tas\u0131n\u0131 okuyarak haz\u0131rlad\u0131klar\u0131 klip izleyenleri duyguland\u0131rd\u0131.<\/p>\n<p>Haz\u0131rlad\u0131klar\u0131 koreografide \u0130stiklal Mar\u015f\u0131\u2019n\u0131 okuyan \u00f6\u011frenciler, Bar\u0131\u015f P\u0131nar\u0131 Harekat\u0131\u2019nda g\u00f6rev alan Mehmet\u00e7iklere destek verdiklerini g\u00f6sterdiler.<\/p>\n","protected":false},"excerpt":{"rendered":"<p>ERZURUM\u2019DA L\u0130SEL\u0130 \u00d6\u011eRENC\u0130LER, BARI\u015e PINARI HAREKATI\u2019NDA G\u00d6REV ALAN MEHMET\u00c7\u0130KLERE \u2018\u0130ST\u0130KLAL MAR\u015eI\u2019NI OKUYARAK DESTEK VERD\u0130LER<\/p>\n","protected":false},"author":1,"featured_media":216744,"comment_status":"closed","ping_status":"open","sticky":false,"template":"","format":"standard","meta":{"jetpack_post_was_ever_published":false,"_jetpack_newsletter_access":"","_jetpack_dont_email_post_to_subs":false,"_jetpack_newsletter_tier_id":0,"_jetpack_memberships_contains_paywalled_content":false,"_jetpack_memberships_contains_paid_content":false,"footnotes":"","jetpack_publicize_message":"","jetpack_publicize_feature_enabled":true,"jetpack_social_post_already_shared":true,"jetpack_social_options":{"image_generator_settings":{"template":"highway","default_image_id":0,"font":"","enabled":false},"version":2}},"categories":[1],"tags":[4256,31321,14044,6221,8191,11880,3174,53832],"class_list":["post-216743","post","type-post","status-publish","format-standard","has-post-thumbnail","hentry","category-genel","tag-baris","tag-harekatina","tag-istiklal","tag-klip","tag-liseli","tag-marsli","tag-ogrencilerden","tag-pinari"],"jetpack_publicize_connections":[],"jetpack_featured_media_url":"https:\/\/i0.wp.com\/www.tvturk.com\/wp-content\/uploads\/2019\/10\/liseli-ogrencilerden-baris-pinari-harekatina-istiklal-marsli-klip_ec3e9a4.jpg?fit=1000%2C686","jetpack_sharing_enabled":true,"jetpack_shortlink":"https:\/\/wp.me\/paKIfm-UnR","_links":{"self":[{"href":"http:\/\/www.tvturk.com\/index.php\/wp-json\/wp\/v2\/posts\/216743","targetHints":{"allow":["GET"]}}],"collection":[{"href":"http:\/\/www.tvturk.com\/index.php\/wp-json\/wp\/v2\/posts"}],"about":[{"href":"http:\/\/www.tvturk.com\/index.php\/wp-json\/wp\/v2\/types\/post"}],"author":[{"embeddable":true,"href":"http:\/\/www.tvturk.com\/index.php\/wp-json\/wp\/v2\/users\/1"}],"replies":[{"embeddable":true,"href":"http:\/\/www.tvturk.com\/index.php\/wp-json\/wp\/v2\/comments?post=216743"}],"version-history":[{"count":0,"href":"http:\/\/www.tvturk.com\/index.php\/wp-json\/wp\/v2\/posts\/216743\/revisions"}],"wp:featuredmedia":[{"embeddable":true,"href":"http:\/\/www.tvturk.com\/index.php\/wp-json\/wp\/v2\/media\/216744"}],"wp:attachment":[{"href":"http:\/\/www.tvturk.com\/index.php\/wp-json\/wp\/v2\/media?parent=216743"}],"wp:term":[{"taxonomy":"category","embeddable":true,"href":"http:\/\/www.tvturk.com\/index.php\/wp-json\/wp\/v2\/categories?post=216743"},{"taxonomy":"post_tag","embeddable":true,"href":"http:\/\/www.tvturk.com\/index.php\/wp-json\/wp\/v2\/tags?post=216743"}],"curies":[{"name":"wp","href":"https:\/\/api.w.org\/{rel}","templated":true}]}}