{"id":216773,"date":"2019-10-18T10:02:46","date_gmt":"2019-10-18T07:02:46","guid":{"rendered":"http:\/\/www.tvturk.com\/index.php\/istanbulun-sessiz-taniklari-surlar\/"},"modified":"2019-10-18T10:02:46","modified_gmt":"2019-10-18T07:02:46","slug":"istanbulun-sessiz-taniklari-surlar","status":"publish","type":"post","link":"http:\/\/www.tvturk.com\/index.php\/istanbulun-sessiz-taniklari-surlar\/","title":{"rendered":"\u2018\u0130stanbul\u2019un Sessiz Tan\u0131klar\u0131: Surlar\u2019"},"content":{"rendered":"<p>\u2018\u0130stanbul Surlar\u0131\u201d \u00d6zye\u011fin \u00dcniversitesi Yay\u0131nlar\u0131 etiketiyle kitapla\u015ft\u0131r\u0131lan bir eserle raflardaki yerini ald\u0131.<\/p>\n<p>20 km\u2019yi a\u015fan uzunluklar\u0131yla farkl\u0131 semtlerde farkl\u0131 i\u015flevler kazanan, kimi yerlerde hayat\u0131n i\u00e7inde kalan ve semtin \u00f6nemli ge\u00e7i\u015f noktalar\u0131n\u0131 olu\u015fturan, kimi yerlerde ise girilemeyen, \u0131ss\u0131z b\u00f6lgeler haline d\u00f6n\u00fc\u015fen sessiz ta\u015flar.<\/p>\n<p>\u2018\u0130stanbul Surlar\u0131\u201d g\u00fcncel bir \u00e7al\u0131\u015fma olan ve \u00d6zye\u011fin \u00dcniversitesi Yay\u0131nlar\u0131 etiketiyle kitapla\u015ft\u0131r\u0131lan bir eserle raflardaki yerini ald\u0131.<\/p>\n<p>\u00d6zye\u011fin \u00dcniversitesi Mimarl\u0131k ve Tasar\u0131m Fak\u00fcltesi\u2019nden Dr. \u00d6\u011fretim \u00dcyesi Metin \u00c7avu\u015f\u2019un surlarda ger\u00e7ekle\u015ftirdi\u011fi ki\u015fisel yolculu\u011fun g\u00f6rsel yans\u0131malar\u0131, Y\u00fcce ve Yaln\u0131z: \u0130stanbul Surlar\u0131nda Bir Yolculuk adl\u0131 kitapta bir araya geldi. 2017 ve 2018 y\u0131llar\u0131nda \u00e7ekilen sur foto\u011fraflar\u0131ndan olu\u015fan kitapta Dr. \u00c7avu\u015f, surlar\u0131n \u00e7evresindeki ya\u015fam\u0131 foto\u011fraflamak yerine, foto\u011fraf makinesini surlar\u0131n kendisine y\u00f6neltmeyi tercih etti\u011fini ve b\u00f6ylece 36 siyah &#8211; beyaz foto\u011fraftan olu\u015fan bir alb\u00fcm\u00fcn ortaya \u00e7\u0131kt\u0131\u011f\u0131n\u0131 s\u00f6yl\u00fcyor.<\/p>\n<p>Metin \u00c7avu\u015f, \u0130stanbul Surlar\u0131\u2019n\u0131, \u2018dinamik \u015fehrin hemen yan\u0131 ba\u015f\u0131nda, duvarlar ve kendili\u011finden yeti\u015fmi\u015f a\u011fa\u00e7 ve bitkilerle \u00e7evrili bir halde \u00f6l\u00fcm sessizli\u011finin ya\u015fanabilece\u011fi tekinsiz yerler\u2019 olarak tan\u0131ml\u0131yor.<\/p>\n<p>Y\u00fcce ve Yaln\u0131z: \u0130stanbul Surlar\u0131nda Bir Yolculuk adl\u0131 foto\u011fraf kitab\u0131yla, surlara dair iki temel duyguyu yans\u0131tmay\u0131 ama\u00e7lad\u0131\u011f\u0131n\u0131 da \u015fu s\u00f6zlerle ifade ediyor: \u201cSurlar\u0131n y\u0131llar boyunca ya\u015fad\u0131klar\u0131 d\u00f6n\u00fc\u015f\u00fcm ve y\u0131pranmaya ra\u011fmen hala y\u00fcceliklerini koruduklar\u0131 a\u015fik\u00e2r. Sur par\u00e7alar\u0131n\u0131n kimi b\u00f6lgelerde a\u015f\u0131nma sonucunda farkl\u0131 \u015fekiller almalar\u0131 ilgi odaklar\u0131mdan biri oldu. Surlar baz\u0131 noktalarda i\u015flevlerinin \u00f6tesine ge\u00e7erek, foto\u011fraflarda kocaman, k\u00fctlesel ta\u015f heykellere d\u00f6n\u00fc\u015fm\u00fc\u015f gibiler. Di\u011fer taraftan bak\u0131ms\u0131zl\u0131k ve tutars\u0131z yenileme \u00e7al\u0131\u015fmalar\u0131 surlar\u0131n kendi kaderlerine terk edildiklerini de g\u00f6steriyor. Bu yaln\u0131zl\u0131k ne yaz\u0131k ki, tarihsel \u00f6nemi tart\u0131\u015f\u0131lmayacak olan bu yap\u0131 \u015feridinin gerekli de\u011feri g\u00f6rmedi\u011finin kan\u0131t\u0131. Bu kitapta bulunan foto\u011fraflarda bu karma\u015f\u0131k duygular\u0131 ifade etmeye, surlar\u0131n y\u00fcce ve yaln\u0131z y\u00f6n\u00fcn\u00fc yans\u0131tmaya \u00e7al\u0131\u015ft\u0131m\u201d.<\/p>\n<p>\u00c7avu\u015f surlarla ilgili d\u00fc\u015f\u00fcncelerini \u015fu \u015fekilde ifade etti: \u201cY\u00fczy\u0131llard\u0131r ayakta olan bir suru, \u00f6mr\u00fc k\u0131sac\u0131k bir bitkiyle, bir patikayla ya da mevsimlik s\u00fcr\u00fclm\u00fc\u015f bir tarla ile yan yana foto\u011fraflad\u0131\u011f\u0131n\u0131zda, tabi ki, onun y\u00fcceli\u011fi ve yaln\u0131zl\u0131\u011f\u0131 hemen fark edilir\u201d.<\/p>\n<p>\u00d6zye\u011fin \u00dcniversitesi, Mimarl\u0131k ve Tasar\u0131m Fak\u00fcltesi\u2019nde \u00d6\u011fretim G\u00f6revlisi olan Bora Fer taraf\u0131ndan tasarlanan Y\u00fcce ve Yaln\u0131z: \u0130stanbul Surlar\u0131nda Bir Yolculuk foto\u011fraf kitab\u0131, ge\u00e7en ay ger\u00e7ekle\u015fen 4. Uluslararas\u0131 \u0130stanbul Fotokitap Festivali\u2019nde, D\u00fcnyadan Fotokitaplar 2019 b\u00f6l\u00fcm\u00fcnde de sergilendi.<\/p>\n","protected":false},"excerpt":{"rendered":"<p>MET\u0130N \u00c7AVU\u015e<\/p>\n","protected":false},"author":1,"featured_media":216774,"comment_status":"closed","ping_status":"open","sticky":false,"template":"","format":"standard","meta":{"jetpack_post_was_ever_published":false,"_jetpack_newsletter_access":"","_jetpack_dont_email_post_to_subs":false,"_jetpack_newsletter_tier_id":0,"_jetpack_memberships_contains_paywalled_content":false,"_jetpack_memberships_contains_paid_content":false,"footnotes":"","jetpack_publicize_message":"","jetpack_publicize_feature_enabled":true,"jetpack_social_post_already_shared":true,"jetpack_social_options":{"image_generator_settings":{"template":"highway","default_image_id":0,"font":"","enabled":false},"version":2}},"categories":[656],"tags":[10066,8171,36833,54832],"class_list":["post-216773","post","type-post","status-publish","format-standard","has-post-thumbnail","hentry","category-kultur-sanat","tag-istanbulun","tag-sessiz","tag-surlar","tag-taniklari"],"jetpack_publicize_connections":[],"jetpack_featured_media_url":"https:\/\/i0.wp.com\/www.tvturk.com\/wp-content\/uploads\/2019\/10\/istanbulun-sessiz-taniklari-surlar_39bcaec.jpg?fit=1000%2C897","jetpack_sharing_enabled":true,"jetpack_shortlink":"https:\/\/wp.me\/paKIfm-Uol","_links":{"self":[{"href":"http:\/\/www.tvturk.com\/index.php\/wp-json\/wp\/v2\/posts\/216773","targetHints":{"allow":["GET"]}}],"collection":[{"href":"http:\/\/www.tvturk.com\/index.php\/wp-json\/wp\/v2\/posts"}],"about":[{"href":"http:\/\/www.tvturk.com\/index.php\/wp-json\/wp\/v2\/types\/post"}],"author":[{"embeddable":true,"href":"http:\/\/www.tvturk.com\/index.php\/wp-json\/wp\/v2\/users\/1"}],"replies":[{"embeddable":true,"href":"http:\/\/www.tvturk.com\/index.php\/wp-json\/wp\/v2\/comments?post=216773"}],"version-history":[{"count":0,"href":"http:\/\/www.tvturk.com\/index.php\/wp-json\/wp\/v2\/posts\/216773\/revisions"}],"wp:featuredmedia":[{"embeddable":true,"href":"http:\/\/www.tvturk.com\/index.php\/wp-json\/wp\/v2\/media\/216774"}],"wp:attachment":[{"href":"http:\/\/www.tvturk.com\/index.php\/wp-json\/wp\/v2\/media?parent=216773"}],"wp:term":[{"taxonomy":"category","embeddable":true,"href":"http:\/\/www.tvturk.com\/index.php\/wp-json\/wp\/v2\/categories?post=216773"},{"taxonomy":"post_tag","embeddable":true,"href":"http:\/\/www.tvturk.com\/index.php\/wp-json\/wp\/v2\/tags?post=216773"}],"curies":[{"name":"wp","href":"https:\/\/api.w.org\/{rel}","templated":true}]}}