{"id":216777,"date":"2019-10-18T10:16:47","date_gmt":"2019-10-18T07:16:47","guid":{"rendered":"http:\/\/www.tvturk.com\/index.php\/afyonkarahisarda-akillara-durgunluk-veren-olay\/"},"modified":"2019-10-18T10:16:47","modified_gmt":"2019-10-18T07:16:47","slug":"afyonkarahisarda-akillara-durgunluk-veren-olay","status":"publish","type":"post","link":"http:\/\/www.tvturk.com\/index.php\/afyonkarahisarda-akillara-durgunluk-veren-olay\/","title":{"rendered":"Afyonkarahisar\u2019da ak\u0131llara durgunluk veren olay"},"content":{"rendered":"<p>Afyonkarahisar\u2019da 8 ki\u015filik bir ailenin ba\u015f\u0131, son 1 ay i\u00e7erisinde esrarengiz bir \u015fekilde ba\u015flayan yang\u0131nlar ile dertte. Gittikleri her evde ve elbiselerinde \u00e7\u0131kan ani yang\u0131nlar sonras\u0131nda aile beldede istenmeyen ki\u015filer ilan edilirken kameralar \u00f6n\u00fcnde r\u00f6portaj verdikleri esnada da elbiseleri tutu\u015ftu.<\/p>\n<p>Afyonkarahisar\u2019\u0131n merkeze ba\u011fl\u0131 3 bin n\u00fcfuslu Beyyaz\u0131 Beldesi\u2019nde Fehmi G\u00fcm\u00fc\u015fta\u015f (51) ve 7 ki\u015filik ailesine ait evde, bundan 1 ay \u00f6nce mutfaktaki elektrik prizlerinden kaynakland\u0131\u011f\u0131 d\u00fc\u015f\u00fcn\u00fclen bir yang\u0131n \u00e7\u0131kt\u0131. Beyyaz\u0131 Beldesi \u0130tfaiye Ekipleri yang\u0131na m\u00fcdahale ederek alevleri k\u0131sa s\u00fcrede s\u00f6nd\u00fcrd\u00fc. Olay\u0131n ya\u015fand\u0131\u011f\u0131 gece ise hi\u00e7bir elektrik ba\u011flant\u0131s\u0131 bulunmayan evin hemen kenar\u0131ndaki samanl\u0131kta yine yang\u0131n meydana geldi. Yang\u0131n\u0131 belde halk\u0131 ile birlikte itfaiye ekipleri g\u00fc\u00e7l\u00fckle s\u00f6nd\u00fcrd\u00fc.<\/p>\n<p>Misafir olduklar\u0131 evin \u00e7at\u0131s\u0131 yand\u0131<\/p>\n<p>Olaydan iki g\u00fcn sonra Fehmi G\u00fcm\u00fc\u015fta\u015f\u2019\u0131n ayn\u0131 evde birlikte ya\u015fad\u0131\u011f\u0131 gelini Medine G\u00fcm\u00fc\u015fta\u015f\u2019\u0131n kulland\u0131\u011f\u0131 odas\u0131nda da bilinmeyen bir nedenden dolay\u0131 yang\u0131n \u00e7\u0131kt\u0131. \u0130tfaiye ekipleri ve kom\u015fular\u0131 yang\u0131n\u0131 yine m\u00fcdahale ederek s\u00f6nd\u00fcrd\u00fc. Daha sonra \u00e7\u0131kan yang\u0131nlardan dolay\u0131 ev, kullan\u0131lmaz hale gelerek y\u0131k\u0131ld\u0131. Bu durum \u00fczerine G\u00fcm\u00fc\u015fta\u015f ve ailesi k\u0131zlar\u0131n\u0131n evinde ya\u015famaya ba\u015flad\u0131. Yang\u0131nlarla ba\u015f\u0131 dertte olan ailenin ba\u015f\u0131na ayn\u0131 olay k\u0131zlar\u0131n\u0131n evinde de geldi. Aile, daha sonra ayn\u0131 g\u00fcn din g\u00f6revlisi olan bir akrabalar\u0131n\u0131n evinde misafir olarak kalmaya ba\u015flad\u0131. Tam bir g\u00fcn sonra ise misafir olduklar\u0131 evin \u00e7at\u0131s\u0131 yine esrarengiz bir \u015fekilde yand\u0131. Bu yang\u0131n da k\u0131sa s\u00fcrede s\u00f6nd\u00fcr\u00fcld\u00fc. Bu olay sonras\u0131 Beyyaz\u0131 Belediye Ba\u015fkan\u0131 As\u0131m Alt\u0131nta\u015f\u2019\u0131n iki adet konteyn\u0131r tedarik etmesi sonras\u0131nda aile belde merkezine uzak bir alanda ya\u015famaya ba\u015flad\u0131. \u00c7\u0131kan yang\u0131nlardan dolay\u0131 ailenin t\u00fcm e\u015fyalar\u0131 ve giysileri de kullan\u0131lmaz hale geldi.<\/p>\n<p>Kameralar\u0131n \u00f6n\u00fcnde gen\u00e7 kad\u0131n\u0131n elbisesi yand\u0131<\/p>\n<p>Ailenin sorunlar\u0131n\u0131 bas\u0131n mensuplar\u0131na anlatt\u0131\u011f\u0131 s\u0131rada ise gelin Medine G\u00fcm\u00fc\u015fta\u015f (30)\u2019\u0131n k\u0131yafetleri kameralar \u00f6n\u00fcnde bir anda yanmaya ba\u015flad\u0131. O anda yan\u0131nda olan gen\u00e7 k\u0131z, G\u00fcm\u00fc\u015fta\u015f\u2019\u0131n giysisini s\u00f6nd\u00fcrmeye \u00e7al\u0131\u015ft\u0131. Olaya baba ve anne Emine G\u00fcm\u00fc\u015fta\u015f da m\u00fcdahale ederek elbise s\u00f6nd\u00fcr\u00fcld\u00fc. Aile son 1 ay i\u00e7erisinde pe\u015flerini b\u0131rakmayan bu olaylar zincirinin ard\u0131ndan beldede istenmeyen ki\u015filer olarak an\u0131lmaya ba\u015fland\u0131. Aile hi\u00e7bir akrabas\u0131na misafirli\u011fe dahi gidemedi\u011fi gibi gece boyunca her an \u00e7\u0131kabilecek yang\u0131n korkusuyla n\u00f6bet tutuyor.<\/p>\n<p>\u201cEv yand\u0131\u011f\u0131 i\u00e7in y\u0131kt\u0131k\u201d<\/p>\n<p>Son 1 ay i\u00e7erisinde ya\u015fad\u0131klar\u0131 esrarengiz olay\u0131n \u015fokunu daha \u00fczerinden atamayan baba Fehmi G\u00fcm\u00fc\u015fta\u015f, ilk olarak kendi evlerinin yand\u0131\u011f\u0131n\u0131 belirtti. G\u00fcm\u00fc\u015fta\u015f, &#8220;Un evinde yar\u0131m saat ara ile iki defa prizlerden yang\u0131n meydana geldi. 3 g\u00fcn sonra mutfakta yang\u0131n \u00e7\u0131kt\u0131. Elektrik aksam\u0131 kesik oldu\u011fu halde buzdolab\u0131n\u0131n kendi kendine yanmaya ba\u015flad\u0131. Daha sonra ben sabah namaz\u0131na kadar bekledim ve namaz\u0131m\u0131 k\u0131ld\u0131m. Hi\u00e7 uyumad\u0131\u011f\u0131m i\u00e7in 10 dakika yatmak istedim. Bir anda g\u00f6zlerimi a\u00e7t\u0131m ve yan taraftaki samanl\u0131k tutu\u015fmu\u015f. \u0130tfaiye ekipleri ile kom\u015fular samanl\u0131\u011f\u0131 s\u00f6nd\u00fcrerek y\u0131kt\u0131lar. Orada her hangi bir elektrik aksam\u0131 bile yok. Yine bir g\u00fcn sonra gelin \u00e7ama\u015f\u0131r makinesinin fi\u015fini prize sokmaya \u00e7al\u0131\u015fm\u0131\u015f. Daha sonra gelinin yatak odas\u0131nda bir anda yang\u0131n meydana geldi. Yang\u0131n b\u00fcy\u00fcd\u00fc ve evimiz yand\u0131. Ev yand\u0131\u011f\u0131 i\u00e7in y\u0131kt\u0131k&#8221; dedi.<\/p>\n<p>\u201cSabaha kadar n\u00f6bet tutuyoruz\u201d<\/p>\n<p>Evlerinin yanmas\u0131n\u0131n ard\u0131ndan ye\u011feninin kendilerini yard\u0131m amac\u0131yla evine g\u00f6t\u00fcrd\u00fc\u011f\u00fcn\u00fc aktaran baba G\u00fcm\u00fc\u015fta\u015f, &#8220;Ye\u011fenimin evinde oturmaya ba\u015flad\u0131ktan 3 g\u00fcn sonra prizler yanmaya ba\u015flad\u0131. Bir de bakt\u0131k ki \u00e7at\u0131 tutu\u015ftu. Yang\u0131n s\u00f6nd\u00fcrme t\u00fcpleri vard\u0131. Onlarla \u00e7\u0131kt\u0131m. Ama s\u00f6nd\u00fcremedim. Kom\u015fularla itfaiye ekipleri yine s\u00f6nd\u00fcrd\u00fc. Hemen o olaydan 2 saat sonra k\u0131z\u0131m\u0131n evine gittik oturdu\u011fumuz odada yang\u0131n \u00e7\u0131kt\u0131. Gitti\u011fimiz yerde yang\u0131n \u00e7\u0131k\u0131yor. K\u0131z\u0131m\u0131n evinden sonra k\u00f6y odas\u0131na geldik. \u0130ki g\u00fcn sonra k\u00f6y odas\u0131 da yand\u0131. Ne yapaca\u011f\u0131z diye d\u00fc\u015f\u00fcn\u00fcrken Beyyaz\u0131 Belediye Ba\u015fkan\u0131m\u0131z bizim i\u00e7in iki tane konteyner getirdi. Ama biz burada sabaha kadar n\u00f6bet tutuyoruz. N\u00f6bet tutmasak sabaha kadar yanaca\u011f\u0131z. \u015eu ana kadar 3 ev, bir samanl\u0131k ve bir k\u00f6y odas\u0131 ile 5 yerde yang\u0131n \u00e7\u0131kt\u0131&#8221; dedi.<\/p>\n<p>\u201cM\u00fcdahale etmesek hem gelinimiz hem de ev yanacak\u201d<\/p>\n<p>Evlerin yan\u0131 s\u0131ra giydikleri giysilerinin de yand\u0131\u011f\u0131n\u0131 s\u00f6yleyen G\u00fcm\u00fc\u015fta\u015f, &#8220;Elbiselerimiz yan\u0131yor ve sabaha kadar n\u00f6bet tutuyoruz. Az \u00f6nce de g\u00f6rd\u00fcn\u00fcz. Gelinimin \u00fczerindeki elbisesi yand\u0131. Nas\u0131l oldu\u011funu bilmiyoruz. Ama oturdu\u011fu yerden bir anda yan\u0131yor. M\u00fcdahale etmesek hem gelinimiz hem de ev yanacak. K\u00f6yl\u00fc ba\u015f\u0131m\u0131za gelenlere inan\u0131yor. Ba\u015f\u0131m\u0131za gelen bu olayla ilgili \u0130stanbul\u2019a gittik. Salih Memi\u015fo\u011flu diye bir metafizik uzman\u0131na gittik. 3 g\u00fcn daha olaca\u011f\u0131n\u0131 s\u00f6yledi bize Memi\u015fo\u011flu ve kendisi de buraya gelece\u011fini s\u00f6yledi. Kimsenin evine gidemiyoruz. Akrabalar\u0131m\u0131z kabul etmiyor. Fakat ben onlardan \u00f6nce hay\u0131r diyorum. Gidemiyorum bir akrabam\u0131n evine. Evi ger\u00e7ekten yansa sebebi ben olaca\u011f\u0131m ve korkuyorum. Gitti\u011fimiz yer zaten yan\u0131yor. Biz 8 ki\u015fiyiz ve bir odada kal\u0131yoruz. Yetkililerden yard\u0131m bekliyoruz. Derdimize \u00e7are olsunlar. Giydi\u011fimiz k\u0131yafetleri bile ba\u015fkalar\u0131 veriyor. Hi\u00e7 bir \u015feyimiz kalmad\u0131. Her \u015feyimiz yand\u0131. Bir evimiz bile yok&#8221; diye konu\u015ftu.<\/p>\n<p>\u201c\u00c7ocuklar korkudan yan\u0131m\u0131zda bile yatam\u0131yor\u201d<\/p>\n<p>Ya\u015fad\u0131klar\u0131 olay\u0131n kendilerini y\u0131pratt\u0131\u011f\u0131n\u0131 g\u00f6z ya\u015flar\u0131 i\u00e7erisinde anlatan anne Emine G\u00fcm\u00fc\u015fta\u015f ise ilk olarak olaylar\u0131n evlerinin yanmas\u0131yla ba\u015flad\u0131\u011f\u0131n\u0131, daha sonra e\u015fyalar\u0131n yand\u0131\u011f\u0131n\u0131 ve \u015fimdi ise gelininin \u00fczerindeki elbiselerin yanmaya ba\u015flad\u0131\u011f\u0131n\u0131 s\u00f6yledi. Anne G\u00fcm\u00fc\u015fta\u015f  g\u00f6zya\u015flar\u0131n\u0131 tutamayarak \u015fu ifadelere yer verdi:<\/p>\n<p>&#8220;\u015eu an gelinimizin \u00fczerindeki elbiseler yan\u0131yor. G\u00f6r\u00fcrsek s\u00f6nd\u00fcr\u00fcyoruz. G\u00f6remez isek b\u00fcy\u00fck bir yang\u0131n \u00e7\u0131kabilir. Bu y\u00fczden uyumuyoruz s\u00fcrekli n\u00f6bet tutuyoruz. D\u00fcn gece gelinin k\u0131yafeti yan\u0131yordu. G\u00f6rmesek ev yanacakt\u0131. S\u0131ra ile n\u00f6bet tutuyoruz. Sadece aile olarak biz de\u011fil benim karde\u015flerim ve annem de n\u00f6bet tutuyor. Biz 1 ayd\u0131r b\u00f6yleyiz. Hi\u00e7 bir e\u015fyam\u0131z kalmad\u0131. E\u015f ve dost yard\u0131m ediyor. Devletimiz bize yard\u0131m etsin. Kendimiz i\u00e7in de\u011fil torunlar\u0131m\u0131z i\u00e7in. Ba\u015fka bir \u015fey istemiyorum. Ben parkta da yatar\u0131m \u00e7ad\u0131rda da yatar\u0131m. \u00c7ocuklar\u0131m korkudan yan\u0131m\u0131zda bile yatam\u0131yorlar.&#8221;<\/p>\n<p>\u201cAile kimsenin evine gidemiyor\u201d<\/p>\n<p>Kasaba halk\u0131n\u0131n G\u00fcm\u00fc\u015fta\u015f ailesinin ya\u015fad\u0131\u011f\u0131 olaydan dolay\u0131 tedirgin oldu\u011funu s\u00f6yleyen Belediye Ba\u015fkan\u0131 As\u0131m Alt\u0131nta\u015f ise, &#8220;Tedirginlikten dolay\u0131 aile ba\u015fka bir yak\u0131n\u0131n\u0131n veya belde halk\u0131n\u0131n evine gidemiyor. Belediye Ba\u015fkan\u0131 olarak ben de g\u00f6ndermiyorum. S\u00fcrekli bu ailenin yan\u0131nday\u0131m. Onlar i\u00e7in konteyner temin ettik. \u0130htiya\u00e7lar\u0131yla da birebir ilgileniyoruz. Valimize durumla ilgili bilgi verdik ve geli\u015fmelerle ilgili Valimize de bilgi veriyoruz. \u0130nan\u0131n ilk duydu\u011fumda ben de inanmad\u0131m ve elektrik te\u00e7hizat\u0131ndan \u015f\u00fcphelendim. \u0130lk zamanlar aile bile inanmad\u0131. \u0130kinci eve nakile kadar inanmad\u0131k. \u00dc\u00e7\u00fcnc\u00fc evde de ayn\u0131s\u0131 olunca aileyi konteynerlara naklettik ve aileyi burada bar\u0131nd\u0131r\u0131yoruz. \u0130n\u015fallah bu s\u00fcre\u00e7 3 veya 4 g\u00fcn i\u00e7erisinde bitecek. Salih Memi\u015fo\u011flu da konuyu takip ediyor&#8221; dedi.<\/p>\n","protected":false},"excerpt":{"rendered":"<p>AFYONKARAH\u0130SAR\u2019DA B\u0130R A\u0130LEN\u0130N EV\u0130NDE \u00c7IKAN YANGIN SONRASI BA\u015eLARI DERTTEN KURTULMAZKEN NEREYE G\u0130TSELER YANGIN FAC\u0130ASI PE\u015eLER\u0130N\u0130 BIRAKMADI. ADETA ESRARENG\u0130Z B\u0130R \u015eEK\u0130LDE S\u00dcREKL\u0130 KALDIKLARI EV VE G\u0130YS\u0130LER\u0130 YANMAYA BA\u015eLAYAN A\u0130LE OTURDUKLARI BELDEDE \u0130STENMEYEN K\u0130\u015e\u0130 \u0130LAN ED\u0130LD\u0130LER.<\/p>\n","protected":false},"author":1,"featured_media":216778,"comment_status":"closed","ping_status":"open","sticky":false,"template":"","format":"standard","meta":{"jetpack_post_was_ever_published":false,"_jetpack_newsletter_access":"","_jetpack_dont_email_post_to_subs":false,"_jetpack_newsletter_tier_id":0,"_jetpack_memberships_contains_paywalled_content":false,"_jetpack_memberships_contains_paid_content":false,"footnotes":"","jetpack_publicize_message":"","jetpack_publicize_feature_enabled":true,"jetpack_social_post_already_shared":true,"jetpack_social_options":{"image_generator_settings":{"template":"highway","default_image_id":0,"font":"","enabled":false},"version":2}},"categories":[1],"tags":[894,42824,37049,1793,5726],"class_list":["post-216777","post","type-post","status-publish","format-standard","has-post-thumbnail","hentry","category-genel","tag-afyonkarahisarda","tag-akillara","tag-durgunluk","tag-olay","tag-veren"],"jetpack_publicize_connections":[],"jetpack_featured_media_url":"https:\/\/i0.wp.com\/www.tvturk.com\/wp-content\/uploads\/2019\/10\/afyonkarahisarda-akillara-durgunluk-veren-olay_916108f.jpg?fit=1000%2C666","jetpack_sharing_enabled":true,"jetpack_shortlink":"https:\/\/wp.me\/paKIfm-Uop","_links":{"self":[{"href":"http:\/\/www.tvturk.com\/index.php\/wp-json\/wp\/v2\/posts\/216777","targetHints":{"allow":["GET"]}}],"collection":[{"href":"http:\/\/www.tvturk.com\/index.php\/wp-json\/wp\/v2\/posts"}],"about":[{"href":"http:\/\/www.tvturk.com\/index.php\/wp-json\/wp\/v2\/types\/post"}],"author":[{"embeddable":true,"href":"http:\/\/www.tvturk.com\/index.php\/wp-json\/wp\/v2\/users\/1"}],"replies":[{"embeddable":true,"href":"http:\/\/www.tvturk.com\/index.php\/wp-json\/wp\/v2\/comments?post=216777"}],"version-history":[{"count":0,"href":"http:\/\/www.tvturk.com\/index.php\/wp-json\/wp\/v2\/posts\/216777\/revisions"}],"wp:featuredmedia":[{"embeddable":true,"href":"http:\/\/www.tvturk.com\/index.php\/wp-json\/wp\/v2\/media\/216778"}],"wp:attachment":[{"href":"http:\/\/www.tvturk.com\/index.php\/wp-json\/wp\/v2\/media?parent=216777"}],"wp:term":[{"taxonomy":"category","embeddable":true,"href":"http:\/\/www.tvturk.com\/index.php\/wp-json\/wp\/v2\/categories?post=216777"},{"taxonomy":"post_tag","embeddable":true,"href":"http:\/\/www.tvturk.com\/index.php\/wp-json\/wp\/v2\/tags?post=216777"}],"curies":[{"name":"wp","href":"https:\/\/api.w.org\/{rel}","templated":true}]}}