{"id":216787,"date":"2019-10-18T10:32:21","date_gmt":"2019-10-18T07:32:21","guid":{"rendered":"http:\/\/www.tvturk.com\/index.php\/sener-senin-dogdugu-evin-hali-icler-acisi\/"},"modified":"2019-10-18T10:32:21","modified_gmt":"2019-10-18T07:32:21","slug":"sener-senin-dogdugu-evin-hali-icler-acisi","status":"publish","type":"post","link":"http:\/\/www.tvturk.com\/index.php\/sener-senin-dogdugu-evin-hali-icler-acisi\/","title":{"rendered":"\u015eener \u015een\u2019in do\u011fdu\u011fu evin hali i\u00e7ler ac\u0131s\u0131"},"content":{"rendered":"<p>\u00dcnl\u00fc tiyatro ve sinema oyuncusu \u015eener \u015een\u2019in 26 Aral\u0131k 1941 tarihinde Adana\u2019da d\u00fcnyaya geldi\u011fi ev, bak\u0131ms\u0131zl\u0131k nedeniyle y\u0131k\u0131lma tehlikesi alt\u0131nda. \u00c7at\u0131s\u0131 \u00e7\u00f6ken ve harabeye d\u00f6nen en az 100 y\u0131ll\u0131k ev i\u00e7in \u00e7evre esnaf\u0131, binan\u0131n restore edilerek k\u00fclt\u00fcr-sanat evi veya m\u00fczeye d\u00f6n\u00fc\u015ft\u00fcr\u00fclmesini istedi.<\/p>\n<p>Adana\u2019da marangozluktan sonra oyunculuk yapan ve 1989 y\u0131l\u0131nda beyin kanamas\u0131 nedeniyle \u0130stanbul\u2019da hayat\u0131n\u0131 kaybeden Ali \u015een\u2019in kendisi gibi oyuncu olan o\u011flu \u015eener \u015een\u2019in 26 Aral\u0131k 1941 tarihinde Seyhan il\u00e7esindeki Kuruk\u00f6pr\u00fc Mahallesi 33011. Sokak\u2019ta do\u011fdu\u011fu ev y\u0131k\u0131lma tehlikesiyle kar\u015f\u0131 kar\u015f\u0131ya kald\u0131. Osmanl\u0131-T\u00fcrk mimarisine sahip en az 100 y\u0131ll\u0131k oldu\u011fu de\u011ferlendirilen ev, \u015een ailesi taraf\u0131ndan 1951 y\u0131l\u0131nda sat\u0131ld\u0131ktan sonra i\u015f yeri olarak kullan\u0131ld\u0131. 6 y\u0131l \u00f6nce \u00e7\u0131kan yang\u0131n nedeniyle evin \u00e7at\u0131s\u0131 \u00e7\u00f6kt\u00fc ve ev sahipleri binay\u0131 koruma alt\u0131na al\u0131p kullan\u0131ma kapatt\u0131. Tarihi bina daha sonra ka\u011f\u0131t toplayanlar, uyu\u015fturucu madde kullanan \u015fah\u0131slar ve evsizlerin mekan\u0131 haline geldi. Harabeye d\u00f6nen ev g\u00fcn\u00fcm\u00fczde ise i\u00e7ine girilmez hale geldi.<\/p>\n<p>Esnaf restore edilmesini istiyor<\/p>\n<p>B\u00f6lgenin en eski esnaf\u0131 olan 77 ya\u015f\u0131ndaki terzi Selahattin Y\u0131lba\u015f\u0131, \u0130HA muhabirine evin tarihini anlatt\u0131. Binadan d\u00fc\u015fen par\u00e7alar nedeniyle park eden otomobillerin zarar g\u00f6rd\u00fc\u011f\u00fcn\u00fc belirten Y\u0131lba\u015f\u0131, \u201c1951 senesinde Ali \u015een, evi sat\u0131p gitmi\u015f. K\u00f6yl\u00fc vatanda\u015flar evi ald\u0131 ve oturmaya ba\u015flad\u0131lar. Ev 6 sene \u00f6nce yand\u0131, harabe \u015fekline d\u00f6nd\u00fc. Kimse oturmuyor evde. Ka\u011f\u0131t\u00e7\u0131lar, esrarc\u0131lar ve hap\u00e7\u0131lar geliyor eve. Y\u0131k\u0131lsa birisi \u00f6l\u00fcr. Arabalar\u0131n \u00fczerine ta\u015flar d\u00fc\u015f\u00fcyor. Bizim araban\u0131n \u00fczerine ta\u015f d\u00fc\u015ft\u00fc yukar\u0131dan. Belediyenin imkan\u0131 var. Yapt\u0131rs\u0131n, tarihe kazand\u0131rs\u0131n buray\u0131\u201d diye konu\u015ftu.<\/p>\n<p>\u201c\u015eener \u015een kendi an\u0131s\u0131na sahip \u00e7\u0131kmal\u0131\u201d<\/p>\n<p>Selim A\u011fa\u00e7dal\u0131 isimli vatanda\u015f ise, Adana Valili\u011fi ve Adana B\u00fcy\u00fck\u015fehir Belediyesinden \u00f6nce \u015eener \u015een\u2019in kendi an\u0131s\u0131na sahip \u00e7\u0131kmas\u0131 gerekti\u011fini ifade etti. A\u011fa\u00e7dal\u0131, \u201c\u015eener \u015een burada do\u011fmu\u015f. T\u00fcrk sinemas\u0131n\u0131n iki usta sanat\u00e7\u0131s\u0131n\u0131n eviymi\u015f buras\u0131. Tarihi bir de\u011feri var buran\u0131n. Bir\u00e7ok g\u00fczel an\u0131s\u0131n\u0131 \u015eener \u015een burada ge\u00e7irmi\u015ftir. Valilik ve belediyeden \u00f6nce \u015eener \u015een\u2019in kendi an\u0131s\u0131na sahip \u00e7\u0131kmas\u0131 gerekti\u011fini d\u00fc\u015f\u00fcn\u00fcyorum. Onun ya\u015fanm\u0131\u015fl\u0131klar\u0131 var burada\u201d dedi.<\/p>\n<p>Evin sergi veya k\u00fct\u00fcphaneye \u00e7evrilmesinin uygun olabilece\u011fini s\u00f6yleyen A\u011fa\u00e7dal\u0131, \u201cAdana B\u00fcy\u00fck\u015fehir Belediyesinin buray\u0131 usul\u00fcne uygun restore ettirmesi ve i\u00e7erisine sergi olu\u015fturmas\u0131 laz\u0131m. D\u0131\u015far\u0131dan gelen vatanda\u015flara tarihi yerler gezdirilirken buras\u0131 da T\u00fcrk sinemas\u0131 veya \u015eener \u015een\u2019in an\u0131s\u0131na deyip gezdirilebilir. K\u00fct\u00fcphaneye \u00e7evrilebilir. \u015eener \u015een\u2019in gelip an\u0131s\u0131na sayg\u0131 duymas\u0131n\u0131 rica ediyoruz. Bu tarihi de\u011ferin de eskiyip gitmesini i\u00e7imiz kald\u0131rm\u0131yor\u201d ifadelerini kulland\u0131.<\/p>\n","protected":false},"excerpt":{"rendered":"<p>ADANALI OYUNCU \u015eENER \u015eEN\u2019\u0130N 26 ARALIK 1941 TAR\u0130H\u0130NDE D\u00dcNYAYA GELD\u0130\u011e\u0130 EV, BAKIMSIZLIK NEDEN\u0130YLE YIKILMA TEHL\u0130KES\u0130 ALTINDA.<\/p>\n","protected":false},"author":1,"featured_media":216788,"comment_status":"closed","ping_status":"open","sticky":false,"template":"","format":"standard","meta":{"jetpack_post_was_ever_published":false,"_jetpack_newsletter_access":"","_jetpack_dont_email_post_to_subs":false,"_jetpack_newsletter_tier_id":0,"_jetpack_memberships_contains_paywalled_content":false,"_jetpack_memberships_contains_paid_content":false,"footnotes":"","jetpack_publicize_message":"","jetpack_publicize_feature_enabled":true,"jetpack_social_post_already_shared":true,"jetpack_social_options":{"image_generator_settings":{"template":"highway","default_image_id":0,"font":"","enabled":false},"version":2}},"categories":[1],"tags":[7681,18769,3298,5937,24403,20224,9373],"class_list":["post-216787","post","type-post","status-publish","format-standard","has-post-thumbnail","hentry","category-genel","tag-acisi","tag-dogdugu","tag-evin","tag-hali","tag-icler","tag-sener","tag-senin"],"jetpack_publicize_connections":[],"jetpack_featured_media_url":"https:\/\/i0.wp.com\/www.tvturk.com\/wp-content\/uploads\/2019\/10\/sener-senin-dogdugu-evin-hali-icler-acisi_c6d3e05.jpg?fit=1000%2C662","jetpack_sharing_enabled":true,"jetpack_shortlink":"https:\/\/wp.me\/paKIfm-Uoz","_links":{"self":[{"href":"http:\/\/www.tvturk.com\/index.php\/wp-json\/wp\/v2\/posts\/216787","targetHints":{"allow":["GET"]}}],"collection":[{"href":"http:\/\/www.tvturk.com\/index.php\/wp-json\/wp\/v2\/posts"}],"about":[{"href":"http:\/\/www.tvturk.com\/index.php\/wp-json\/wp\/v2\/types\/post"}],"author":[{"embeddable":true,"href":"http:\/\/www.tvturk.com\/index.php\/wp-json\/wp\/v2\/users\/1"}],"replies":[{"embeddable":true,"href":"http:\/\/www.tvturk.com\/index.php\/wp-json\/wp\/v2\/comments?post=216787"}],"version-history":[{"count":0,"href":"http:\/\/www.tvturk.com\/index.php\/wp-json\/wp\/v2\/posts\/216787\/revisions"}],"wp:featuredmedia":[{"embeddable":true,"href":"http:\/\/www.tvturk.com\/index.php\/wp-json\/wp\/v2\/media\/216788"}],"wp:attachment":[{"href":"http:\/\/www.tvturk.com\/index.php\/wp-json\/wp\/v2\/media?parent=216787"}],"wp:term":[{"taxonomy":"category","embeddable":true,"href":"http:\/\/www.tvturk.com\/index.php\/wp-json\/wp\/v2\/categories?post=216787"},{"taxonomy":"post_tag","embeddable":true,"href":"http:\/\/www.tvturk.com\/index.php\/wp-json\/wp\/v2\/tags?post=216787"}],"curies":[{"name":"wp","href":"https:\/\/api.w.org\/{rel}","templated":true}]}}