{"id":216809,"date":"2019-10-18T11:02:37","date_gmt":"2019-10-18T08:02:37","guid":{"rendered":"http:\/\/www.tvturk.com\/index.php\/minik-eller-yardim-icin-boyayacak\/"},"modified":"2019-10-18T11:02:37","modified_gmt":"2019-10-18T08:02:37","slug":"minik-eller-yardim-icin-boyayacak","status":"publish","type":"post","link":"http:\/\/www.tvturk.com\/index.php\/minik-eller-yardim-icin-boyayacak\/","title":{"rendered":"Minik eller yard\u0131m i\u00e7in boyayacak"},"content":{"rendered":"<p>Akasya ve Toplum G\u00f6n\u00fcll\u00fcleri Vakf\u0131, ger\u00e7ekle\u015ftirdikleri i\u015f birli\u011fi ile resim at\u00f6lyesi d\u00fczenliyor. T\u00fcm minik misafirlerin kat\u0131l\u0131m\u0131na a\u00e7\u0131k olan etkinlik \u00fccretsiz olarak ger\u00e7ekle\u015fecek.<\/p>\n<p>Toplumsal sorunlara fayda sa\u011flamak i\u00e7in \u00e7al\u0131\u015fan gen\u00e7lere destek veren Toplum G\u00f6n\u00fcll\u00fcleri Vakf\u0131 (TOG), Akasya ile s\u00fcrpriz bir proje geli\u015ftiriyor. Proje kapsam\u0131nda t\u00fcm \u00e7ocuklar\u0131n kat\u0131l\u0131m\u0131na a\u00e7\u0131k olarak resim at\u00f6lyesi d\u00fczenlenecek. Akasya\u2019da 19 Ekim-10 Kas\u0131m tarihleri aras\u0131nda her hafta sonu ger\u00e7ekle\u015fecek at\u00f6lyede her ya\u015ftan \u00e7ocuk g\u00f6n\u00fcllerince resim yapabilecek ve onlara ebeveynleri de e\u015flik edecek.<\/p>\n<p>Kat\u0131l\u0131mc\u0131 \u00e7ocuklar\u0131n \u00e7izdi\u011fi resimler gelecek d\u00f6nemde \u00f6zel bir proje i\u00e7in de de\u011ferlendirilece\u011fi belirtilirken, t\u00fcm misafirler etkinlik alan\u0131 ve Akasya i\u00e7erisindeki ba\u011f\u0131\u015f noktalar\u0131ndan TOG\u2019a destek de verebilecek.<\/p>\n","protected":false},"excerpt":{"rendered":"<p>AKASYA VE TOPLUM G\u00d6N\u00dcLL\u00dcLER\u0130 VAKFI, GER\u00c7EKLE\u015eT\u0130RD\u0130KLER\u0130 \u0130\u015e B\u0130RL\u0130\u011e\u0130 \u0130LE RES\u0130M AT\u00d6LYES\u0130 D\u00dcZENL\u0130YOR<\/p>\n","protected":false},"author":1,"featured_media":216810,"comment_status":"closed","ping_status":"open","sticky":false,"template":"","format":"standard","meta":{"jetpack_post_was_ever_published":false,"_jetpack_newsletter_access":"","_jetpack_dont_email_post_to_subs":false,"_jetpack_newsletter_tier_id":0,"_jetpack_memberships_contains_paywalled_content":false,"_jetpack_memberships_contains_paid_content":false,"footnotes":"","jetpack_publicize_message":"","jetpack_publicize_feature_enabled":true,"jetpack_social_post_already_shared":true,"jetpack_social_options":{"image_generator_settings":{"template":"highway","default_image_id":0,"font":"","enabled":false},"version":2}},"categories":[1],"tags":[54844,6489,44,1636,1736],"class_list":["post-216809","post","type-post","status-publish","format-standard","has-post-thumbnail","hentry","category-genel","tag-boyayacak","tag-eller","tag-icin","tag-minik","tag-yardim"],"jetpack_publicize_connections":[],"jetpack_featured_media_url":"https:\/\/i0.wp.com\/www.tvturk.com\/wp-content\/uploads\/2019\/10\/minik-eller-yardim-icin-boyayacak_5320fa4.jpg?fit=1000%2C714","jetpack_sharing_enabled":true,"jetpack_shortlink":"https:\/\/wp.me\/paKIfm-UoV","_links":{"self":[{"href":"http:\/\/www.tvturk.com\/index.php\/wp-json\/wp\/v2\/posts\/216809","targetHints":{"allow":["GET"]}}],"collection":[{"href":"http:\/\/www.tvturk.com\/index.php\/wp-json\/wp\/v2\/posts"}],"about":[{"href":"http:\/\/www.tvturk.com\/index.php\/wp-json\/wp\/v2\/types\/post"}],"author":[{"embeddable":true,"href":"http:\/\/www.tvturk.com\/index.php\/wp-json\/wp\/v2\/users\/1"}],"replies":[{"embeddable":true,"href":"http:\/\/www.tvturk.com\/index.php\/wp-json\/wp\/v2\/comments?post=216809"}],"version-history":[{"count":0,"href":"http:\/\/www.tvturk.com\/index.php\/wp-json\/wp\/v2\/posts\/216809\/revisions"}],"wp:featuredmedia":[{"embeddable":true,"href":"http:\/\/www.tvturk.com\/index.php\/wp-json\/wp\/v2\/media\/216810"}],"wp:attachment":[{"href":"http:\/\/www.tvturk.com\/index.php\/wp-json\/wp\/v2\/media?parent=216809"}],"wp:term":[{"taxonomy":"category","embeddable":true,"href":"http:\/\/www.tvturk.com\/index.php\/wp-json\/wp\/v2\/categories?post=216809"},{"taxonomy":"post_tag","embeddable":true,"href":"http:\/\/www.tvturk.com\/index.php\/wp-json\/wp\/v2\/tags?post=216809"}],"curies":[{"name":"wp","href":"https:\/\/api.w.org\/{rel}","templated":true}]}}