{"id":216823,"date":"2019-10-18T11:17:36","date_gmt":"2019-10-18T08:17:36","guid":{"rendered":"http:\/\/www.tvturk.com\/index.php\/basaksehirin-konugu-goztepe\/"},"modified":"2019-10-18T11:17:36","modified_gmt":"2019-10-18T08:17:36","slug":"basaksehirin-konugu-goztepe","status":"publish","type":"post","link":"http:\/\/www.tvturk.com\/index.php\/basaksehirin-konugu-goztepe\/","title":{"rendered":"Ba\u015fak\u015fehir\u2019in konu\u011fu G\u00f6ztepe"},"content":{"rendered":"<p>Medipol Ba\u015fak\u015fehir, S\u00fcper Lig\u2019in 8. haftas\u0131nda G\u00f6ztepe\u2019yi konuk edecek. \u0130ki tak\u0131m, bu m\u00fccadeleyle birlikte lig tarihinde 5. defa kar\u015f\u0131 kar\u015f\u0131ya gelmi\u015f olacak.<\/p>\n<p>S\u00fcper Lig\u2019in 8. haftas\u0131nda Ba\u015fak\u015fehir, evinde G\u00f6ztepe ile kar\u015f\u0131la\u015facak. Bu m\u00fccadele \u00f6ncesi turuncu-lacivertliler, geride kalan 7 ma\u00e7ta 3 galibiyet, 2 beraberlik ve 2 ma\u011flubiyet alarak 11 puanla 6. s\u0131rada bulunurken, \u0130zmir temsilcisi ise 2 galibiyet, 3 beraberlik, 2 ma\u011flubiyet sonucu toplad\u0131\u011f\u0131 9 puanla 11. basamakta yer al\u0131yor.<\/p>\n<p>Ligde 5. randevu<\/p>\n<p>Ba\u015fak\u015fehir ile G\u00f6ztepe bug\u00fcne kadar lig tarihinde 4 defa birbirlerine rakip oldu. Bu m\u00fcsabakalar\u0131n 3\u2019\u00fcn\u00fc \u0130stanbul ekibi kazan\u0131rken, 1 ma\u00e7ta ise g\u00fclen sar\u0131-k\u0131rm\u0131z\u0131l\u0131lar oldu.<\/p>\n<p>S\u00f6z konusu kar\u015f\u0131la\u015fmalarda Ba\u015fak\u015fehir\u2019in att\u0131\u011f\u0131 6 gole, G\u00f6ztepe 3 golle kar\u015f\u0131l\u0131k verdi.<\/p>\n<p>Visca belirsiz, Aleksic yok<\/p>\n<p>2020 Avrupa \u015eampiyonas\u0131 Elemeleri\u2019nde Bosna Hersek\u2019in, Finlandiya\u2019y\u0131 4-1 yendi\u011fi m\u00fccadelenin 18. dakikas\u0131nda sakatlanarak oyundan \u00e7\u0131kan Edin Visca\u2019n\u0131n durumu belirsizli\u011fini koruyor. Tecr\u00fcbeli futbolcunun sahada olup olmayaca\u011f\u0131na ma\u00e7 saatinde karar verilecekken, omzunda sakatl\u0131\u011f\u0131 bulunan Danijel Aleksic ise G\u00f6ztepe\u2019ye kar\u015f\u0131 forma giyemeyecek.<\/p>\n<p>D\u00fcd\u00fck U\u011furlu\u2019da<\/p>\n<p>Yar\u0131n saat 17.30\u2019da Fatih Terim Stadyumu\u2019nda oynanacak Ba\u015fak\u015fehir-G\u00f6ztepe ma\u00e7\u0131nda Ya\u015far Kemal U\u011furlu d\u00fcd\u00fck \u00e7alacak. U\u011furlu\u2019nun yard\u0131mc\u0131l\u0131klar\u0131n\u0131 Mehmet K\u0131sal ve Serkan \u00c7imen yapacak.<\/p>\n","protected":false},"excerpt":{"rendered":"<p>MED\u0130POL BA\u015eAK\u015eEH\u0130R, S\u00dcPER L\u0130G&#8217;\u0130N 8. HAFTASINDA G\u00d6ZTEPE&#8217;Y\u0130 KONUK EDECEK. \u0130K\u0130 TAKIM, BU M\u00dcCADELEYLE B\u0130RL\u0130KTE L\u0130G TAR\u0130H\u0130NDE 5. DEFA KAR\u015eI KAR\u015eIYA GELM\u0130\u015e OLACAK.<\/p>\n","protected":false},"author":1,"featured_media":216824,"comment_status":"closed","ping_status":"open","sticky":false,"template":"","format":"standard","meta":{"jetpack_post_was_ever_published":false,"_jetpack_newsletter_access":"","_jetpack_dont_email_post_to_subs":false,"_jetpack_newsletter_tier_id":0,"_jetpack_memberships_contains_paywalled_content":false,"_jetpack_memberships_contains_paid_content":false,"footnotes":"","jetpack_publicize_message":"","jetpack_publicize_feature_enabled":true,"jetpack_social_post_already_shared":true,"jetpack_social_options":{"image_generator_settings":{"template":"highway","default_image_id":0,"font":"","enabled":false},"version":2}},"categories":[657],"tags":[17710,2633,7542],"class_list":["post-216823","post","type-post","status-publish","format-standard","has-post-thumbnail","hentry","category-spor","tag-basaksehirin","tag-goztepe","tag-konugu"],"jetpack_publicize_connections":[],"jetpack_featured_media_url":"https:\/\/i0.wp.com\/www.tvturk.com\/wp-content\/uploads\/2019\/10\/basaksehirin-konugu-goztepe_c87e4b5.jpg?fit=1000%2C723","jetpack_sharing_enabled":true,"jetpack_shortlink":"https:\/\/wp.me\/paKIfm-Up9","_links":{"self":[{"href":"http:\/\/www.tvturk.com\/index.php\/wp-json\/wp\/v2\/posts\/216823","targetHints":{"allow":["GET"]}}],"collection":[{"href":"http:\/\/www.tvturk.com\/index.php\/wp-json\/wp\/v2\/posts"}],"about":[{"href":"http:\/\/www.tvturk.com\/index.php\/wp-json\/wp\/v2\/types\/post"}],"author":[{"embeddable":true,"href":"http:\/\/www.tvturk.com\/index.php\/wp-json\/wp\/v2\/users\/1"}],"replies":[{"embeddable":true,"href":"http:\/\/www.tvturk.com\/index.php\/wp-json\/wp\/v2\/comments?post=216823"}],"version-history":[{"count":0,"href":"http:\/\/www.tvturk.com\/index.php\/wp-json\/wp\/v2\/posts\/216823\/revisions"}],"wp:featuredmedia":[{"embeddable":true,"href":"http:\/\/www.tvturk.com\/index.php\/wp-json\/wp\/v2\/media\/216824"}],"wp:attachment":[{"href":"http:\/\/www.tvturk.com\/index.php\/wp-json\/wp\/v2\/media?parent=216823"}],"wp:term":[{"taxonomy":"category","embeddable":true,"href":"http:\/\/www.tvturk.com\/index.php\/wp-json\/wp\/v2\/categories?post=216823"},{"taxonomy":"post_tag","embeddable":true,"href":"http:\/\/www.tvturk.com\/index.php\/wp-json\/wp\/v2\/tags?post=216823"}],"curies":[{"name":"wp","href":"https:\/\/api.w.org\/{rel}","templated":true}]}}