{"id":216825,"date":"2019-10-18T11:17:42","date_gmt":"2019-10-18T08:17:42","guid":{"rendered":"http:\/\/www.tvturk.com\/index.php\/kartal-baskentte-galibiyet-ariyor\/"},"modified":"2019-10-18T11:17:42","modified_gmt":"2019-10-18T08:17:42","slug":"kartal-baskentte-galibiyet-ariyor","status":"publish","type":"post","link":"http:\/\/www.tvturk.com\/index.php\/kartal-baskentte-galibiyet-ariyor\/","title":{"rendered":"Kartal, Ba\u015fkent\u2019te galibiyet ar\u0131yor"},"content":{"rendered":"<p>S\u00fcper Lig\u2019in 8. haftas\u0131nda Ankarag\u00fcc\u00fc deplasman\u0131nda boy g\u00f6sterecek olan Be\u015fikta\u015f, Ba\u015fkent\u2019ten galibiyetle d\u00f6nmenin hesaplar\u0131n\u0131 yap\u0131yor. Ancak zorlu ma\u00e7 \u00f6ncesinde siyah-beyazl\u0131lardaki eksikler dikkat \u00e7ekiyor.<\/p>\n<p>S\u00fcper Lig\u2019in 8. haftas\u0131nda Ankarag\u00fcc\u00fc ile deplasmanda kar\u015f\u0131 kar\u015f\u0131ya gelecek olan Be\u015fikta\u015f\u2019ta Teknik Direkt\u00f6r Abdullah Avc\u0131, ma\u00e7 kadrosunu belirledi. 21 ki\u015filik kadroda sakatl\u0131klar\u0131 bulunan G\u00f6khan G\u00f6n\u00fcl, Victor Ruiz ve O\u011fuzhan \u00d6zyakup yer almad\u0131. Cezas\u0131n\u0131 tamamlayan Elneny ise bu ma\u00e7ta forma giyebilecek. Zorlu deplasman \u00f6ncesinde Abdullah Avc\u0131, Ankarag\u00fcc\u00fc ma\u00e7\u0131 i\u00e7in bir\u00e7ok alternatif kadro belirledi. Son lig ma\u00e7\u0131nda Diaby ve Lens\u2019in olumlu performanslar\u0131 deneyimli \u00e7al\u0131\u015ft\u0131r\u0131c\u0131n\u0131n y\u00fcz\u00fcn\u00fc g\u00fcld\u00fcr\u00fcrken, Alanya kar\u015f\u0131s\u0131nda bekleneni veremeyen ancak S\u0131rbistan Milli Tak\u0131m\u0131\u2019nda ba\u015far\u0131l\u0131 performans sergileyen Adem Ljajic\u2019in bu m\u00fccadelede ilk 11\u2019de olmas\u0131 bekleniyor.<\/p>\n<p>Hen\u00fcz puan alamad\u0131<\/p>\n<p>Be\u015fikta\u015f bu sezon deplasman ma\u00e7lar\u0131nda hen\u00fcz puan alamad\u0131. Siya-beyazl\u0131 tak\u0131m, geride kalan 3 d\u0131\u015f saha m\u00fccadelesinde Sivasspor\u2019a 3-0, Gaziantep FK\u2019ya 3-2 ve Trabzonspor\u2019a 4-1 ma\u011flup oldu. Be\u015fikta\u015f, bu ma\u00e7larda kalesinde 10 gol g\u00f6r\u00fcrken, rakip filelere ise yaln\u0131zca 3 gol att\u0131. Deplasman \u015fanss\u0131zl\u0131\u011f\u0131n\u0131 k\u0131rmak isteyen siyah-beyazl\u0131lar, son ma\u00e7ta lider Alanyaspor kar\u015f\u0131s\u0131nda al\u0131nan 2-0\u2019l\u0131k galibiyetle, Ba\u015fkent\u2019e moralli gidiyor. Alanyaspor galibiyetinin ard\u0131ndan zirve yar\u0131\u015f\u0131ndaki rakipleriyle aras\u0131ndaki puan fark\u0131n\u0131 da azaltmay\u0131 ba\u015faran Kara Kartal, bu ma\u00e7\u0131 kazanarak yoluna kay\u0131ps\u0131z devam etmenin hesaplar\u0131 i\u00e7inde. Bug\u00fcne kadar Ankarag\u00fcc\u00fc ile 122 kez kar\u015f\u0131 kar\u015f\u0131ya gelen siyah-beyazl\u0131lar, bu ma\u00e7lar\u0131n 83\u2019\u00fcnden galibiyetle ayr\u0131lmay\u0131 ba\u015fard\u0131. Ankarag\u00fcc\u00fc 13 kez kazan\u0131rken, 26 m\u00fccadele ise beraberlikle sonu\u00e7land\u0131.<\/p>\n<p>\u0130ki ekip, Ankara\u2019da ise 60. kez kar\u015f\u0131 kar\u015f\u0131ya gelecek. Bug\u00fcne kadar oynanan 59 m\u00fcsabakada Be\u015fikta\u015f 30 galibiyet al\u0131rken, Ankarag\u00fcc\u00fc de 11 ma\u00e7ta sahadan mutlu ayr\u0131ld\u0131. 18 kar\u015f\u0131la\u015fma ise beraberlikle sonu\u00e7land\u0131. Eryaman Stad\u0131\u2019nda yar\u0131n saat 20.00\u2019de ba\u015flayacak olan kar\u015f\u0131la\u015fmay\u0131 Ali \u015eansalan y\u00f6netecek. \u015eansalan\u2019\u0131n yard\u0131mc\u0131l\u0131klar\u0131n\u0131 Kemal Y\u0131lmaz ve \u0130smail \u015eencan yapacak.<\/p>\n<p>Siyah-beyazl\u0131lar\u0131n Ankara\u2019da sahaya \u00e7\u0131kmas\u0131 beklenen muhtemel 11\u2019i \u015fu \u015fekilde:<\/p>\n<p>&#8220;Karius &#8211; Douglas, Vida, Necip (Roco), Caner &#8211; Elneny, Atiba, Diaby, Ljajic, Lens &#8211; Burak Y\u0131lmaz.&#8221;<\/p>\n<p>Kamp kadrosu<\/p>\n<p>Be\u015fikta\u015f\u2019\u0131n 21 ki\u015filik Ankara kafilesinde ise \u015fu isimler bulunuyor:<\/p>\n<p>&#8220;Loris Karius, Utku Yuvakuran, Douglas Santos, Erdo\u011fan Kaya, Enzo Roco, Domagoj Vida, Caner Erkin, Pedro Rebocho, Necip Uysal, Atiba Hutchinson, Mohamed Elneny, Muhayer Oktay, Kartal Kayra Y\u0131lmaz, Adem Ljajic, Orkan \u00c7\u0131nar, Tyler Boyd, Jeremain Lens, Abdoulay Diaby, G\u00fcven Yal\u00e7\u0131n, Umut Nayir, Burak Y\u0131lmaz.&#8221;<\/p>\n","protected":false},"excerpt":{"rendered":"<p>S\u00dcPER L\u0130G\u2019\u0130N 8. HAFTASINDA ANKARAG\u00dcC\u00dc DEPLASMANINDA BOY G\u00d6STERECEK OLAN BE\u015e\u0130KTA\u015e, BA\u015eKENT\u2019TEN GAL\u0130B\u0130YETLE D\u00d6NMEN\u0130N HESAPLARINI YAPIYOR. ANCAK ZORLU MA\u00c7 \u00d6NCES\u0130NDE S\u0130YAH-BEYAZLILARDAK\u0130 EKS\u0130KLER D\u0130KKAT \u00c7EK\u0130YOR.<\/p>\n","protected":false},"author":1,"featured_media":216826,"comment_status":"closed","ping_status":"open","sticky":false,"template":"","format":"standard","meta":{"jetpack_post_was_ever_published":false,"_jetpack_newsletter_access":"","_jetpack_dont_email_post_to_subs":false,"_jetpack_newsletter_tier_id":0,"_jetpack_memberships_contains_paywalled_content":false,"_jetpack_memberships_contains_paid_content":false,"footnotes":"","jetpack_publicize_message":"","jetpack_publicize_feature_enabled":true,"jetpack_social_post_already_shared":true,"jetpack_social_options":{"image_generator_settings":{"template":"highway","default_image_id":0,"font":"","enabled":false},"version":2}},"categories":[657],"tags":[8362,5434,4176,4914],"class_list":["post-216825","post","type-post","status-publish","format-standard","has-post-thumbnail","hentry","category-spor","tag-ariyor","tag-baskentte","tag-galibiyet","tag-kartal"],"jetpack_publicize_connections":[],"jetpack_featured_media_url":"https:\/\/i0.wp.com\/www.tvturk.com\/wp-content\/uploads\/2019\/10\/kartal-baskentte-galibiyet-ariyor_2be1c60.jpg?fit=1000%2C780","jetpack_sharing_enabled":true,"jetpack_shortlink":"https:\/\/wp.me\/paKIfm-Upb","_links":{"self":[{"href":"http:\/\/www.tvturk.com\/index.php\/wp-json\/wp\/v2\/posts\/216825","targetHints":{"allow":["GET"]}}],"collection":[{"href":"http:\/\/www.tvturk.com\/index.php\/wp-json\/wp\/v2\/posts"}],"about":[{"href":"http:\/\/www.tvturk.com\/index.php\/wp-json\/wp\/v2\/types\/post"}],"author":[{"embeddable":true,"href":"http:\/\/www.tvturk.com\/index.php\/wp-json\/wp\/v2\/users\/1"}],"replies":[{"embeddable":true,"href":"http:\/\/www.tvturk.com\/index.php\/wp-json\/wp\/v2\/comments?post=216825"}],"version-history":[{"count":0,"href":"http:\/\/www.tvturk.com\/index.php\/wp-json\/wp\/v2\/posts\/216825\/revisions"}],"wp:featuredmedia":[{"embeddable":true,"href":"http:\/\/www.tvturk.com\/index.php\/wp-json\/wp\/v2\/media\/216826"}],"wp:attachment":[{"href":"http:\/\/www.tvturk.com\/index.php\/wp-json\/wp\/v2\/media?parent=216825"}],"wp:term":[{"taxonomy":"category","embeddable":true,"href":"http:\/\/www.tvturk.com\/index.php\/wp-json\/wp\/v2\/categories?post=216825"},{"taxonomy":"post_tag","embeddable":true,"href":"http:\/\/www.tvturk.com\/index.php\/wp-json\/wp\/v2\/tags?post=216825"}],"curies":[{"name":"wp","href":"https:\/\/api.w.org\/{rel}","templated":true}]}}