{"id":216833,"date":"2019-10-18T11:32:20","date_gmt":"2019-10-18T08:32:20","guid":{"rendered":"http:\/\/www.tvturk.com\/index.php\/suriyeye-polis-ozel-hareket-takviyesi\/"},"modified":"2019-10-18T11:32:20","modified_gmt":"2019-10-18T08:32:20","slug":"suriyeye-polis-ozel-hareket-takviyesi","status":"publish","type":"post","link":"http:\/\/www.tvturk.com\/index.php\/suriyeye-polis-ozel-hareket-takviyesi\/","title":{"rendered":"Suriye\u2019ye Polis \u00d6zel Hareket takviyesi"},"content":{"rendered":"<p>Kilis\u2019ten Suriye\u2019ye F\u0131rat Kalkan\u0131 b\u00f6lgesinde g\u00f6rev yapmak \u00fczere Polis \u00d6zel Harekat timleri ile ara\u00e7lar\u0131 g\u00f6nderildi.<\/p>\n<p>Gaziantep \u00fczerinden gelen Polis \u00d6zel Harekat timleri may\u0131na dayan\u0131kl\u0131 z\u0131rhl\u0131 ara\u00e7larla Kilis \u00fczerinden \u00d6nc\u00fcp\u0131nar S\u0131n\u0131r Kap\u0131s\u0131\u2019ndan ge\u00e7ti. \u00d6zel Harekat polisleri, F\u0131rat Kalkan\u0131 b\u00f6lgesinde bulunan Azez\u2019e gitti.<\/p>\n","protected":false},"excerpt":{"rendered":"<p>K\u0130L\u0130S\u2019TEN FIRAT KALKANI B\u00d6LGES\u0130NDE G\u00d6REV YAPMAK \u0130\u00c7\u0130N POL\u0130S \u00d6ZEL HAREKAT T\u0130MLER\u0130 \u0130LE ARA\u00c7LARI G\u00d6NDER\u0130LD\u0130.<\/p>\n","protected":false},"author":1,"featured_media":216834,"comment_status":"closed","ping_status":"open","sticky":false,"template":"","format":"standard","meta":{"jetpack_post_was_ever_published":false,"_jetpack_newsletter_access":"","_jetpack_dont_email_post_to_subs":false,"_jetpack_newsletter_tier_id":0,"_jetpack_memberships_contains_paywalled_content":false,"_jetpack_memberships_contains_paid_content":false,"footnotes":"","jetpack_publicize_message":"","jetpack_publicize_feature_enabled":true,"jetpack_social_post_already_shared":true,"jetpack_social_options":{"image_generator_settings":{"template":"highway","default_image_id":0,"font":"","enabled":false},"version":2}},"categories":[1],"tags":[1073,1614,996,853,30612],"class_list":["post-216833","post","type-post","status-publish","format-standard","has-post-thumbnail","hentry","category-genel","tag-ozel","tag-hareket","tag-polis","tag-suriyeye","tag-takviyesi"],"jetpack_publicize_connections":[],"jetpack_featured_media_url":"https:\/\/i0.wp.com\/www.tvturk.com\/wp-content\/uploads\/2019\/10\/suriyeye-polis-ozel-hareket-takviyesi_0c6d175.jpg?fit=1000%2C563","jetpack_sharing_enabled":true,"jetpack_shortlink":"https:\/\/wp.me\/paKIfm-Upj","_links":{"self":[{"href":"http:\/\/www.tvturk.com\/index.php\/wp-json\/wp\/v2\/posts\/216833","targetHints":{"allow":["GET"]}}],"collection":[{"href":"http:\/\/www.tvturk.com\/index.php\/wp-json\/wp\/v2\/posts"}],"about":[{"href":"http:\/\/www.tvturk.com\/index.php\/wp-json\/wp\/v2\/types\/post"}],"author":[{"embeddable":true,"href":"http:\/\/www.tvturk.com\/index.php\/wp-json\/wp\/v2\/users\/1"}],"replies":[{"embeddable":true,"href":"http:\/\/www.tvturk.com\/index.php\/wp-json\/wp\/v2\/comments?post=216833"}],"version-history":[{"count":0,"href":"http:\/\/www.tvturk.com\/index.php\/wp-json\/wp\/v2\/posts\/216833\/revisions"}],"wp:featuredmedia":[{"embeddable":true,"href":"http:\/\/www.tvturk.com\/index.php\/wp-json\/wp\/v2\/media\/216834"}],"wp:attachment":[{"href":"http:\/\/www.tvturk.com\/index.php\/wp-json\/wp\/v2\/media?parent=216833"}],"wp:term":[{"taxonomy":"category","embeddable":true,"href":"http:\/\/www.tvturk.com\/index.php\/wp-json\/wp\/v2\/categories?post=216833"},{"taxonomy":"post_tag","embeddable":true,"href":"http:\/\/www.tvturk.com\/index.php\/wp-json\/wp\/v2\/tags?post=216833"}],"curies":[{"name":"wp","href":"https:\/\/api.w.org\/{rel}","templated":true}]}}