{"id":216863,"date":"2019-10-18T12:17:02","date_gmt":"2019-10-18T09:17:02","guid":{"rendered":"http:\/\/www.tvturk.com\/index.php\/ato-faaliyetlerini-sosyal-sorumluluk-calismalariyla-taclandiriyor\/"},"modified":"2019-10-18T12:17:02","modified_gmt":"2019-10-18T09:17:02","slug":"ato-faaliyetlerini-sosyal-sorumluluk-calismalariyla-taclandiriyor","status":"publish","type":"post","link":"http:\/\/www.tvturk.com\/index.php\/ato-faaliyetlerini-sosyal-sorumluluk-calismalariyla-taclandiriyor\/","title":{"rendered":"ATO faaliyetlerini sosyal sorumluluk \u00e7al\u0131\u015fmalar\u0131yla ta\u00e7land\u0131r\u0131yor"},"content":{"rendered":"<p>Ba\u015fkent\u2019in ticari ya\u015fam\u0131n\u0131 geli\u015ftirmek i\u00e7in \u00e7ok say\u0131da projeye imza atan Ankara Ticaret Odas\u0131 (ATO) sosyal sorumluluk \u00e7al\u0131\u015fmalar\u0131 kapsam\u0131nda da faaliyetlerini s\u00fcrd\u00fcr\u00fcyor. ATO Y\u00f6netim Kurulu Ba\u015fkan\u0131 G\u00fcrsel Baran, ATO meslek komitelerinin giyim ve g\u0131da yard\u0131m\u0131 yapt\u0131\u011f\u0131 Saray Engelsiz Ya\u015fam Bak\u0131m ve Rehabilitasyon merkezini ziyaret ederek, merkez sakinleriyle yak\u0131ndan ilgilendi.<\/p>\n<p>ATO Ba\u015fkan\u0131 Baran, ATO Ba\u015fkan Yard\u0131mc\u0131s\u0131 Temel Aktay ve Y\u00f6netim Kurulu \u00dcyesi Nuh Acar\u2019la birlikte Aile, \u00c7al\u0131\u015fma ve Sosyal Hizmetler Bakanl\u0131\u011f\u0131\u2019n\u0131n Pursaklar\u2019da bulunan Saray Engelsiz Ya\u015fam, Bak\u0131m ve Rehabilitasyon Merkezi\u2019ni ziyaret etti.<\/p>\n<p>Baran ve beraberindeki heyet, Saray Engelsiz Ya\u015fam Bak\u0131m ve Rehabilitasyon Merkezi M\u00fcd\u00fcr\u00fc Bekir Demiry\u0131lmaz ve yard\u0131mc\u0131s\u0131 Sercan Bozdemir\u2019den merkez hakk\u0131nda bilgi ald\u0131. Her ya\u015ftan ruhsal, fiziksel, zihinsel engelli bireylerin rehabilite edildi\u011fi merkezde;  Ah\u015fap Boyama, A\u011fa\u00e7 \u0130\u015fleri, Batik, Bilgisayar, Dokuma, El Sanatlar\u0131, Galo\u015f, Meyve Sabunculu\u011fu, Oyuncak, Resim, Seramik, Tak\u0131 ve Aksesuar at\u00f6lyelerinin yer ald\u0131\u011f\u0131 \u0130\u015f ve Me\u015fguliyet At\u00f6lyelerini gezen Baran, at\u00f6lyelerde e\u011fitim alan merkez sakinleriyle de tek tek ilgilendi.<\/p>\n<p>Baran, T\u00fcrkiye\u2019nin bir sosyal devlet oldu\u011funu belirterek, engelli bireylerin devlet korumas\u0131 alt\u0131nda g\u00fcvende, sa\u011fl\u0131kl\u0131 ve sosyal bir ya\u015fama sahip oldu\u011funu kaydetti. Rehabilitasyon merkezlerinin \u00f6nemine dikkat \u00e7eken ve bu konudaki ba\u015far\u0131l\u0131 \u00e7al\u0131\u015fmalar\u0131 nedeniyle Aile, \u00c7al\u0131\u015fma ve Sosyal Hizmetler Bakanl\u0131\u011f\u0131\u2019n\u0131 kutlayan Baran, \u201cSosyal devlet anlay\u0131\u015f\u0131n\u0131n kuvvetli yans\u0131malar\u0131 olan rehabilitasyon merkezleri, \u00f6zel \u00e7ocuklar\u0131m\u0131za umut oluyor. Onlar i\u00e7in sa\u011flanan bu k\u0131ymetli imk\u00e2nlar bireylere ve ailelere destek verirken, \u00fclkemizin gelece\u011fi i\u00e7in de umut oluyor\u201d diye konu\u015ftu.<\/p>\n<p>ATO\u2019dan sosyal sorumluluk deste\u011fi<\/p>\n<p>\u00c7al\u0131\u015fmalar\u0131n\u0131 sosyal sorumluluk projeleriyle de ta\u00e7land\u0131ran Ankara Ticaret Odas\u0131, Saray Engelsiz Ya\u015fam Bak\u0131m ve Rehabilitasyon Merkezi seramik at\u00f6lyesine, seramik yap\u0131m\u0131nda kullan\u0131lmak \u00fczere bir merdane makinesi hediye ederken, ATO\u2019nun Konfeksiyon, Haz\u0131r Giyim, Triko Meslek Komitesi Meclis \u00dcyeleri Hayati Akbaba ve Mehmet \u00dcnsal merkez sakinlerine giysi yard\u0131m\u0131, ATO Y\u00f6netim Kurulu \u00dcyesi Mehmet Fatih \u00c7etinkaya ise g\u0131da yard\u0131m\u0131nda bulundu.<\/p>\n<p>Rehabilitasyon merkezine ger\u00e7ekle\u015ftirilen ziyarette Baran\u2019a, Aile, \u00c7al\u0131\u015fma ve Sosyal Hizmetler Bakanl\u0131\u011f\u0131 Ankara \u0130l M\u00fcd\u00fcr Yard\u0131mc\u0131s\u0131 Fatih Kocur da e\u015flik etti.<\/p>\n","protected":false},"excerpt":{"rendered":"<p>BA\u015eKENT\u2019\u0130N T\u0130CAR\u0130 YA\u015eAMINI GEL\u0130\u015eT\u0130RMEK \u0130\u00c7\u0130N \u00c7OK SAYIDA PROJEYE \u0130MZA ATAN ANKARA T\u0130CARET ODASI (ATO) SOSYAL SORUMLULUK \u00c7ALI\u015eMALARI KAPSAMINDA DA \u00c7ALI\u015eMA YAPMAYI S\u00dcRD\u00dcR\u00dcYOR.<\/p>\n","protected":false},"author":1,"featured_media":216864,"comment_status":"closed","ping_status":"open","sticky":false,"template":"","format":"standard","meta":{"jetpack_post_was_ever_published":false,"_jetpack_newsletter_access":"","_jetpack_dont_email_post_to_subs":false,"_jetpack_newsletter_tier_id":0,"_jetpack_memberships_contains_paywalled_content":false,"_jetpack_memberships_contains_paid_content":false,"footnotes":"","jetpack_publicize_message":"","jetpack_publicize_feature_enabled":true,"jetpack_social_post_already_shared":true,"jetpack_social_options":{"image_generator_settings":{"template":"highway","default_image_id":0,"font":"","enabled":false},"version":2}},"categories":[1],"tags":[1940,32998,42711,11243,1229,39139],"class_list":["post-216863","post","type-post","status-publish","format-standard","has-post-thumbnail","hentry","category-genel","tag-ato","tag-calismalariyla","tag-faaliyetlerini","tag-sorumluluk","tag-sosyal","tag-taclandiriyor"],"jetpack_publicize_connections":[],"jetpack_featured_media_url":"https:\/\/i0.wp.com\/www.tvturk.com\/wp-content\/uploads\/2019\/10\/ato-faaliyetlerini-sosyal-sorumluluk-calismalariyla-taclandiriyor_279ebbf.jpg?fit=1000%2C666","jetpack_sharing_enabled":true,"jetpack_shortlink":"https:\/\/wp.me\/paKIfm-UpN","_links":{"self":[{"href":"http:\/\/www.tvturk.com\/index.php\/wp-json\/wp\/v2\/posts\/216863","targetHints":{"allow":["GET"]}}],"collection":[{"href":"http:\/\/www.tvturk.com\/index.php\/wp-json\/wp\/v2\/posts"}],"about":[{"href":"http:\/\/www.tvturk.com\/index.php\/wp-json\/wp\/v2\/types\/post"}],"author":[{"embeddable":true,"href":"http:\/\/www.tvturk.com\/index.php\/wp-json\/wp\/v2\/users\/1"}],"replies":[{"embeddable":true,"href":"http:\/\/www.tvturk.com\/index.php\/wp-json\/wp\/v2\/comments?post=216863"}],"version-history":[{"count":0,"href":"http:\/\/www.tvturk.com\/index.php\/wp-json\/wp\/v2\/posts\/216863\/revisions"}],"wp:featuredmedia":[{"embeddable":true,"href":"http:\/\/www.tvturk.com\/index.php\/wp-json\/wp\/v2\/media\/216864"}],"wp:attachment":[{"href":"http:\/\/www.tvturk.com\/index.php\/wp-json\/wp\/v2\/media?parent=216863"}],"wp:term":[{"taxonomy":"category","embeddable":true,"href":"http:\/\/www.tvturk.com\/index.php\/wp-json\/wp\/v2\/categories?post=216863"},{"taxonomy":"post_tag","embeddable":true,"href":"http:\/\/www.tvturk.com\/index.php\/wp-json\/wp\/v2\/tags?post=216863"}],"curies":[{"name":"wp","href":"https:\/\/api.w.org\/{rel}","templated":true}]}}