{"id":216881,"date":"2019-10-18T12:32:34","date_gmt":"2019-10-18T09:32:34","guid":{"rendered":"http:\/\/www.tvturk.com\/index.php\/turkiye-gonullu-tesekkuller-vakfindan-baris-pinari-harekatina-destek\/"},"modified":"2019-10-18T12:32:34","modified_gmt":"2019-10-18T09:32:34","slug":"turkiye-gonullu-tesekkuller-vakfindan-baris-pinari-harekatina-destek","status":"publish","type":"post","link":"http:\/\/www.tvturk.com\/index.php\/turkiye-gonullu-tesekkuller-vakfindan-baris-pinari-harekatina-destek\/","title":{"rendered":"T\u00fcrkiye G\u00f6n\u00fcll\u00fc Te\u015fekk\u00fcller Vakf\u0131\u2019ndan Bar\u0131\u015f P\u0131nar\u0131 Harekat\u0131\u2019na destek"},"content":{"rendered":"<p>T\u00fcrkiye G\u00f6n\u00fcll\u00fc Te\u015fekk\u00fcller Vakf\u0131, Bar\u0131\u015f P\u0131nar\u0131 Harekat\u0131\u2019na verdi\u011fi deste\u011fi d\u00fczenledi\u011fi bas\u0131n toplant\u0131s\u0131yla a\u00e7\u0131klad\u0131. Toplant\u0131 sonunda vak\u0131f \u00fcyeleri asker selam\u0131 vererek Mehmet\u00e7iklere deste\u011fini g\u00f6sterdi.<\/p>\n<p>T\u00fcrkiye\u2019nin g\u00fcney s\u0131n\u0131r\u0131nda ger\u00e7ekle\u015ftirdi\u011fi Bar\u0131\u015f P\u0131nar\u0131 Harekat\u0131\u2019na her kesimden destek devam ediyor. T\u00fcrkiye G\u00f6n\u00fcll\u00fc Te\u015fekk\u00fcller Vakf\u0131 da \u015ei\u015fli\u2019de bir otelde ger\u00e7ekle\u015ftirilen bas\u0131n toplant\u0131s\u0131yla harekata destek verdi\u011fini a\u00e7\u0131klad\u0131. T\u00fcrkiye G\u00f6n\u00fcll\u00fc Te\u015fekk\u00fcller Vakf\u0131 Y\u00f6netim ve \u0130cra Kurulu Ba\u015fkan\u0131 Avukat Hamza Akbulut, yapt\u0131\u011f\u0131 a\u00e7\u0131klamada vak\u0131f olarak Mehmet\u00e7i\u011fin yan\u0131nda olduklar\u0131n\u0131 belirtti. Akbulut, T\u00fcrkiye\u2019nin amac\u0131n\u0131n s\u0131n\u0131r\u0131n\u0131 korumak ve Suriyeli m\u00fclteciler i\u00e7in g\u00fcvenli b\u00f6lge olu\u015fturmak oldu\u011funa dikkat \u00e7ekti. Bas\u0131n a\u00e7\u0131klamas\u0131 sonras\u0131 ise vak\u0131f \u00fcyeleri hep birlikte asker selam\u0131 vererek Mehmet\u00e7iklere deste\u011fini g\u00f6sterdi.<\/p>\n<p>\u201cAma\u00e7 oldu\u011fu gibi s\u0131n\u0131rlar\u0131m\u0131z\u0131 korumak\u201d<\/p>\n<p>Vak\u0131f olarak harekata destek verdiklerini ifade eden T\u00fcrkiye G\u00f6n\u00fcll\u00fc Te\u015fekk\u00fcller Vakf\u0131 Y\u00f6netim ve \u0130cra Kurulu Ba\u015fkan\u0131 Avukat Hamza Akbulut, \u201cOrdumuz zaman\u0131ndan \u00f6nce \u00e7ok erken bir zafer kazand\u0131 dolay\u0131s\u0131yla diplomatik nezaket kurallar\u0131na uymayan o mektuba da Cumhurba\u015fkan\u0131m\u0131z dirayetini g\u00f6stererek en g\u00fczel cevab\u0131 ordumuzun hareketiyle vermi\u015f oldu. B\u00f6lgemiz ate\u015ften bir \u00e7ember haline gelmi\u015ftir. Son 8 y\u0131lda kom\u015fumuz Suriye\u2019de 1 milyondan fazla insan i\u00e7 sava\u015f sebebiyle \u00f6lm\u00fc\u015f, 4 milyona yak\u0131n muhacir \u00fclkemize s\u0131\u011f\u0131nm\u0131\u015ft\u0131r. \u00dclkemiz Suriye kaynakl\u0131 ter\u00f6re maruz kalm\u0131\u015f, y\u00fczlerce sivil vatanda\u015f\u0131m\u0131z hayat\u0131n\u0131 kaybetmi\u015ftir. Suriye s\u0131n\u0131r\u0131ndan \u00fclkemize \u00e7ok say\u0131da ter\u00f6r sald\u0131r\u0131s\u0131 olmu\u015ftur. Devletimizi y\u0131kmak ve par\u00e7alamak \u00fczerine planlar yap\u0131lm\u0131\u015f ve ad\u0131mlar at\u0131lm\u0131\u015ft\u0131r. Dost bildi\u011fimiz \u00fclkeler bizi ter\u00f6r \u00f6rg\u00fct\u00fcyle ba\u015f ba\u015fa b\u0131rakm\u0131\u015flar ve onlara bayraklar\u0131n\u0131 kullanma hakk\u0131n\u0131 bile vermi\u015flerdir. Halk\u0131n\u0131n deste\u011fini almadan i\u015f ba\u015f\u0131nda olan baz\u0131 \u0130slam \u00fclkeleri y\u00f6neticilerinin T\u00fcrkiye aleyhtarl\u0131\u011f\u0131n\u0131 anlamak da m\u00fcmk\u00fcn de\u011fildir. Onlar ba\u015fkalar\u0131n\u0131n kuklas\u0131d\u0131r. T\u00fcrkiye ne tarihinde ne de bug\u00fcn hi\u00e7bir s\u00f6m\u00fcrgeci ama\u00e7 pe\u015finde olmam\u0131\u015ft\u0131r. Ama\u00e7 F\u0131rat Kalkan\u0131 ve Zeytindal\u0131 Harekat\u0131nda oldu\u011fu gibi s\u0131n\u0131rlar\u0131m\u0131z\u0131 korumak, Suriyeli siviller i\u00e7in g\u00fcvenli b\u00f6lge olu\u015fturmakt\u0131r\u201d diye konu\u015ftu.<\/p>\n<p>\u201cVatanda\u015flar ve sivil kurulu\u015flar olarak destek olmal\u0131y\u0131z\u201d<\/p>\n<p>Herkesi Bar\u0131\u015f P\u0131nar\u0131 Harekat\u0131\u2019na destek olmaya \u00e7a\u011f\u0131ran Akbulut, \u201cBaz\u0131lar\u0131 ordumuza ve Suriye milli ordusuna dil uzatmaktad\u0131r. Ama\u00e7 ordumuzu zay\u0131flatmakt\u0131r. ABD\u2019ye bir \u015fey demeyenler T\u00fcrkiye\u2019ye dil uzat\u0131p ordumuzu y\u0131pratmak istemektedir. ABD ter\u00f6ristlere binlerce t\u0131r silah vermi\u015f, onlar\u0131 e\u011fitmi\u015ftir. Devletimiz g\u00fcvenli\u011fimiz, \u00f6zg\u00fcrl\u00fc\u011f\u00fcm\u00fcz i\u00e7in her t\u00fcrl\u00fc ad\u0131m\u0131 atm\u0131\u015ft\u0131r. Vatanda\u015flar ve sivil kurulu\u015flar olarak destek olmal\u0131y\u0131z bug\u00fcnler siyasi hesaplar\u0131n yap\u0131laca\u011f\u0131 g\u00fcnler de\u011fildir. Her t\u00fcrl\u00fc zorlu\u011fu, ambargoyu ve sald\u0131r\u0131y\u0131  milli dayan\u0131\u015fmayla yenecek g\u00fc\u00e7teyiz.  Korku tuzak ve tehditle kendi i\u00e7ine hapsedilen \u0130slam alemi in\u015fallah Bar\u0131\u015f P\u0131nar\u0131 zaferiyle vurulan prangalar\u0131 s\u00f6k\u00fcp atacakt\u0131r. TGTV, \u00fcyeleriyle birlikte bu harekat\u0131 desteklemektedir. Kahraman ordumuzun, devletimizi teslim edem Cumhurba\u015fkan\u0131m\u0131z\u0131n yan\u0131ndad\u0131r. Emperyalist g\u00fc\u00e7lerle sava\u015fan ordumuzun muzaffer olaca\u011f\u0131na inanc\u0131m\u0131z tamd\u0131r\u201d dedi.<\/p>\n","protected":false},"excerpt":{"rendered":"<p>T\u00dcRK\u0130YE G\u00d6N\u00dcLL\u00dc TE\u015eEKK\u00dcLLER VAKFI, BARI\u015e PINARI HAREKATI\u2019NA VERD\u0130\u011e\u0130 DESTE\u011e\u0130 D\u00dcZENLED\u0130\u011e\u0130 BASIN TOPLANTISIYLA A\u00c7IKLADI. TOPLANTI SONUNDA VAKIF \u00dcYELER\u0130 ASKER SELAMI VEREREK MEHMET\u00c7\u0130KLERE DESTE\u011e\u0130N\u0130 G\u00d6STERD\u0130.<\/p>\n","protected":false},"author":1,"featured_media":216882,"comment_status":"closed","ping_status":"open","sticky":false,"template":"","format":"standard","meta":{"jetpack_post_was_ever_published":false,"_jetpack_newsletter_access":"","_jetpack_dont_email_post_to_subs":false,"_jetpack_newsletter_tier_id":0,"_jetpack_memberships_contains_paywalled_content":false,"_jetpack_memberships_contains_paid_content":false,"footnotes":"","jetpack_publicize_message":"","jetpack_publicize_feature_enabled":true,"jetpack_social_post_already_shared":true,"jetpack_social_options":{"image_generator_settings":{"template":"highway","default_image_id":0,"font":"","enabled":false},"version":2}},"categories":[1],"tags":[4256,61,1121,31321,53832,54857,453,4752],"class_list":["post-216881","post","type-post","status-publish","format-standard","has-post-thumbnail","hentry","category-genel","tag-baris","tag-destek","tag-gonullu","tag-harekatina","tag-pinari","tag-tesekkuller","tag-turkiye","tag-vakfindan"],"jetpack_publicize_connections":[],"jetpack_featured_media_url":"https:\/\/i0.wp.com\/www.tvturk.com\/wp-content\/uploads\/2019\/10\/turkiye-gonullu-tesekkuller-vakfindan-baris-pinari-harekatina-destek_2be1c60.jpg?fit=1000%2C666","jetpack_sharing_enabled":true,"jetpack_shortlink":"https:\/\/wp.me\/paKIfm-Uq5","_links":{"self":[{"href":"http:\/\/www.tvturk.com\/index.php\/wp-json\/wp\/v2\/posts\/216881","targetHints":{"allow":["GET"]}}],"collection":[{"href":"http:\/\/www.tvturk.com\/index.php\/wp-json\/wp\/v2\/posts"}],"about":[{"href":"http:\/\/www.tvturk.com\/index.php\/wp-json\/wp\/v2\/types\/post"}],"author":[{"embeddable":true,"href":"http:\/\/www.tvturk.com\/index.php\/wp-json\/wp\/v2\/users\/1"}],"replies":[{"embeddable":true,"href":"http:\/\/www.tvturk.com\/index.php\/wp-json\/wp\/v2\/comments?post=216881"}],"version-history":[{"count":0,"href":"http:\/\/www.tvturk.com\/index.php\/wp-json\/wp\/v2\/posts\/216881\/revisions"}],"wp:featuredmedia":[{"embeddable":true,"href":"http:\/\/www.tvturk.com\/index.php\/wp-json\/wp\/v2\/media\/216882"}],"wp:attachment":[{"href":"http:\/\/www.tvturk.com\/index.php\/wp-json\/wp\/v2\/media?parent=216881"}],"wp:term":[{"taxonomy":"category","embeddable":true,"href":"http:\/\/www.tvturk.com\/index.php\/wp-json\/wp\/v2\/categories?post=216881"},{"taxonomy":"post_tag","embeddable":true,"href":"http:\/\/www.tvturk.com\/index.php\/wp-json\/wp\/v2\/tags?post=216881"}],"curies":[{"name":"wp","href":"https:\/\/api.w.org\/{rel}","templated":true}]}}