{"id":216905,"date":"2019-10-18T13:03:25","date_gmt":"2019-10-18T10:03:25","guid":{"rendered":"http:\/\/www.tvturk.com\/index.php\/yeni-malatyaspor-kaldigi-yerden-devam-etmek-istiyor\/"},"modified":"2019-10-18T13:03:25","modified_gmt":"2019-10-18T10:03:25","slug":"yeni-malatyaspor-kaldigi-yerden-devam-etmek-istiyor","status":"publish","type":"post","link":"http:\/\/www.tvturk.com\/index.php\/yeni-malatyaspor-kaldigi-yerden-devam-etmek-istiyor\/","title":{"rendered":"Yeni Malatyaspor kald\u0131\u011f\u0131 yerden devam etmek istiyor"},"content":{"rendered":"<p>Yeni Malatyaspor Bas\u0131n S\u00f6zc\u00fcs\u00fc Hakk\u0131 \u00c7elikel, milli aradan sonra lige galibiyetle ba\u015flamak istediklerini kaydederek, \u201cLigi en son Denizli galibiyetiyle noktalam\u0131\u015ft\u0131k. \u015eimdi \u00f6n\u00fcm\u00fczde Konya ma\u00e7\u0131 var. Milli aran\u0131n ard\u0131ndan lige galibiyetle ba\u015flamak istiyoruz\u201d dedi.<\/p>\n<p>Tak\u0131mdaki son durum ve Konyaspor ma\u00e7\u0131yla ilgili \u0130HA\u2019ya konu\u015fan Hakk\u0131 \u00c7elikel, lige galibiyetle ba\u015flamak istediklerini s\u00f6yledi.<\/p>\n<p>\u201cHer \u015feye ra\u011fmen ba\u015far\u0131l\u0131y\u0131z\u201d<\/p>\n<p>Milli aray\u0131 iyi ge\u00e7irdiklerini belirten \u00c7elikel, \u201cLigde geride kalan 7 hafta sonunda 10 puana sahibiz. Tabi daha iyisini de yapabilirdik. Ama bence her \u015feye ra\u011fmen ba\u015far\u0131l\u0131y\u0131z. Tak\u0131m\u0131m\u0131z\u0131n performans\u0131ndan memnunuz. Sahada keyif veren, galibiyeti d\u00fc\u015f\u00fcnen bir tak\u0131m izliyoruz. Milli arada sakatl\u0131klar\u0131ndan dolay\u0131 tak\u0131mdan uzak kalan oyuncular\u0131m\u0131z tak\u0131mla \u00e7al\u0131\u015fma f\u0131rsat\u0131 yakalad\u0131. Bu anlamda lige daha g\u00fc\u00e7l\u00fc ba\u015flayaca\u011f\u0131m\u0131z\u0131 d\u00fc\u015f\u00fcn\u00fcyorum. \u00d6n\u00fcm\u00fczdeki Konya ma\u00e7\u0131n\u0131 kazan\u0131p iyi gidi\u015fat\u0131m\u0131z\u0131 s\u00fcrd\u00fcrmek istiyoruz\u201d dedi.<\/p>\n<p>\u201cHedefimiz bu sezon da Avrupa kupalar\u0131na kat\u0131labilmek\u201d<\/p>\n<p>\u00c7elikel, bu sezon ligdeki hedefleriyle ilgili ise, &#8220;Hedefimiz ge\u00e7en sezon oldu\u011fu gibi bu sezon da Avrupa kupalar\u0131na kat\u0131labilmek. Bu kalite ve g\u00fcce sahip bir tak\u0131m\u0131z. Hem bu kez daha tecr\u00fcbeliyiz. E\u011fer kal\u0131rsak daha iyi i\u015fler yapaca\u011f\u0131m\u0131z\u0131 d\u00fc\u015f\u00fcn\u00fcyorum. Biz yeter ki camia olarak birlik i\u00e7erisinde olal\u0131m gerisi kendili\u011finden gelir zaten&#8221; diye konu\u015ftu.<\/p>\n","protected":false},"excerpt":{"rendered":"<p>YEN\u0130 MALATYASPOR BASIN S\u00d6ZC\u00dcS\u00dc HAKKI \u00c7EL\u0130KEL, M\u0130LL\u0130 ARADAN SONRA L\u0130GE GAL\u0130B\u0130YETLE BA\u015eLAMAK \u0130STED\u0130KLER\u0130N\u0130 KAYDEDEREK, \u201cL\u0130G\u0130 EN SON DEN\u0130ZL\u0130 GAL\u0130B\u0130YET\u0130YLE NOKTALAMI\u015eTIK. \u015e\u0130MD\u0130 \u00d6N\u00dcM\u00dcZDE KONYA MA\u00c7I VAR. M\u0130LL\u0130 ARANIN ARDINDAN L\u0130GE GAL\u0130B\u0130YETLE BA\u015eLAMAK \u0130ST\u0130YORUZ\u201d DED\u0130.<\/p>\n","protected":false},"author":1,"featured_media":216906,"comment_status":"closed","ping_status":"open","sticky":false,"template":"","format":"standard","meta":{"jetpack_post_was_ever_published":false,"_jetpack_newsletter_access":"","_jetpack_dont_email_post_to_subs":false,"_jetpack_newsletter_tier_id":0,"_jetpack_memberships_contains_paywalled_content":false,"_jetpack_memberships_contains_paid_content":false,"footnotes":"","jetpack_publicize_message":"","jetpack_publicize_feature_enabled":true,"jetpack_social_post_already_shared":true,"jetpack_social_options":{"image_generator_settings":{"template":"highway","default_image_id":0,"font":"","enabled":false},"version":2}},"categories":[657],"tags":[522,1737,99,6400,528,87,8891],"class_list":["post-216905","post","type-post","status-publish","format-standard","has-post-thumbnail","hentry","category-spor","tag-devam","tag-etmek","tag-istiyor","tag-kaldigi","tag-malatyaspor","tag-yeni","tag-yerden"],"jetpack_publicize_connections":[],"jetpack_featured_media_url":"https:\/\/i0.wp.com\/www.tvturk.com\/wp-content\/uploads\/2019\/10\/yeni-malatyaspor-kaldigi-yerden-devam-etmek-istiyor_8d03fe9.jpg?fit=957%2C852","jetpack_sharing_enabled":true,"jetpack_shortlink":"https:\/\/wp.me\/paKIfm-Uqt","_links":{"self":[{"href":"http:\/\/www.tvturk.com\/index.php\/wp-json\/wp\/v2\/posts\/216905","targetHints":{"allow":["GET"]}}],"collection":[{"href":"http:\/\/www.tvturk.com\/index.php\/wp-json\/wp\/v2\/posts"}],"about":[{"href":"http:\/\/www.tvturk.com\/index.php\/wp-json\/wp\/v2\/types\/post"}],"author":[{"embeddable":true,"href":"http:\/\/www.tvturk.com\/index.php\/wp-json\/wp\/v2\/users\/1"}],"replies":[{"embeddable":true,"href":"http:\/\/www.tvturk.com\/index.php\/wp-json\/wp\/v2\/comments?post=216905"}],"version-history":[{"count":0,"href":"http:\/\/www.tvturk.com\/index.php\/wp-json\/wp\/v2\/posts\/216905\/revisions"}],"wp:featuredmedia":[{"embeddable":true,"href":"http:\/\/www.tvturk.com\/index.php\/wp-json\/wp\/v2\/media\/216906"}],"wp:attachment":[{"href":"http:\/\/www.tvturk.com\/index.php\/wp-json\/wp\/v2\/media?parent=216905"}],"wp:term":[{"taxonomy":"category","embeddable":true,"href":"http:\/\/www.tvturk.com\/index.php\/wp-json\/wp\/v2\/categories?post=216905"},{"taxonomy":"post_tag","embeddable":true,"href":"http:\/\/www.tvturk.com\/index.php\/wp-json\/wp\/v2\/tags?post=216905"}],"curies":[{"name":"wp","href":"https:\/\/api.w.org\/{rel}","templated":true}]}}