{"id":216981,"date":"2019-10-18T15:17:15","date_gmt":"2019-10-18T12:17:15","guid":{"rendered":"http:\/\/www.tvturk.com\/index.php\/sabitem-egitim-alaninda-turkiye-1incisi-oldu\/"},"modified":"2019-10-18T15:17:15","modified_gmt":"2019-10-18T12:17:15","slug":"sabitem-egitim-alaninda-turkiye-1incisi-oldu","status":"publish","type":"post","link":"http:\/\/www.tvturk.com\/index.php\/sabitem-egitim-alaninda-turkiye-1incisi-oldu\/","title":{"rendered":"SAB\u0130TEM \u2018e\u011fitim\u2019 alan\u0131nda T\u00fcrkiye 1\u2019incisi oldu"},"content":{"rendered":"<p>Samsun \u0130tfaiye E\u011fitim Merkezi (SAB\u0130TEM), mesle\u011fin daha bilinir ve sevilir hale getirilmesi ve toplumun bilin\u00e7lendirilmesi amac\u0131yla ba\u015flatt\u0131\u011f\u0131 e\u011fitim \u00e7al\u0131\u015fmalar\u0131yla Ankara ve \u0130stanbul\u2019u da geride b\u0131rakarak \u00fclke genelinde 1\u2019inci s\u0131rada yer ald\u0131.<\/p>\n<p>Son y\u0131llarda toplumun bilin\u00e7lendirilmesi \u00e7al\u0131\u015fmalar\u0131yla verdi\u011fi \u00f6nem ile dikkatleri \u00e7eken Samsun B\u00fcy\u00fck\u015fehir Belediyesi \u0130tfaiye Daire Ba\u015fkanl\u0131\u011f\u0131, b\u00fcnyesinde yer alan SAB\u0130TEM ile kamu kurum ve kurulu\u015flar\u0131n\u0131, \u00f6zel sekt\u00f6r\u00fc ve halk\u0131 bilgilendiriyor. Daire ba\u015fkanl\u0131\u011f\u0131 ayr\u0131ca kurdu\u011fu \u00c7ocuk Kul\u00fcb\u00fc ile de anaokulu \u00f6\u011frencilerini hem e\u011fitiyor hem de e\u011flendiriyor.<\/p>\n<p>\u00d6zellikle anaokulu \u00f6\u011frencilerine itfaiyecili\u011fin sevdirilmesi ve meslek ile ilgili temel bilgilerin erken ya\u015fta \u00f6\u011frenilmesi amac\u0131yla kurulan Samsun \u0130tfaiyesi \u00c7ocuk Kul\u00fcb\u00fc, \u00e7al\u0131\u015fmalar\u0131na h\u0131z kesmeden devam ediyor. Kul\u00fcbe gelen \u00e7ocuklar itfaiyeci k\u0131yafetleri giyerek olu\u015fturulan dershanede k\u0131sa e\u011fitimlerden ge\u00e7iriliyor. Miniklere bu e\u011fitimlerde, maket yang\u0131n s\u00f6nd\u00fcrme mod\u00fcl\u00fcne suyla ve s\u00f6nd\u00fcrme t\u00fcp\u00fcyle nas\u0131l m\u00fcdahale edebilecekleri \u00f6\u011fretiliyor.<\/p>\n<p>\u0130l genelindeki anaokullar\u0131ndan her g\u00fcn 2-3 s\u0131n\u0131f\u0131 a\u011f\u0131rlayan \u00c7ocuk Kul\u00fcb\u00fc\u2019nde minik itfaiyecilere ayr\u0131ca yang\u0131n an\u0131nda nas\u0131l davranacaklar\u0131, uyuyan anne ve babalar\u0131n\u0131 nas\u0131l uyand\u0131racaklar\u0131, yang\u0131n \u00e7\u0131kmamas\u0131 i\u00e7in gaz, priz ve mumla oynamamalar\u0131 gerekti\u011fi de \u00f6\u011fretiliyor. \u00dclke genelindeki \u00e7ocuk e\u011fitim merkezleri aras\u0131nda en \u00e7ok e\u011fitim veren kul\u00fcp olan Samsun \u0130tfaiyesi \u00c7ocuk Kul\u00fcb\u00fc\u2019nde ne\u015feli ve heyecanl\u0131 anlar ya\u015fayan minikler, e\u011fitimler sonunda boyama kitab\u0131 ve Samsun B\u00fcy\u00fck\u015fehir Belediye Ba\u015fkan\u0131 Mustafa Demir imzal\u0131 sertifika ile \u00f6d\u00fcllendiriliyor.<\/p>\n<p>1 y\u0131lda 40 bin ki\u015fiye ula\u015f\u0131ld\u0131<\/p>\n<p>\u0130tfaiye Daire Ba\u015fkanl\u0131\u011f\u0131 yetkilileri, SAB\u0130TEM olarak seminer ve konferans taleplerine de cevap verdiklerini belirterek, &#8220;Bu kapsamda sadece ge\u00e7en y\u0131l 40 bin ki\u015fi, d\u00fczenledi\u011fimiz seminer, konferans ve e\u011fitim programlar\u0131yla bilin\u00e7lendirildi. Bu y\u0131l\u0131n ocak-eyl\u00fcl d\u00f6nemi itibariyle yang\u0131n ve yang\u0131n g\u00fcvenli\u011fi e\u011fitimi alan ki\u015fi say\u0131s\u0131 ise \u015fimdiden 39 bini ge\u00e7ti. G\u00f6n\u00fcll\u00fc itfaiyecilik Program\u0131 kapsam\u0131nda e\u011fitim alan 150 meslek sahibi ki\u015fi, \u2019G\u00f6n\u00fcll\u00fc \u0130tfaiyeci\u2019 oldu. T\u00fcrkiye \u0130tfaiyeciler Birli\u011fi \u00fcyeleri aras\u0131nda SAB\u0130TEM, \u0130stanbul, Ankara ve Kahramanmara\u015f gibi illeri de geride b\u0131rakarak \u2019en \u00e7ok e\u011fitim veren merkez\u2019 ilan edildi&#8221; a\u00e7\u0131klamas\u0131nda bulundu.<\/p>\n","protected":false},"excerpt":{"rendered":"<p>SAMSUN \u0130TFA\u0130YE E\u011e\u0130T\u0130M MERKEZ\u0130 (SAB\u0130TEM), MESLE\u011e\u0130N DAHA B\u0130L\u0130N\u0130R VE SEV\u0130L\u0130R HALE GET\u0130R\u0130LMES\u0130 VE TOPLUMUN B\u0130L\u0130N\u00c7LEND\u0130R\u0130LMES\u0130 AMACIYLA BA\u015eLATTI\u011eI E\u011e\u0130T\u0130M \u00c7ALI\u015eMALARIYLA ANKARA VE \u0130STANBUL&#8217;U DA GER\u0130DE BIRAKARAK \u00dcLKE GENEL\u0130NDE 1&#8217;\u0130NC\u0130 SIRADA YER ALDI.<\/p>\n","protected":false},"author":1,"featured_media":216982,"comment_status":"closed","ping_status":"open","sticky":false,"template":"","format":"standard","meta":{"jetpack_post_was_ever_published":false,"_jetpack_newsletter_access":"","_jetpack_dont_email_post_to_subs":false,"_jetpack_newsletter_tier_id":0,"_jetpack_memberships_contains_paywalled_content":false,"_jetpack_memberships_contains_paid_content":false,"footnotes":"","jetpack_publicize_message":"","jetpack_publicize_feature_enabled":true,"jetpack_social_post_already_shared":true,"jetpack_social_options":{"image_generator_settings":{"template":"highway","default_image_id":0,"font":"","enabled":false},"version":2}},"categories":[1],"tags":[11570,7052,398,77,54879,453],"class_list":["post-216981","post","type-post","status-publish","format-standard","has-post-thumbnail","hentry","category-genel","tag-1incisi","tag-alaninda","tag-egitim","tag-oldu","tag-sabitem","tag-turkiye"],"jetpack_publicize_connections":[],"jetpack_featured_media_url":"https:\/\/i0.wp.com\/www.tvturk.com\/wp-content\/uploads\/2019\/10\/sabitem-egitim-alaninda-turkiye-1incisi-oldu_03db1d9.jpg?fit=1000%2C562","jetpack_sharing_enabled":true,"jetpack_shortlink":"https:\/\/wp.me\/paKIfm-UrH","_links":{"self":[{"href":"http:\/\/www.tvturk.com\/index.php\/wp-json\/wp\/v2\/posts\/216981","targetHints":{"allow":["GET"]}}],"collection":[{"href":"http:\/\/www.tvturk.com\/index.php\/wp-json\/wp\/v2\/posts"}],"about":[{"href":"http:\/\/www.tvturk.com\/index.php\/wp-json\/wp\/v2\/types\/post"}],"author":[{"embeddable":true,"href":"http:\/\/www.tvturk.com\/index.php\/wp-json\/wp\/v2\/users\/1"}],"replies":[{"embeddable":true,"href":"http:\/\/www.tvturk.com\/index.php\/wp-json\/wp\/v2\/comments?post=216981"}],"version-history":[{"count":0,"href":"http:\/\/www.tvturk.com\/index.php\/wp-json\/wp\/v2\/posts\/216981\/revisions"}],"wp:featuredmedia":[{"embeddable":true,"href":"http:\/\/www.tvturk.com\/index.php\/wp-json\/wp\/v2\/media\/216982"}],"wp:attachment":[{"href":"http:\/\/www.tvturk.com\/index.php\/wp-json\/wp\/v2\/media?parent=216981"}],"wp:term":[{"taxonomy":"category","embeddable":true,"href":"http:\/\/www.tvturk.com\/index.php\/wp-json\/wp\/v2\/categories?post=216981"},{"taxonomy":"post_tag","embeddable":true,"href":"http:\/\/www.tvturk.com\/index.php\/wp-json\/wp\/v2\/tags?post=216981"}],"curies":[{"name":"wp","href":"https:\/\/api.w.org\/{rel}","templated":true}]}}