{"id":216993,"date":"2019-10-18T15:32:34","date_gmt":"2019-10-18T12:32:34","guid":{"rendered":"http:\/\/www.tvturk.com\/index.php\/turkiyenin-antikasi-istanbulda-gorucuye-cikti\/"},"modified":"2019-10-18T15:32:34","modified_gmt":"2019-10-18T12:32:34","slug":"turkiyenin-antikasi-istanbulda-gorucuye-cikti","status":"publish","type":"post","link":"http:\/\/www.tvturk.com\/index.php\/turkiyenin-antikasi-istanbulda-gorucuye-cikti\/","title":{"rendered":"T\u00fcrkiye\u2019nin antikas\u0131 \u0130stanbul\u2019da g\u00f6r\u00fcc\u00fcye \u00e7\u0131kt\u0131"},"content":{"rendered":"<p>T\u00fcrkiye\u2019nin d\u00f6rt bir yan\u0131ndan se\u00e7ilerek getirilen antika eserler, bu y\u0131l 14\u2019\u00fcnc\u00fcs\u00fc ger\u00e7ekle\u015ftirilen \u2019Beyo\u011flu Antika Festivali\u2019nde merakl\u0131lar\u0131n\u0131n be\u011fenisine sunuldu.<\/p>\n<p>Beyo\u011flu\u2019nda bu y\u0131l 14\u2019\u00fcnc\u00fcs\u00fc d\u00fczenlenen \u201cBeyo\u011flu Antika Festivali\u201dnin Taksim Meydan\u0131\u2019nda a\u00e7\u0131l\u0131\u015f\u0131 ger\u00e7ekle\u015ftirildi. T\u00fcrkiye\u2019nin d\u00f6rt bir taraf\u0131ndan se\u00e7ilerek getirilen antika eserlerin yer ald\u0131\u011f\u0131 festivalin a\u00e7\u0131l\u0131\u015f\u0131na AK Parti Grup Ba\u015fkan Vekili Tokat Milletvekili \u00d6zlem Zengin, AK Parti Tokat Milletvekili Yal\u00e7\u0131n Akdo\u011fan, Beyo\u011flu Belediye Ba\u015fkan\u0131 Haydar Ali Y\u0131ld\u0131z, davetliler ve \u00e7ok say\u0131da vatanda\u015f kat\u0131ld\u0131. \u0130lk g\u00fcnden vatanda\u015flar\u0131n yo\u011fun ilgi g\u00f6sterdi\u011fi festivalde hal\u0131lar, antik s\u00fcs e\u015fyalar\u0131, \u00e7er\u00e7eveli ya\u011fl\u0131 boya tablolar\u0131 ve varaklara kadar binlerce \u00fcr\u00fcn vatanda\u015flar\u0131n be\u011fenisine sunuldu. A\u00e7\u0131l\u0131\u015fta Ba\u015fkan Y\u0131ld\u0131z davetlilerle birlikte stantlar\u0131 tek tek gezerek antika e\u015fyalar\u0131 inceledi. Vatanda\u015flar ise eski model arabalarla foto\u011fraf \u00e7ektirmek i\u00e7in adeta birbirleriyle yar\u0131\u015ft\u0131.<\/p>\n<p>\u201cAntikan\u0131n ge\u00e7mi\u015ften gelece\u011fe aktar\u0131lan bir hikayesi var\u201d<\/p>\n<p>A\u00e7\u0131l\u0131\u015fta yapt\u0131\u011f\u0131 konu\u015fmada bug\u00fcn\u00fcn \u00e7ok anlaml\u0131 bir g\u00fcn oldu\u011funu ifade eden Beyo\u011flu Belediye Ba\u015fkan\u0131 Haydar Ali Y\u0131ld\u0131z, \u201cD\u00fcn Bar\u0131\u015f P\u0131nar\u0131 Harekat\u0131\u2019n\u0131n \u00f6nemli bir a\u015famas\u0131nda Say\u0131n Cumhurba\u015fkan\u0131m\u0131z\u0131n iradesinin d\u00fcnya taraf\u0131ndan kabul edilmesi bizim i\u00e7in anlaml\u0131. Bir taraftan hayat devam ediyor. Hayat\u0131n ge\u00e7mi\u015fte ya\u015fanm\u0131\u015flar\u0131n\u0131 bug\u00fcne aktaran Antika Festivali\u2019mizin a\u00e7\u0131l\u0131\u015f\u0131n\u0131 yap\u0131yoruz. Bu anlamda antikac\u0131 arkada\u015flar\u0131m\u0131z \u00e7ok ciddi bir gayretle bize destek oldular. Beyo\u011flu Belediyesi olarak hep birlikte \u0130stanbul\u2019un, d\u00fcnyan\u0131n g\u00f6z bebe\u011fi olan Taksim Meydan\u0131\u2019nda bu Antika Festivali\u2019ni a\u00e7abilmi\u015f olmaktan b\u00fcy\u00fck bir mutluluk duyuyoruz. Antikan\u0131n ge\u00e7mi\u015ften gelece\u011fe aktar\u0131lan bir hikayesi vard\u0131r. \u0130nsan\u0131n ve e\u015fyan\u0131n hikayesini anlat\u0131yor. Biz de bu e\u015fyalar\u0131 b\u00fct\u00fcn \u0130stanbullular\u0131n hatta yerli ve yabanc\u0131 b\u00fct\u00fcn misafirlerimizin be\u011fenisine sunuyoruz\u201d dedi.<\/p>\n<p>\u201c\u00c7ok g\u00fczel bir ortam, insanlar antikayla bulu\u015fuyor\u201d<\/p>\n<p>Festivale her sene kat\u0131ld\u0131\u011f\u0131n\u0131 s\u00f6yleyen antikac\u0131 Mesut Can, \u201cBuraya her sene kat\u0131l\u0131yoruz. \u00c7ok g\u00fczel bir ortam, insanlar antikayla bulu\u015fuyor. Burada yeni \u015feyler g\u00f6r\u00fcyorlar. Ak\u015famlar\u0131 da burada g\u00fczel etkinlikler oluyor. Bizim i\u015fimiz genelde Osmanl\u0131 par\u00e7alar\u0131, g\u00fcm\u00fc\u015f objeler, bardak, \u00e7anak, \u00e7\u00f6mlek, t\u00fct\u00fcn kutular\u0131 gibi i\u015fler yap\u0131yoruz. En pahal\u0131 olan \u00fcr\u00fcn\u00fcm\u00fcz Mineli Rus i\u015fi kemerimiz var. Tamamen el yap\u0131m\u0131 ve \u00fczerinde be\u015f \u00e7e\u015fit renk vard\u0131r. Eski bir kemer fiyat\u0131 da 8 bin 500 liraya sat\u0131lacak\u201d ifadelerinde bulundu.<\/p>\n<p>Antika e\u015fya merakl\u0131lar\u0131n\u0131n bulu\u015ftu\u011fu festival 2 Kas\u0131m\u2019a kadar devam edecek. Festival kapsam\u0131nda ayr\u0131ca s\u00f6yle\u015filer, m\u00fczik dinletileri yap\u0131lacak.<\/p>\n","protected":false},"excerpt":{"rendered":"<p>T\u00dcRK\u0130YE\u2019N\u0130N D\u00d6RT B\u0130R YANINDAN SE\u00c7\u0130LEREK GET\u0130R\u0130LEN ANT\u0130KA ESERLER, BU YIL 14\u2019\u00dcNC\u00dcS\u00dc GER\u00c7EKLE\u015eT\u0130R\u0130LEN \u2019BEYO\u011eLU ANT\u0130KA FEST\u0130VAL\u0130\u2019NDE MERAKLILARININ BE\u011eEN\u0130S\u0130NE SUNULDU.<\/p>\n","protected":false},"author":1,"featured_media":216994,"comment_status":"closed","ping_status":"open","sticky":false,"template":"","format":"standard","meta":{"jetpack_post_was_ever_published":false,"_jetpack_newsletter_access":"","_jetpack_dont_email_post_to_subs":false,"_jetpack_newsletter_tier_id":0,"_jetpack_memberships_contains_paywalled_content":false,"_jetpack_memberships_contains_paid_content":false,"footnotes":"","jetpack_publicize_message":"","jetpack_publicize_feature_enabled":true,"jetpack_social_post_already_shared":true,"jetpack_social_options":{"image_generator_settings":{"template":"highway","default_image_id":0,"font":"","enabled":false},"version":2}},"categories":[1],"tags":[54883,1202,2232,1268,177],"class_list":["post-216993","post","type-post","status-publish","format-standard","has-post-thumbnail","hentry","category-genel","tag-antikasi","tag-cikti","tag-gorucuye","tag-istanbulda","tag-turkiyenin"],"jetpack_publicize_connections":[],"jetpack_featured_media_url":"https:\/\/i0.wp.com\/www.tvturk.com\/wp-content\/uploads\/2019\/10\/turkiyenin-antikasi-istanbulda-gorucuye-cikti_1851341.jpg?fit=1000%2C667","jetpack_sharing_enabled":true,"jetpack_shortlink":"https:\/\/wp.me\/paKIfm-UrT","_links":{"self":[{"href":"http:\/\/www.tvturk.com\/index.php\/wp-json\/wp\/v2\/posts\/216993","targetHints":{"allow":["GET"]}}],"collection":[{"href":"http:\/\/www.tvturk.com\/index.php\/wp-json\/wp\/v2\/posts"}],"about":[{"href":"http:\/\/www.tvturk.com\/index.php\/wp-json\/wp\/v2\/types\/post"}],"author":[{"embeddable":true,"href":"http:\/\/www.tvturk.com\/index.php\/wp-json\/wp\/v2\/users\/1"}],"replies":[{"embeddable":true,"href":"http:\/\/www.tvturk.com\/index.php\/wp-json\/wp\/v2\/comments?post=216993"}],"version-history":[{"count":0,"href":"http:\/\/www.tvturk.com\/index.php\/wp-json\/wp\/v2\/posts\/216993\/revisions"}],"wp:featuredmedia":[{"embeddable":true,"href":"http:\/\/www.tvturk.com\/index.php\/wp-json\/wp\/v2\/media\/216994"}],"wp:attachment":[{"href":"http:\/\/www.tvturk.com\/index.php\/wp-json\/wp\/v2\/media?parent=216993"}],"wp:term":[{"taxonomy":"category","embeddable":true,"href":"http:\/\/www.tvturk.com\/index.php\/wp-json\/wp\/v2\/categories?post=216993"},{"taxonomy":"post_tag","embeddable":true,"href":"http:\/\/www.tvturk.com\/index.php\/wp-json\/wp\/v2\/tags?post=216993"}],"curies":[{"name":"wp","href":"https:\/\/api.w.org\/{rel}","templated":true}]}}