{"id":216997,"date":"2019-10-18T15:32:45","date_gmt":"2019-10-18T12:32:45","guid":{"rendered":"http:\/\/www.tvturk.com\/index.php\/esnaf-ve-vatandaslara-turk-bayragi-dagitildi\/"},"modified":"2019-10-18T15:32:45","modified_gmt":"2019-10-18T12:32:45","slug":"esnaf-ve-vatandaslara-turk-bayragi-dagitildi","status":"publish","type":"post","link":"http:\/\/www.tvturk.com\/index.php\/esnaf-ve-vatandaslara-turk-bayragi-dagitildi\/","title":{"rendered":"Esnaf ve vatanda\u015flara T\u00fcrk Bayra\u011f\u0131 da\u011f\u0131t\u0131ld\u0131"},"content":{"rendered":"<p>Karab\u00fck Sebzeciler, Bal\u0131k\u00e7\u0131lar, Kasaplar ve Pazarc\u0131lar Esnaf Odas\u0131 taraf\u0131ndan d\u00fczenlenen program d\u00e2hilinde Bar\u0131\u015f P\u0131nar\u0131 Harek\u00e2t\u0131 ve harek\u00e2ta kat\u0131lan Mehmet\u00e7ik\u2019e destek amac\u0131 ile Cuma Pazar\u0131nda ki esnaflara ve vatanda\u015flara T\u00fcrk bayra\u011f\u0131 da\u011f\u0131t\u0131ld\u0131.<\/p>\n<p>Programa Karab\u00fck Valisi Say\u0131n Fuat G\u00fcrel, Karab\u00fck Belediye Ba\u015fkan Yard\u0131mc\u0131s\u0131 Seher Berker, \u0130l Emniyet M\u00fcd\u00fcr\u00fc S\u0131rr\u0131 Tu\u011f, Karab\u00fck Sebzeciler, Bal\u0131k\u00e7\u0131lar, Kasaplar ve Pazarc\u0131lar Esnaf Odas\u0131 Ba\u015fkan\u0131 Cuma Kara, kurum m\u00fcd\u00fcrleri ve di\u011fer protokol \u00fcyeleri kat\u0131ld\u0131.<\/p>\n<p>Yap\u0131lan protokol konu\u015fmalar\u0131n\u0131n ve duan\u0131n ard\u0131ndan Karab\u00fck Valisi Say\u0131n Fuat G\u00fcrel, Karab\u00fck Belediye Ba\u015fkan Yard\u0131mc\u0131s\u0131 Seher Berker, Karab\u00fck Sebzeciler, Bal\u0131k\u00e7\u0131lar, Kasaplar ve Pazarc\u0131lar Esnaf Odas\u0131 Ba\u015fkan\u0131 Cuma Kara ve protokol \u00fcyeleri taraf\u0131ndan Cuma Pazar\u0131ndaki esnaflara ve vatanda\u015flara T\u00fcrk bayra\u011f\u0131 da\u011f\u0131t\u0131ld\u0131.<\/p>\n","protected":false},"excerpt":{"rendered":"<p>KARAB\u00dcK SEBZEC\u0130LER, BALIK\u00c7ILAR, KASAPLAR VE PAZARCILAR ESNAF ODASI TARAFINDAN D\u00dcZENLENEN PROGRAM D\u00c2H\u0130L\u0130NDE BARI\u015e PINARI HAREK\u00c2TI VE HAREK\u00c2TA KATILAN MEHMET\u00c7\u0130K\u2019E DESTEK AMACI \u0130LE CUMA PAZARINDA K\u0130 ESNAFLARA VE VATANDA\u015eLARA T\u00dcRK BAYRA\u011eI DA\u011eITILDI.<\/p>\n","protected":false},"author":1,"featured_media":216998,"comment_status":"closed","ping_status":"open","sticky":false,"template":"","format":"standard","meta":{"jetpack_post_was_ever_published":false,"_jetpack_newsletter_access":"","_jetpack_dont_email_post_to_subs":false,"_jetpack_newsletter_tier_id":0,"_jetpack_memberships_contains_paywalled_content":false,"_jetpack_memberships_contains_paid_content":false,"footnotes":"","jetpack_publicize_message":"","jetpack_publicize_feature_enabled":true,"jetpack_social_post_already_shared":true,"jetpack_social_options":{"image_generator_settings":{"template":"highway","default_image_id":0,"font":"","enabled":false},"version":2}},"categories":[1],"tags":[5177,4032,921,957,874],"class_list":["post-216997","post","type-post","status-publish","format-standard","has-post-thumbnail","hentry","category-genel","tag-bayragi","tag-dagitildi","tag-esnaf","tag-turk","tag-vatandaslara"],"jetpack_publicize_connections":[],"jetpack_featured_media_url":"https:\/\/i0.wp.com\/www.tvturk.com\/wp-content\/uploads\/2019\/10\/esnaf-ve-vatandaslara-turk-bayragi-dagitildi_15ad542.jpg?fit=1000%2C666","jetpack_sharing_enabled":true,"jetpack_shortlink":"https:\/\/wp.me\/paKIfm-UrX","_links":{"self":[{"href":"http:\/\/www.tvturk.com\/index.php\/wp-json\/wp\/v2\/posts\/216997","targetHints":{"allow":["GET"]}}],"collection":[{"href":"http:\/\/www.tvturk.com\/index.php\/wp-json\/wp\/v2\/posts"}],"about":[{"href":"http:\/\/www.tvturk.com\/index.php\/wp-json\/wp\/v2\/types\/post"}],"author":[{"embeddable":true,"href":"http:\/\/www.tvturk.com\/index.php\/wp-json\/wp\/v2\/users\/1"}],"replies":[{"embeddable":true,"href":"http:\/\/www.tvturk.com\/index.php\/wp-json\/wp\/v2\/comments?post=216997"}],"version-history":[{"count":0,"href":"http:\/\/www.tvturk.com\/index.php\/wp-json\/wp\/v2\/posts\/216997\/revisions"}],"wp:featuredmedia":[{"embeddable":true,"href":"http:\/\/www.tvturk.com\/index.php\/wp-json\/wp\/v2\/media\/216998"}],"wp:attachment":[{"href":"http:\/\/www.tvturk.com\/index.php\/wp-json\/wp\/v2\/media?parent=216997"}],"wp:term":[{"taxonomy":"category","embeddable":true,"href":"http:\/\/www.tvturk.com\/index.php\/wp-json\/wp\/v2\/categories?post=216997"},{"taxonomy":"post_tag","embeddable":true,"href":"http:\/\/www.tvturk.com\/index.php\/wp-json\/wp\/v2\/tags?post=216997"}],"curies":[{"name":"wp","href":"https:\/\/api.w.org\/{rel}","templated":true}]}}