{"id":217001,"date":"2019-10-18T15:47:10","date_gmt":"2019-10-18T12:47:10","guid":{"rendered":"http:\/\/www.tvturk.com\/index.php\/corlu-belediye-meclisinden-baris-pinarindaki-mehmetciklere-selam\/"},"modified":"2019-10-18T15:47:10","modified_gmt":"2019-10-18T12:47:10","slug":"corlu-belediye-meclisinden-baris-pinarindaki-mehmetciklere-selam","status":"publish","type":"post","link":"http:\/\/www.tvturk.com\/index.php\/corlu-belediye-meclisinden-baris-pinarindaki-mehmetciklere-selam\/","title":{"rendered":"\u00c7orlu Belediye meclisinden Bar\u0131\u015f P\u0131nar\u0131\u2019ndaki Mehmet\u00e7iklere selam"},"content":{"rendered":"<p>\u00c7orlu Belediye Meclisi Bar\u0131\u015f P\u0131nar\u0131 Harekat\u0131 ile ilgili olarak topland\u0131. Toplant\u0131n\u0131n sonunda t\u00fcm meclis \u00fcyeleri, siyasi partilerin il\u00e7e ba\u015fkanlar\u0131 ve \u00c7orlu Belediye Ba\u015fkan\u0131 Ahmet Sar\u0131kurt asker selam\u0131 verdi.<\/p>\n<p>\u00c7orlu Belediyesi Meclis Salonu\u2019nda d\u00fczenlenen toplant\u0131da konu\u015fan \u00c7orlu Belediye Ba\u015fkan\u0131 Ahmet Sar\u0131kurt, 9 Ekim 2019 tarihinden bu yana s\u00fcren P\u0131nar Bar\u0131\u015f Harekat\u0131 ile ilgili bas\u0131n toplant\u0131s\u0131 d\u00fczenledi. Ba\u015fkan Sar\u0131kurt, Suriye\u2019deki i\u00e7 sava\u015fta \u015fimdiye dek y\u00fcz binlerce insan\u0131n hayat\u0131n\u0131 kaybetti\u011fini belirtirken, \u201cBiz sava\u015f\u0131 de\u011fil, bar\u0131\u015f\u0131 savunuyoruz\u201d dedi.<\/p>\n<p>9 Ekim 2019 g\u00fcn\u00fc T\u00fcrk Silahl\u0131 Kuvvetleri (TSK) ve Suriye Milli Ordusu ile birlikte F\u0131rat Nehri\u2019nin do\u011fusundaki alanlar\u0131n ter\u00f6r \u00f6rg\u00fct\u00fc \u00fcyelerinden ar\u0131nd\u0131r\u0131lmas\u0131na y\u00f6nelik Bar\u0131\u015f P\u0131nar\u0131 Harekat\u0131 ba\u015flat\u0131ld\u0131. Harekat kapsam\u0131nda \u00c7orlu Belediyesi Meclis Salonu\u2019nda bas\u0131n toplant\u0131s\u0131 d\u00fczenleyen \u00c7orlu Belediye Ba\u015fkan\u0131 Ahmet Sar\u0131kurt, hi\u00e7bir devletin kendi s\u0131n\u0131rlar\u0131n\u0131n korunaks\u0131z kalmas\u0131na m\u00fcsaade edemeyece\u011finin alt\u0131n\u0131 \u00e7izdi. Ba\u015fkan Sar\u0131kurt konu\u015fmas\u0131na ba\u015flamadan \u00f6nce AK Parti ve MHP siyasi parti temsilcilerinin s\u00f6zc\u00fclerini k\u00fcrs\u00fcye davet etti.<\/p>\n<p>\u201cMilletimizin ba\u015f\u0131 sa\u011f olsun\u201d<\/p>\n<p>\u00c7orlu Belediye Ba\u015fkan\u0131 Ahmet Sar\u0131kurt\u2019un \u00f6ncesinde AK Parti Grup S\u00f6zc\u00fcs\u00fc Mustafa Ery\u0131lmaz ve MHP Grup S\u00f6zc\u00fcs\u00fc C\u00fcneyt Erg\u00fcn konu\u015fma yapt\u0131. Ard\u0131ndan konu\u015fmas\u0131na ba\u015flayan Ba\u015fkan Sar\u0131kurt, \u015fehit d\u00fc\u015fen Mehmet\u00e7ikler ve sivil vatanda\u015flara ba\u015f sa\u011fl\u0131\u011f\u0131 diledi. Ba\u015fkan Sar\u0131kurt, \u201c9 Ekim 2019 tarihi itibariyle \u015fanl\u0131 T\u00fcrk ordumuzun askeri, Suriye s\u0131n\u0131r\u0131m\u0131z\u0131n ilerisinde, hem s\u0131n\u0131r g\u00fcvenli\u011fimizi korumak hem de b\u00f6lgedeki ter\u00f6r \u00f6rg\u00fct\u00fc gruplar\u0131n\u0131n g\u00fc\u00e7lenmesini ve tehditlerini \u00f6nlemek amac\u0131yla Bar\u0131\u015f P\u0131nar\u0131 Harekat\u0131\u2019n\u0131 ba\u015flatm\u0131\u015f bulunmaktad\u0131r. Harekat\u2019\u0131n 9 g\u00fcnl\u00fck s\u00fcresinde Mehmet\u00e7iklerimiz ve sivil vatanda\u015flar\u0131m\u0131z \u015fehit d\u00fc\u015fm\u00fc\u015ft\u00fcr. \u015eehitlerimize Allah\u2019tan rahmet, ac\u0131l\u0131 ailelerine ba\u015f sa\u011fl\u0131\u011f\u0131 ve sab\u0131r dileklerimizi sunuyoruz. Milletimizin ba\u015f\u0131 sa\u011f olsun\u201d dedi.<\/p>\n<p>\u201cUzun y\u0131llard\u0131r m\u00fccadele ediyoruz\u201d<\/p>\n<p>2011 y\u0131l\u0131ndan beri s\u00fcren ve t\u00fcm d\u00fcnyan\u0131n g\u00f6z\u00fc \u00f6n\u00fcnde ger\u00e7ekle\u015fen Suriye\u2019deki i\u00e7 sava\u015fta \u015fimdiye dek y\u00fcz binlerce insan hayat\u0131n\u0131 kaybetti diyen Ba\u015fkan Sar\u0131kurt, \u201c6 milyona yak\u0131n sivil hayatta kalabilmek i\u00e7in s\u0131\u011f\u0131nmac\u0131 oldu. Her g\u00fcn masum insanlar\u0131n hayat\u0131n\u0131 kaybetti\u011fi Suriye\u2019deki i\u00e7 sava\u015ftan, Suriye\u2019den sonra en \u00e7ok zarar g\u00f6ren \u00fclke maalesef T\u00fcrkiye\u2019miz oldu. Bug\u00fcn itibari ile 3 bu\u00e7uk milyonu a\u015fk\u0131n m\u00fclteciye ev sahipli\u011fi yapmakta olan \u00fclkemiz, kom\u015fu \u00fclkedeki sava\u015f\u0131n ortaya \u00e7\u0131kard\u0131\u011f\u0131 yeni ter\u00f6r gruplar\u0131 y\u00fcz\u00fcnden de \u00e7ok say\u0131da \u015fehit vermek zorunda kald\u0131. Uzun y\u0131llard\u0131r PKK ter\u00f6r \u00f6rg\u00fct\u00fcyle m\u00fccadele eden \u00fclkemiz, Suriye topraklar\u0131nda t\u00fcreyen ter\u00f6r gruplar\u0131yla da m\u00fccadele etmek zorunda kald\u0131. Ac\u0131lar\u0131m\u0131z katland\u0131k\u00e7a katland\u0131, \u00fclkece \u00e7ok zor zamanlar ge\u00e7irdik, maalesef ge\u00e7irmeye de devam ediyoruz. Hi\u00e7bir devlet kendi s\u0131n\u0131rlar\u0131n\u0131n korunaks\u0131z kalmas\u0131na m\u00fcsaade edemez. Ulu \u00d6nderimiz Mustafa Kemal Atat\u00fcrk\u2019\u00fcn kurdu\u011fu T\u00fcrkiye Cumhuriyeti Devleti, kimsenin topra\u011f\u0131na g\u00f6z dikmeyece\u011fi gibi kimsenin de bir kar\u0131\u015f topra\u011f\u0131m\u0131z dahi g\u00f6z dikmesine m\u00fcsaade etmez. Bu sebeple T\u00fcrkiye Cumhuriyeti\u2019nin hi\u00e7bir devletten izin almadan bu m\u00fccadeleyi s\u00fcrd\u00fcrme hakk\u0131, kendi s\u0131n\u0131rlar\u0131n\u0131 koruma hakk\u0131 vard\u0131r. \u0130\u015fte Bar\u0131\u015f P\u0131nar\u0131 Harekat\u0131\u2019n\u0131n da amac\u0131 budur. Bu harek\u00e2ta kar\u015f\u0131 \u00e7\u0131kan t\u00fcm \u00fclke h\u00fck\u00fcmetleri bunu idrak ve kabul etmelidir. Ancak bizim \u00f6ncelikli temennimiz; hi\u00e7bir vatanda\u015f\u0131m\u0131z\u0131n, hi\u00e7bir askerimizin burnunun dahi kanamamas\u0131d\u0131r. Bar\u0131\u015f P\u0131nar\u0131 Harek\u00e2t\u0131\u2019nda kaybetti\u011fimiz Mehmet\u00e7iklerimiz ile b\u00f6lgeye yak\u0131n noktada bulunan ve ter\u00f6r \u00f6rg\u00fctlerinin sald\u0131r\u0131lar\u0131 sonucu hayat\u0131n\u0131 kaybeden vatanda\u015flar\u0131m\u0131z bizleri derinden yaralam\u0131\u015ft\u0131r. Bu sebeple Bar\u0131\u015f P\u0131nar\u0131 Harekat\u0131\u2019n\u0131n en k\u0131sa s\u00fcrede hedefine ula\u015fmas\u0131 ve sonlanmas\u0131n\u0131, kimsenin zarar g\u00f6rmemesini y\u00fcrekten diliyoruz. Ulu \u00d6nderimiz Atat\u00fcrk\u2019\u00fcn \u2018Yurtta sulh, cihanda sulh.\u2019 S\u00f6z\u00fc bizim her daim d\u0131\u015f politikalar\u0131m\u0131z\u0131 belirlemelidir. Unutmayal\u0131m ki; sava\u015f \u00f6ld\u00fcr\u00fcr, bar\u0131\u015f ya\u015fat\u0131r. Bar\u0131\u015f\u0131 korumak bizim en \u00f6nemli politikam\u0131z olmal\u0131d\u0131r. Biz sava\u015f\u0131 de\u011fil, bar\u0131\u015f\u0131 savunuyoruz. Bar\u0131\u015f\u0131 savunmak zorunday\u0131z\u201d \u015feklinde konu\u015ftu.<\/p>\n","protected":false},"excerpt":{"rendered":"<p>\u00c7ORLU BELED\u0130YE MECL\u0130S\u0130NDEN BARI\u015e PINARI\u2019NDAK\u0130 MEHMET\u00c7\u0130LERE SELAM<\/p>\n","protected":false},"author":1,"featured_media":217002,"comment_status":"closed","ping_status":"open","sticky":false,"template":"","format":"standard","meta":{"jetpack_post_was_ever_published":false,"_jetpack_newsletter_access":"","_jetpack_dont_email_post_to_subs":false,"_jetpack_newsletter_tier_id":0,"_jetpack_memberships_contains_paywalled_content":false,"_jetpack_memberships_contains_paid_content":false,"footnotes":"","jetpack_publicize_message":"","jetpack_publicize_feature_enabled":true,"jetpack_social_post_already_shared":true,"jetpack_social_options":{"image_generator_settings":{"template":"highway","default_image_id":0,"font":"","enabled":false},"version":2}},"categories":[1],"tags":[4256,134,8686,3376,14336,54886,43232],"class_list":["post-217001","post","type-post","status-publish","format-standard","has-post-thumbnail","hentry","category-genel","tag-baris","tag-belediye","tag-corlu","tag-meclisinden","tag-mehmetciklere","tag-pinarindaki","tag-selam"],"jetpack_publicize_connections":[],"jetpack_featured_media_url":"https:\/\/i0.wp.com\/www.tvturk.com\/wp-content\/uploads\/2019\/10\/corlu-belediye-meclisinden-baris-pinarindaki-mehmetciklere-selam_614226a.jpg?fit=1000%2C562","jetpack_sharing_enabled":true,"jetpack_shortlink":"https:\/\/wp.me\/paKIfm-Us1","_links":{"self":[{"href":"http:\/\/www.tvturk.com\/index.php\/wp-json\/wp\/v2\/posts\/217001","targetHints":{"allow":["GET"]}}],"collection":[{"href":"http:\/\/www.tvturk.com\/index.php\/wp-json\/wp\/v2\/posts"}],"about":[{"href":"http:\/\/www.tvturk.com\/index.php\/wp-json\/wp\/v2\/types\/post"}],"author":[{"embeddable":true,"href":"http:\/\/www.tvturk.com\/index.php\/wp-json\/wp\/v2\/users\/1"}],"replies":[{"embeddable":true,"href":"http:\/\/www.tvturk.com\/index.php\/wp-json\/wp\/v2\/comments?post=217001"}],"version-history":[{"count":0,"href":"http:\/\/www.tvturk.com\/index.php\/wp-json\/wp\/v2\/posts\/217001\/revisions"}],"wp:featuredmedia":[{"embeddable":true,"href":"http:\/\/www.tvturk.com\/index.php\/wp-json\/wp\/v2\/media\/217002"}],"wp:attachment":[{"href":"http:\/\/www.tvturk.com\/index.php\/wp-json\/wp\/v2\/media?parent=217001"}],"wp:term":[{"taxonomy":"category","embeddable":true,"href":"http:\/\/www.tvturk.com\/index.php\/wp-json\/wp\/v2\/categories?post=217001"},{"taxonomy":"post_tag","embeddable":true,"href":"http:\/\/www.tvturk.com\/index.php\/wp-json\/wp\/v2\/tags?post=217001"}],"curies":[{"name":"wp","href":"https:\/\/api.w.org\/{rel}","templated":true}]}}