{"id":217007,"date":"2019-10-18T16:02:35","date_gmt":"2019-10-18T13:02:35","guid":{"rendered":"http:\/\/www.tvturk.com\/index.php\/yildiz-toplumda-olusturmak-istedikleri-polis-profilini-anlatarak\/"},"modified":"2019-10-18T16:02:35","modified_gmt":"2019-10-18T13:02:35","slug":"yildiz-toplumda-olusturmak-istedikleri-polis-profilini-anlatarak","status":"publish","type":"post","link":"http:\/\/www.tvturk.com\/index.php\/yildiz-toplumda-olusturmak-istedikleri-polis-profilini-anlatarak\/","title":{"rendered":"Y\u0131ld\u0131z toplumda olu\u015fturmak istedikleri polis profilini anlatarak:"},"content":{"rendered":"<p>Denizli \u0130l Emniyet M\u00fcd\u00fcr\u00fc Kenan Y\u0131ld\u0131z, toplumda olu\u015fturmak istedikleri polis profilini anlatarak, \u201cPolis kamu d\u00fczenini sa\u011flamakla g\u00f6revli silahl\u0131 kolluk g\u00fcc\u00fcd\u00fcr. Devletin verdi\u011fi yetkiyi sonuna kadar en iyi \u015fekilde kullanmak zorundad\u0131r. Bu yetkiyi kullan\u0131rken de kimsenin diline, dinine, \u0131rk\u0131na, soyuna, ete\u011fine, t\u00fcrban\u0131na, ba\u015f\u00f6rt\u00fcs\u00fcne falan bakmaz, bakmayacak. Sadece devletin kanunlar\u0131n\u0131n kurallar\u0131n\u0131n \u00e7izgisinin a\u015f\u0131ld\u0131\u011f\u0131 zamana kadar\u201d dedi.<\/p>\n<p>Y\u0131ld\u0131z kentte g\u00f6reve yeni ba\u015flamas\u0131ndan dolay\u0131 d\u00fczenledi\u011fi bas\u0131n toplant\u0131s\u0131 ile yerel ve ulusal medya temsilcileri ile bir araya geldi. Polis Evi\u2019nde ger\u00e7ekle\u015ftirilen bas\u0131n toplant\u0131s\u0131na birim m\u00fcd\u00fcrleri ile il\u00e7e emniyet m\u00fcd\u00fcrlerinin yan\u0131 s\u0131ra \u00e7ok say\u0131da bas\u0131n mensubu kat\u0131ld\u0131.<\/p>\n<p>Ger\u00e7ekle\u015ftirilen toplant\u0131da s\u00f6z alan Denizli Gazeteciler Cemiyeti Ba\u015fkan\u0131 Osman Nuri Boyac\u0131, bas\u0131n mensuplar\u0131n\u0131n da bir kamu g\u00f6revi y\u00fcr\u00fctt\u00fc\u011f\u00fcn\u00fc ve Denizli\u2019nin huzur kenti olmas\u0131 anlam\u0131nda y\u00fcr\u00fct\u00fclecek \u00e7al\u0131\u015fmalar\u0131n duyurulmas\u0131nda bas\u0131n mensuplar\u0131 olarak gereken deste\u011fi vermeye haz\u0131r olduklar\u0131n\u0131 belirtti.<\/p>\n<p>Toplant\u0131da konu\u015fan Y\u0131ld\u0131z ise \u00f6ncelikle g\u00f6reve geldikten sonra kurum i\u00e7erisinde yap\u0131lan yer de\u011fi\u015fiklikleri konusuna de\u011finerek atama kararlar\u0131n\u0131n valilik oluru ile yap\u0131ld\u0131\u011f\u0131n\u0131 hat\u0131rlatt\u0131. Konu\u015fmas\u0131nda daha sonra kent ve vatanda\u015f i\u00e7in olmas\u0131 gereken polis profili konusuna de\u011finen Y\u0131ld\u0131z, \u201cPolis kimsenin diline, dinine, \u0131rk\u0131na, soyuna, mezhebine bakmaz. Devletin kamu d\u00fczenini sa\u011flamakla g\u00f6revli silahl\u0131 kolluk g\u00fcc\u00fcd\u00fcr. Devletin verdi\u011fi yetkiyi sonuna kadar en iyi \u015fekilde kullanmak zorundad\u0131r. Tekraren s\u00f6yl\u00fcyorum, bu yetkiyi kullan\u0131rken de kimsenin diline, dinine, \u0131rk\u0131na, soyuna, ete\u011fine, t\u00fcrban\u0131na, ba\u015f\u00f6rt\u00fcs\u00fcne falan bakmaz, bakmayacak yani. Sadece devletin kanunlar\u0131n\u0131n kurallar\u0131n\u0131n \u00e7izgisinin a\u015f\u0131ld\u0131\u011f\u0131 zamana kadar. Yani herkese e\u015fit mesafede olacak, hi\u00e7bir kimseye yapt\u0131\u011f\u0131 muamele dolay\u0131s\u0131yla kimseye \u2018ben A\u011fr\u0131\u2019l\u0131y\u0131m, Trabzon\u2019luyum bana o y\u00fczden b\u00f6yle bir muamele\u2019 yap\u0131ld\u0131 izlemini hissetmeyecek \u015fekilde davran\u0131\u015f \u015fekli ortaya koyacak memurlar yeti\u015ftirmemiz laz\u0131m, onu yapmaya \u00e7al\u0131\u015ft\u0131m, ba\u015farabildiysem ne mutlu, de\u011filse in\u015fallah bizden sonra gelenler ba\u015farmaya \u00e7al\u0131\u015f\u0131r. Biz bu \u00e7izgiyi b\u00f6yle koymazsak devletin vatanda\u015fla birebir direk kar\u015f\u0131 kar\u015f\u0131ya geldi\u011fi bir te\u015fkilat mensuplar\u0131 olarak  devleti de lekeleriz arkada\u015flar, ben buna inan\u0131yorum\u201d diye konu\u015ftu.<\/p>\n<p>\u201cKimseyi bu \u00e7izginin d\u0131\u015f\u0131na \u00e7\u0131kt\u0131\u011f\u0131 i\u00e7in korumayaca\u011f\u0131z\u201d<\/p>\n<p>Konu\u015fmas\u0131nda daha sonra kent ve vatanda\u015f i\u00e7in olmas\u0131 gereken polis profili konusuna de\u011finen Y\u0131ld\u0131z \u015funlar\u0131 s\u00f6yledi:<\/p>\n<p>\u201cSokakta yapt\u0131\u011f\u0131m\u0131z her bir do\u011fru her bir yanl\u0131\u015f devlete, devletimizi idare edenlere yorulur, \u2018demek ki b\u00f6yle istiyorlar ki bunlar b\u00f6yle yeti\u015fmi\u015f b\u00f6yle yeti\u015ftirilmi\u015f bunu yap\u0131yorlar\u2019 derler. O y\u00fczden bizi idare edenleri de zan ve t\u00f6hmet alt\u0131nda b\u0131rakmamak ad\u0131na b\u00f6yle bir anlay\u0131\u015f\u0131n yerle\u015fmesini gerekti\u011fine inand\u0131\u011f\u0131m i\u00e7in ona gayret ettim. Burada da ayn\u0131 \u015fekilde g\u00f6rev yaparken arkada\u015flara s\u00f6yledi\u011fim odur. Art niyetli olmayacaklar m\u0131? Evet art niyetlilerde olacaklar ama bizim \u00e7izgimizin bu oldu\u011funu bilin arkada\u015flar, biz herkese e\u015fit mesafede durup, devletin kanununa kural\u0131na uyan her bir vatanda\u015f\u0131m\u0131z\u0131n ba\u015f\u0131m\u0131z\u0131n \u00fczerinde oldu\u011fu \u015fekliyle bir anlay\u0131\u015f, y\u00fcr\u00fctmeye \u00e7al\u0131\u015faca\u011f\u0131z burada. Bunun d\u0131\u015f\u0131na \u00e7\u0131kmaya \u00e7al\u0131\u015fanlarla ilgilide elimizden geldi\u011fi kadar adli idari her \u015feyi sonuna kadar yapaca\u011f\u0131m\u0131z\u0131 hem te\u015fkilat biliyor art\u0131k, anlad\u0131lar 15 g\u00fcnde ben onu anlata bildi\u011fimi d\u00fc\u015f\u00fcn\u00fcyorum yani kurumsal taassup dolay\u0131s\u0131yla kimseyi bu \u00e7izginin d\u0131\u015f\u0131na \u00e7\u0131kt\u0131\u011f\u0131 i\u00e7in korumayaca\u011f\u0131z.\u201d<\/p>\n<p>Toplant\u0131 konu\u015fmalar\u0131n ard\u0131ndan Y\u0131ld\u0131z\u2019\u0131n bas\u0131n mensuplar\u0131 ile birlikte hat\u0131ra foto\u011fraf\u0131 \u00e7ektirmesinin ard\u0131ndan sona erdi.<\/p>\n","protected":false},"excerpt":{"rendered":"<p>DEN\u0130ZL\u0130 \u0130L EMN\u0130YET M\u00dcD\u00dcR\u00dc KENAN YILDIZ, TOPLUMDA OLU\u015eTURMAK \u0130STED\u0130KLER\u0130 POL\u0130S PROF\u0130L\u0130N\u0130 ANLATARAK, \u201cPOL\u0130S KAMU D\u00dcZEN\u0130N\u0130 SA\u011eLAMAKLA G\u00d6REVL\u0130 S\u0130LAHLI KOLLUK G\u00dcC\u00dcD\u00dcR. DEVLET\u0130N VERD\u0130\u011e\u0130 YETK\u0130Y\u0130 SONUNA KADAR EN \u0130Y\u0130 \u015eEK\u0130LDE KULLANMAK ZORUNDADIR. BU YETK\u0130Y\u0130 KULLANIRKEN DE K\u0130MSEN\u0130N D\u0130L\u0130NE, D\u0130N\u0130NE, IRKINA, SOYUNA, ETE\u011e\u0130NE, T\u00dcRBANINA, BA\u015e\u00d6RT\u00dcS\u00dcNE FALAN BAKMAZ, BAKMAYACAK. SADECE DEVLET\u0130N KANUNLARININ KURALLARININ \u00c7\u0130ZG\u0130S\u0130N\u0130N A\u015eILDI\u011eI ZAMANA KADAR\u201d DED\u0130.<\/p>\n","protected":false},"author":1,"featured_media":217008,"comment_status":"closed","ping_status":"open","sticky":false,"template":"","format":"standard","meta":{"jetpack_post_was_ever_published":false,"_jetpack_newsletter_access":"","_jetpack_dont_email_post_to_subs":false,"_jetpack_newsletter_tier_id":0,"_jetpack_memberships_contains_paywalled_content":false,"_jetpack_memberships_contains_paid_content":false,"footnotes":"","jetpack_publicize_message":"","jetpack_publicize_feature_enabled":true,"jetpack_social_post_already_shared":true,"jetpack_social_options":{"image_generator_settings":{"template":"highway","default_image_id":0,"font":"","enabled":false},"version":2}},"categories":[1],"tags":[54894,5227,2237,996,54893,17630,8902],"class_list":["post-217007","post","type-post","status-publish","format-standard","has-post-thumbnail","hentry","category-genel","tag-anlatarak","tag-istedikleri","tag-olusturmak","tag-polis","tag-profilini","tag-toplumda","tag-yildiz"],"jetpack_publicize_connections":[],"jetpack_featured_media_url":"https:\/\/i0.wp.com\/www.tvturk.com\/wp-content\/uploads\/2019\/10\/yildiz-toplumda-olusturmak-istedikleri-polis-profilini-anlatarak_f983524.jpg?fit=1000%2C667","jetpack_sharing_enabled":true,"jetpack_shortlink":"https:\/\/wp.me\/paKIfm-Us7","_links":{"self":[{"href":"http:\/\/www.tvturk.com\/index.php\/wp-json\/wp\/v2\/posts\/217007","targetHints":{"allow":["GET"]}}],"collection":[{"href":"http:\/\/www.tvturk.com\/index.php\/wp-json\/wp\/v2\/posts"}],"about":[{"href":"http:\/\/www.tvturk.com\/index.php\/wp-json\/wp\/v2\/types\/post"}],"author":[{"embeddable":true,"href":"http:\/\/www.tvturk.com\/index.php\/wp-json\/wp\/v2\/users\/1"}],"replies":[{"embeddable":true,"href":"http:\/\/www.tvturk.com\/index.php\/wp-json\/wp\/v2\/comments?post=217007"}],"version-history":[{"count":0,"href":"http:\/\/www.tvturk.com\/index.php\/wp-json\/wp\/v2\/posts\/217007\/revisions"}],"wp:featuredmedia":[{"embeddable":true,"href":"http:\/\/www.tvturk.com\/index.php\/wp-json\/wp\/v2\/media\/217008"}],"wp:attachment":[{"href":"http:\/\/www.tvturk.com\/index.php\/wp-json\/wp\/v2\/media?parent=217007"}],"wp:term":[{"taxonomy":"category","embeddable":true,"href":"http:\/\/www.tvturk.com\/index.php\/wp-json\/wp\/v2\/categories?post=217007"},{"taxonomy":"post_tag","embeddable":true,"href":"http:\/\/www.tvturk.com\/index.php\/wp-json\/wp\/v2\/tags?post=217007"}],"curies":[{"name":"wp","href":"https:\/\/api.w.org\/{rel}","templated":true}]}}