{"id":217101,"date":"2019-10-18T20:32:22","date_gmt":"2019-10-18T17:32:22","guid":{"rendered":"http:\/\/www.tvturk.com\/index.php\/tobb-baskani-hisarciklioglu-diyarbakirda-evlat-nobeti-tutan-ailelerle-bir-araya-geldi\/"},"modified":"2019-10-18T20:32:22","modified_gmt":"2019-10-18T17:32:22","slug":"tobb-baskani-hisarciklioglu-diyarbakirda-evlat-nobeti-tutan-ailelerle-bir-araya-geldi","status":"publish","type":"post","link":"http:\/\/www.tvturk.com\/index.php\/tobb-baskani-hisarciklioglu-diyarbakirda-evlat-nobeti-tutan-ailelerle-bir-araya-geldi\/","title":{"rendered":"TOBB Ba\u015fkan\u0131 Hisarc\u0131kl\u0131o\u011flu, Diyarbak\u0131r\u2019da evlat n\u00f6beti tutan ailelerle bir araya geldi"},"content":{"rendered":"<p>\u00c7e\u015fitli temas ve incelemelerde bulunmak \u00fczere Diyarbak\u0131r\u2019a gelen T\u00fcrkiye Odalar ve Borsalar Birli\u011fi (TOBB) Ba\u015fkan\u0131 M. Rifat Hisarc\u0131kl\u0131o\u011flu, \u00e7ocuklar\u0131 PKK taraf\u0131ndan ka\u00e7\u0131r\u0131ld\u0131\u011f\u0131 iddia edilen ailelerle bir araya geldi.<\/p>\n<p>\u00c7e\u015fitli temas ve incelemelerde bulunmak \u00fczere Diyarbak\u0131r\u2019a gelen T\u00fcrkiye Odalar ve Borsalar Birli\u011fi (TOBB) Ba\u015fkan\u0131 M. Rifat Hisarc\u0131kl\u0131o\u011flu ile beraberindeki eski G\u0131da ve Tar\u0131m Bakan\u0131 Kutbettin Arzu, Diyarbak\u0131r Ticaret ve Sanayi Odas\u0131 (DTSO) Ba\u015fkan\u0131 Mehmet Kaya, Diyarbak\u0131r Ticaret Borsas\u0131 (DTB) Ba\u015fkan\u0131 Engin Ye\u015fil ve az\u0131 STK temsilcileri ile birlikte, \u00e7ocuklar\u0131 ter\u00f6r \u00f6rg\u00fct\u00fc PKK taraf\u0131ndan ka\u00e7\u0131r\u0131ld\u0131\u011f\u0131 iddias\u0131 ile HDP Diyarbak\u0131r \u0130l Ba\u015fkanl\u0131k Binas\u0131 \u00f6n\u00fcnde 46 g\u00fcnd\u00fcr evlat n\u00f6beti tutan ailelerle bir araya geldiler.<\/p>\n<p>Diyarbak\u0131r \u00d6\u011fretmen Evi\u2019nde ger\u00e7ekle\u015fen ziyarette Hisarc\u0131kl\u0131o\u011flu ve beraberindekiler, ailelerle tek tek g\u00f6r\u00fc\u015ferek ge\u00e7mi\u015f olsun dileklerinde bulunup, yanlar\u0131nda oldu\u011funu s\u00f6yledi. Ziyarette herhangi bir a\u00e7\u0131klama yap\u0131lmazken, g\u00f6r\u00fc\u015fme bas\u0131na kapal\u0131 devam etti.<\/p>\n","protected":false},"excerpt":{"rendered":"<p>\u00c7E\u015e\u0130TL\u0130 TEMAS VE \u0130NCELEMELERDE BULUNMAK \u00dcZERE D\u0130YARBAKIR\u2019A GELEN T\u00dcRK\u0130YE ODALAR VE BORSALAR B\u0130RL\u0130\u011e\u0130 (TOBB) BA\u015eKANI M. R\u0130FAT H\u0130SARCIKLIO\u011eLU, \u00c7OCUKLARI PKK TARAFINDAN KA\u00c7IRILDI\u011eI \u0130DD\u0130A ED\u0130LEN A\u0130LELERLE B\u0130R ARAYA GELD\u0130.<\/p>\n","protected":false},"author":1,"featured_media":217102,"comment_status":"closed","ping_status":"open","sticky":false,"template":"","format":"standard","meta":{"jetpack_post_was_ever_published":false,"_jetpack_newsletter_access":"","_jetpack_dont_email_post_to_subs":false,"_jetpack_newsletter_tier_id":0,"_jetpack_memberships_contains_paywalled_content":false,"_jetpack_memberships_contains_paid_content":false,"footnotes":"","jetpack_publicize_message":"","jetpack_publicize_feature_enabled":true,"jetpack_social_post_already_shared":true,"jetpack_social_options":{"image_generator_settings":{"template":"highway","default_image_id":0,"font":"","enabled":false},"version":2}},"categories":[1],"tags":[15371,50963,126,216,125,62,127,3863,27263,3862,7299],"class_list":["post-217101","post","type-post","status-publish","format-standard","has-post-thumbnail","hentry","category-genel","tag-evlat","tag-ailelerle","tag-araya","tag-baskani","tag-bir","tag-diyarbakirda","tag-geldi","tag-hisarciklioglu","tag-nobeti","tag-tobb","tag-tutan"],"jetpack_publicize_connections":[],"jetpack_featured_media_url":"https:\/\/i0.wp.com\/www.tvturk.com\/wp-content\/uploads\/2019\/10\/tobb-baskani-hisarciklioglu-diyarbakirda-evlat-nobeti-tutan-ailelerle-bir-araya-geldi_957f297.jpg?fit=1000%2C562","jetpack_sharing_enabled":true,"jetpack_shortlink":"https:\/\/wp.me\/paKIfm-UtD","_links":{"self":[{"href":"http:\/\/www.tvturk.com\/index.php\/wp-json\/wp\/v2\/posts\/217101","targetHints":{"allow":["GET"]}}],"collection":[{"href":"http:\/\/www.tvturk.com\/index.php\/wp-json\/wp\/v2\/posts"}],"about":[{"href":"http:\/\/www.tvturk.com\/index.php\/wp-json\/wp\/v2\/types\/post"}],"author":[{"embeddable":true,"href":"http:\/\/www.tvturk.com\/index.php\/wp-json\/wp\/v2\/users\/1"}],"replies":[{"embeddable":true,"href":"http:\/\/www.tvturk.com\/index.php\/wp-json\/wp\/v2\/comments?post=217101"}],"version-history":[{"count":0,"href":"http:\/\/www.tvturk.com\/index.php\/wp-json\/wp\/v2\/posts\/217101\/revisions"}],"wp:featuredmedia":[{"embeddable":true,"href":"http:\/\/www.tvturk.com\/index.php\/wp-json\/wp\/v2\/media\/217102"}],"wp:attachment":[{"href":"http:\/\/www.tvturk.com\/index.php\/wp-json\/wp\/v2\/media?parent=217101"}],"wp:term":[{"taxonomy":"category","embeddable":true,"href":"http:\/\/www.tvturk.com\/index.php\/wp-json\/wp\/v2\/categories?post=217101"},{"taxonomy":"post_tag","embeddable":true,"href":"http:\/\/www.tvturk.com\/index.php\/wp-json\/wp\/v2\/tags?post=217101"}],"curies":[{"name":"wp","href":"https:\/\/api.w.org\/{rel}","templated":true}]}}