{"id":217145,"date":"2019-10-19T09:16:25","date_gmt":"2019-10-19T06:16:25","guid":{"rendered":"http:\/\/www.tvturk.com\/index.php\/almanyada-firtina-hayati-felc-etti\/"},"modified":"2019-10-19T09:16:25","modified_gmt":"2019-10-19T06:16:25","slug":"almanyada-firtina-hayati-felc-etti","status":"publish","type":"post","link":"http:\/\/www.tvturk.com\/index.php\/almanyada-firtina-hayati-felc-etti\/","title":{"rendered":"Almanya\u2019da f\u0131rt\u0131na hayat\u0131 fel\u00e7 etti"},"content":{"rendered":"<p>Almanya\u2019da etkili olan f\u0131rt\u0131na a\u011fa\u00e7lar\u0131 k\u00f6k\u00fcnden s\u00f6kt\u00fc, tren ve tramvay seferleri aksad\u0131.<\/p>\n<p>Almanya\u2019da iklim de\u011fi\u015fiklikleri etkisini g\u00f6stermeye devam ediyor. D\u00fcsseldorf ba\u015fta olmak \u00fczere Bochum, Essen ve Wuppertal \u015fehirlerinde f\u0131rt\u0131na nedeniyle k\u00f6k\u00fcnden s\u00f6k\u00fclen a\u011fa\u00e7lar tramvay yoluna d\u00fc\u015ft\u00fc. Elektrik hatlar\u0131na zarar veren f\u0131rt\u0131na nedeniyle trafik kazalar\u0131 da meydana geldi. Tren ve tramvay seferleri aksad\u0131. \u0130tfaiye ekiplerinin hasar tespit \u00e7al\u0131\u015fmalar\u0131 ise devam ediyor.<\/p>\n<p>Almanya Meteoroloji Dairesi (DWD) hafta sonu i\u00e7in \u015fiddetli ya\u011fmur ve f\u0131rt\u0131na uyar\u0131s\u0131 yapt\u0131. Almanya\u2019da son y\u0131llarda iklim de\u011fi\u015fikli\u011fine ba\u011fl\u0131 olarak sel felaketleri ve \u015fiddetli f\u0131rt\u0131na etkili oluyor.<\/p>\n","protected":false},"excerpt":{"rendered":"<p>ALMANYA\u2019DA AN\u0130DEN BASTIRAN FIRTINA HAYATI FEL\u00c7 ETT\u0130.<\/p>\n","protected":false},"author":1,"featured_media":217146,"comment_status":"closed","ping_status":"open","sticky":false,"template":"","format":"standard","meta":{"jetpack_post_was_ever_published":false,"_jetpack_newsletter_access":"","_jetpack_dont_email_post_to_subs":false,"_jetpack_newsletter_tier_id":0,"_jetpack_memberships_contains_paywalled_content":false,"_jetpack_memberships_contains_paid_content":false,"footnotes":"","jetpack_publicize_message":"","jetpack_publicize_feature_enabled":true,"jetpack_social_post_already_shared":true,"jetpack_social_options":{"image_generator_settings":{"template":"highway","default_image_id":0,"font":"","enabled":false},"version":2}},"categories":[10],"tags":[6637,207,10401,972,991],"class_list":["post-217145","post","type-post","status-publish","format-standard","has-post-thumbnail","hentry","category-dunya","tag-almanyada","tag-etti","tag-felc","tag-firtina","tag-hayati"],"jetpack_publicize_connections":[],"jetpack_featured_media_url":"https:\/\/i0.wp.com\/www.tvturk.com\/wp-content\/uploads\/2019\/10\/almanyada-firtina-hayati-felc-etti_dc048e8.jpg?fit=1000%2C750","jetpack_sharing_enabled":true,"jetpack_shortlink":"https:\/\/wp.me\/paKIfm-Uul","_links":{"self":[{"href":"http:\/\/www.tvturk.com\/index.php\/wp-json\/wp\/v2\/posts\/217145","targetHints":{"allow":["GET"]}}],"collection":[{"href":"http:\/\/www.tvturk.com\/index.php\/wp-json\/wp\/v2\/posts"}],"about":[{"href":"http:\/\/www.tvturk.com\/index.php\/wp-json\/wp\/v2\/types\/post"}],"author":[{"embeddable":true,"href":"http:\/\/www.tvturk.com\/index.php\/wp-json\/wp\/v2\/users\/1"}],"replies":[{"embeddable":true,"href":"http:\/\/www.tvturk.com\/index.php\/wp-json\/wp\/v2\/comments?post=217145"}],"version-history":[{"count":0,"href":"http:\/\/www.tvturk.com\/index.php\/wp-json\/wp\/v2\/posts\/217145\/revisions"}],"wp:featuredmedia":[{"embeddable":true,"href":"http:\/\/www.tvturk.com\/index.php\/wp-json\/wp\/v2\/media\/217146"}],"wp:attachment":[{"href":"http:\/\/www.tvturk.com\/index.php\/wp-json\/wp\/v2\/media?parent=217145"}],"wp:term":[{"taxonomy":"category","embeddable":true,"href":"http:\/\/www.tvturk.com\/index.php\/wp-json\/wp\/v2\/categories?post=217145"},{"taxonomy":"post_tag","embeddable":true,"href":"http:\/\/www.tvturk.com\/index.php\/wp-json\/wp\/v2\/tags?post=217145"}],"curies":[{"name":"wp","href":"https:\/\/api.w.org\/{rel}","templated":true}]}}