{"id":217203,"date":"2019-10-19T10:47:21","date_gmt":"2019-10-19T07:47:21","guid":{"rendered":"http:\/\/www.tvturk.com\/index.php\/ozel-haber-ahmet-onder-inaniyorum-ki-tokyo-2020de-bayragimizi-dalgalandirip-istiklal-marsimizi-okutacagiz\/"},"modified":"2019-10-19T10:47:21","modified_gmt":"2019-10-19T07:47:21","slug":"ozel-haber-ahmet-onder-inaniyorum-ki-tokyo-2020de-bayragimizi-dalgalandirip-istiklal-marsimizi-okutacagiz","status":"publish","type":"post","link":"http:\/\/www.tvturk.com\/index.php\/ozel-haber-ahmet-onder-inaniyorum-ki-tokyo-2020de-bayragimizi-dalgalandirip-istiklal-marsimizi-okutacagiz\/","title":{"rendered":"(\u00d6zel Haber) Ahmet \u00d6nder: \u201c\u0130nan\u0131yorum ki Tokyo 2020\u2019de bayra\u011f\u0131m\u0131z\u0131 dalgaland\u0131r\u0131p, \u0130stiklal Mar\u015f\u0131m\u0131z\u0131 okutaca\u011f\u0131z\u201d"},"content":{"rendered":"<p>Artistik Cimnastik D\u00fcnya \u015eampiyonas\u0131\u2019nda g\u00fcm\u00fc\u015f madalya kazanan Ahmet \u00d6nder, \u201c\u0130nan\u0131yorum ki Tokyo 2020\u2019de bayra\u011f\u0131m\u0131z\u0131 dalgaland\u0131r\u0131p, \u0130stiklal Mar\u015f\u0131m\u0131z\u0131 okutaca\u011f\u0131z\u201d dedi.<\/p>\n<p>Almanya\u2019n\u0131n Stuttgart kentinde ger\u00e7ekle\u015ftirilen Artistik Cimnastik D\u00fcnya \u015eampiyonas\u0131\u2019nda d\u00fcnya ikincisi olarak bu bran\u015fta T\u00fcrkiye tarihinde bir ilke imza atan Ahmet \u00d6nder, \u0130hlas Haber Ajans\u0131 muhabirinin sorular\u0131n\u0131 yan\u0131tlad\u0131. Cimnastik sporuna ba\u015flad\u0131ktan k\u0131sa bir s\u00fcre sonra babas\u0131n\u0131 kaybeden fakat ona verdi\u011fi s\u00f6z\u00fc yerine getirmek i\u00e7in pes etmeden \u00e7al\u0131\u015fan Milli Cimnastik\u00e7i \u00d6nder, \u201cD\u00fcnya \u015eampiyonas\u0131nda madalya alarak olimpiyatlara kota ald\u0131m ve bu s\u00f6z\u00fc ger\u00e7ekle\u015ftirmek i\u00e7in bir f\u0131rsat yakalad\u0131m\u201d diye konu\u015ftu.<\/p>\n<p>\u201cPes etmezseniz ba\u015far\u0131y\u0131 eninde sonunda yakal\u0131yorsunuz\u201d<\/p>\n<p>Cimnastik sporuna ba\u015flad\u0131ktan sonra ya\u015fad\u0131\u011f\u0131 zorluklara de\u011finen milli sporcu Ahmet \u00d6nder, \u201c8 ya\u015f\u0131nda ba\u015flad\u0131\u011f\u0131m bu sporu 15 y\u0131ld\u0131r yap\u0131yorum. Bu s\u00fcre\u00e7te kar\u015f\u0131la\u015ft\u0131\u011f\u0131m bir\u00e7ok zorluk oldu. Spora ba\u015flad\u0131ktan 4-5 y\u0131l sonra en b\u00fcy\u00fck destek\u00e7im olan babam\u0131 kaybettim. Ama ona bir s\u00f6z vermi\u015ftim. Hayalimin olimpiyat madalyas\u0131 oldu\u011funu s\u00f6ylemi\u015ftim. Madalya alarak olimpiyatlara kota ald\u0131m ve bu s\u00f6z\u00fc ger\u00e7ekle\u015ftirmek i\u00e7in bir f\u0131rsat yakalad\u0131m. Onun s\u00f6z\u00fcn\u00fc tutmak istiyorum. Daha soras\u0131nda bir\u00e7ok sakatl\u0131k ya\u015fad\u0131m. Pes etme noktas\u0131na kadar geldim. Fakat \u00f6nemli olan bir sporcunun oradan do\u011fru bir \u015fekilde o sakatl\u0131klardan nas\u0131l kurtuldu\u011fu. Ben bu zorluklar\u0131 a\u015ft\u0131\u011f\u0131m i\u00e7in ba\u015far\u0131l\u0131 bir sporcu oldum. \u00c7\u00fcnk\u00fc zorluklar hayat\u0131n ka\u00e7\u0131n\u0131lmaz taraf\u0131. Hi\u00e7bir zaman pes etmezseniz ba\u015far\u0131y\u0131 eninde sonunda yakal\u0131yorsunuz\u201d ifadelerini kulland\u0131.<\/p>\n<p>\u201c\u00c7ok fazla antrenman yapmam\u0131z\u0131n kar\u015f\u0131l\u0131\u011f\u0131n\u0131 ald\u0131\u011f\u0131m\u0131z\u0131 d\u00fc\u015f\u00fcn\u00fcyorum\u201d<\/p>\n<p>\u015eampiyonaya haz\u0131rl\u0131k s\u00fcrecinden bahseden Milli Cimnastik\u00e7i Ahmet \u00d6nder, \u201c\u015eampiyonadan 1 y\u0131l \u00f6nce ba\u015flayan milli tak\u0131m kamplar\u0131m\u0131z oldu. S\u00fcrekli yar\u0131\u015fmalara girdik. \u00dclkeme Avrupa Oyunlar\u0131nda g\u00fcm\u00fc\u015f madalya kazand\u0131rd\u0131m. \u00dcniversite oyunlar\u0131nda ise bronz madalya kazand\u0131rd\u0131m. D\u00fcnya kupas\u0131nda madalya ald\u0131m. Bu madalyalar ile birlikte D\u00fcnya \u015eampiyonas\u0131nda da madalya alabilece\u011fimin sinyallerini vermi\u015f oldum. Dolay\u0131s\u0131yla \u00e7ok b\u00fcy\u00fck bir emek var. Antren\u00f6r\u00fcm Y\u0131lmaz G\u00f6ktekin ile birlikte \u00e7ok fazla antrenman yapmam\u0131z\u0131n kar\u015f\u0131l\u0131\u011f\u0131n\u0131 ald\u0131\u011f\u0131m\u0131z\u0131 d\u00fc\u015f\u00fcn\u00fcyorum. D\u00fcnya \u015eampiyonas\u0131nda hem yar\u0131\u015fma \u00f6ncesi hem yar\u0131\u015fma sonras\u0131 T\u00fcrk milletinin deste\u011fi m\u00fcthi\u015fti. \u0130nan\u0131lmaz bir destek vard\u0131. Onlara da bu gururu ve sevinci ya\u015fatmam beni ayr\u0131ca gururland\u0131rd\u0131\u201d dedi.<\/p>\n<p>\u201c\u0130nan\u0131yorum ki Tokyo\u2019da \u0130stiklal Mar\u015f\u0131m\u0131z\u0131 okutaca\u011f\u0131z\u201d<\/p>\n<p>Hedefin art\u0131k olimpiyat madalyas\u0131 oldu\u011funu vurgulayan sporcu Ahmet \u00d6nder, \u201cBundan sonra hedef olarak Tokyo 2020 Olimpiyat Oyunlar\u0131\u2019na kilitlendik. D\u00fcnya \u015eampiyonas\u0131nda ald\u0131\u011f\u0131m\u0131z madalya ile birlikte \u2018Neden bir olimpiyat madalyas\u0131n\u0131 da \u00fclkemize kazand\u0131rmayal\u0131m?\u2019 diye inanmaya ba\u015flad\u0131k. \u015eimdi bunun i\u00e7in \u00e7al\u0131\u015fmalar\u0131m\u0131za devam edece\u011fiz. \u0130nan\u0131yorum ki Tokyo 2020 olimpiyat Oyunlar\u0131\u2019nda bayra\u011f\u0131m\u0131z\u0131 dalgaland\u0131r\u0131p, \u0130stiklal Mar\u015f\u0131m\u0131z\u0131 okutaca\u011f\u0131z\u201d dedi.<\/p>\n","protected":false},"excerpt":{"rendered":"<p>ART\u0130ST\u0130K C\u0130MNAST\u0130K D\u00dcNYA \u015eAMP\u0130YONASI&#8217;NDA G\u00dcM\u00dc\u015e MADALYA KAZANAN AHMET \u00d6NDER, \u201c\u0130NANIYORUM K\u0130 TOKYO 2020\u2019DE BAYRA\u011eIMIZI DALGALANDIRIP, \u0130ST\u0130KLAL MAR\u015eIMIZI OKUTACA\u011eIZ\u201d DED\u0130.<\/p>\n","protected":false},"author":1,"featured_media":217204,"comment_status":"closed","ping_status":"open","sticky":false,"template":"","format":"standard","meta":{"jetpack_post_was_ever_published":false,"_jetpack_newsletter_access":"","_jetpack_dont_email_post_to_subs":false,"_jetpack_newsletter_tier_id":0,"_jetpack_memberships_contains_paywalled_content":false,"_jetpack_memberships_contains_paid_content":false,"footnotes":"","jetpack_publicize_message":"","jetpack_publicize_feature_enabled":true,"jetpack_social_post_already_shared":true,"jetpack_social_options":{"image_generator_settings":{"template":"highway","default_image_id":0,"font":"","enabled":false},"version":2}},"categories":[657],"tags":[34771,1073,22813,3634,54939,1545,28881,14044,51296,54940,7619,2688],"class_list":["post-217203","post","type-post","status-publish","format-standard","has-post-thumbnail","hentry","category-spor","tag-bayragimizi","tag-ozel","tag-2020de","tag-ahmet","tag-dalgalandirip","tag-haber","tag-inaniyorum","tag-istiklal","tag-marsimizi","tag-okutacagiz","tag-onder","tag-tokyo"],"jetpack_publicize_connections":[],"jetpack_featured_media_url":"https:\/\/i0.wp.com\/www.tvturk.com\/wp-content\/uploads\/2019\/10\/ozel-haber-ahmet-onder-inaniyorum-ki-tokyo-2020de-bayragimizi-dalgalandirip-istiklal-marsimizi-okutacagiz_34a7f98.jpg?fit=1000%2C772","jetpack_sharing_enabled":true,"jetpack_shortlink":"https:\/\/wp.me\/paKIfm-Uvh","_links":{"self":[{"href":"http:\/\/www.tvturk.com\/index.php\/wp-json\/wp\/v2\/posts\/217203","targetHints":{"allow":["GET"]}}],"collection":[{"href":"http:\/\/www.tvturk.com\/index.php\/wp-json\/wp\/v2\/posts"}],"about":[{"href":"http:\/\/www.tvturk.com\/index.php\/wp-json\/wp\/v2\/types\/post"}],"author":[{"embeddable":true,"href":"http:\/\/www.tvturk.com\/index.php\/wp-json\/wp\/v2\/users\/1"}],"replies":[{"embeddable":true,"href":"http:\/\/www.tvturk.com\/index.php\/wp-json\/wp\/v2\/comments?post=217203"}],"version-history":[{"count":0,"href":"http:\/\/www.tvturk.com\/index.php\/wp-json\/wp\/v2\/posts\/217203\/revisions"}],"wp:featuredmedia":[{"embeddable":true,"href":"http:\/\/www.tvturk.com\/index.php\/wp-json\/wp\/v2\/media\/217204"}],"wp:attachment":[{"href":"http:\/\/www.tvturk.com\/index.php\/wp-json\/wp\/v2\/media?parent=217203"}],"wp:term":[{"taxonomy":"category","embeddable":true,"href":"http:\/\/www.tvturk.com\/index.php\/wp-json\/wp\/v2\/categories?post=217203"},{"taxonomy":"post_tag","embeddable":true,"href":"http:\/\/www.tvturk.com\/index.php\/wp-json\/wp\/v2\/tags?post=217203"}],"curies":[{"name":"wp","href":"https:\/\/api.w.org\/{rel}","templated":true}]}}