{"id":217327,"date":"2019-10-19T14:17:31","date_gmt":"2019-10-19T11:17:31","guid":{"rendered":"http:\/\/www.tvturk.com\/index.php\/galatasaray-ara-vermeden-basladi-2\/"},"modified":"2019-10-19T14:17:31","modified_gmt":"2019-10-19T11:17:31","slug":"galatasaray-ara-vermeden-basladi-2","status":"publish","type":"post","link":"http:\/\/www.tvturk.com\/index.php\/galatasaray-ara-vermeden-basladi-2\/","title":{"rendered":"Galatasaray ara vermeden ba\u015flad\u0131"},"content":{"rendered":"<p>Galatasaray, UEFA \u015eampiyonlar Ligi A Grubu \u00fc\u00e7\u00fcnc\u00fc ma\u00e7\u0131nda evinde \u0130spanyol ekibi Real Madrid ile oynayaca\u011f\u0131 m\u00fcsabakan\u0131n haz\u0131rl\u0131klar\u0131na yapt\u0131\u011f\u0131 antrenmanla ba\u015flad\u0131.<\/p>\n<p>Florya Metin Oktay Tesisleri\u2019nde Teknik Direkt\u00f6r Fatih Terim g\u00f6zetimindeki antrenmanda d\u00fcn ak\u015fam oynanan Sivasspor kar\u015f\u0131la\u015fmas\u0131nda tam s\u00fcre alan futbolcular g\u00fcn\u00fc yenilenme \u00e7al\u0131\u015fmas\u0131yla tamamlad\u0131. Di\u011fer futbolcular ise \u0131s\u0131nma hareketlerinin ard\u0131ndan oyunsal formda dar alan pas \u00e7al\u0131\u015fmas\u0131 yapt\u0131. Antrenman\u0131n ana b\u00f6l\u00fcm\u00fcnde oyunsal formda dayan\u0131kl\u0131l\u0131\u011fa y\u00f6nelik \u00e7ift kale oyun oynand\u0131. Antrenman, yenilenme ko\u015fusu ve so\u011fuma hareketlerinin ard\u0131ndan sona erdi.<\/p>\n<p>Mario Lemina, antrenman\u0131n tamam\u0131nda tak\u0131mla birlikte \u00e7al\u0131\u015f\u0131rken, Radamel Falcao ise fizyoterapistler e\u015fli\u011finde sahada tak\u0131mdan ayr\u0131 \u00f6zel bir \u00e7al\u0131\u015fma ger\u00e7ekle\u015ftirdi.<\/p>\n<p>Galatasaray, Real Madrid kar\u015f\u0131la\u015fmas\u0131n\u0131n haz\u0131rl\u0131klar\u0131na yar\u0131n saat 11.00\u2019de Florya Metin Oktay Tesisleri\u2019nde ger\u00e7ekle\u015ftirece\u011fi antrenmanla devam edecek.<\/p>\n","protected":false},"excerpt":{"rendered":"<p>GALATASARAY, UEFA \u015eAMP\u0130YONLAR L\u0130G\u0130 A GRUBU \u00dc\u00c7\u00dcNC\u00dc MA\u00c7INDA EV\u0130NDE \u0130SPANYOL EK\u0130B\u0130 REAL MADR\u0130D \u0130LE OYNAYACA\u011eI M\u00dcSABAKANIN HAZIRLIKLARINA YAPTI\u011eI ANTRENMANLA BA\u015eLADI.<\/p>\n","protected":false},"author":1,"featured_media":217328,"comment_status":"closed","ping_status":"open","sticky":false,"template":"","format":"standard","meta":{"jetpack_post_was_ever_published":false,"_jetpack_newsletter_access":"","_jetpack_dont_email_post_to_subs":false,"_jetpack_newsletter_tier_id":0,"_jetpack_memberships_contains_paywalled_content":false,"_jetpack_memberships_contains_paid_content":false,"footnotes":"","jetpack_publicize_message":"","jetpack_publicize_feature_enabled":true,"jetpack_social_post_already_shared":true,"jetpack_social_options":{"image_generator_settings":{"template":"highway","default_image_id":0,"font":"","enabled":false},"version":2}},"categories":[657],"tags":[112,55,1976,13491],"class_list":["post-217327","post","type-post","status-publish","format-standard","has-post-thumbnail","hentry","category-spor","tag-ara","tag-basladi","tag-galatasaray","tag-vermeden"],"jetpack_publicize_connections":[],"jetpack_featured_media_url":"https:\/\/i0.wp.com\/www.tvturk.com\/wp-content\/uploads\/2019\/10\/galatasaray-ara-vermeden-basladi_972dce6.jpg?fit=1000%2C799","jetpack_sharing_enabled":true,"jetpack_shortlink":"https:\/\/wp.me\/paKIfm-Uxh","_links":{"self":[{"href":"http:\/\/www.tvturk.com\/index.php\/wp-json\/wp\/v2\/posts\/217327","targetHints":{"allow":["GET"]}}],"collection":[{"href":"http:\/\/www.tvturk.com\/index.php\/wp-json\/wp\/v2\/posts"}],"about":[{"href":"http:\/\/www.tvturk.com\/index.php\/wp-json\/wp\/v2\/types\/post"}],"author":[{"embeddable":true,"href":"http:\/\/www.tvturk.com\/index.php\/wp-json\/wp\/v2\/users\/1"}],"replies":[{"embeddable":true,"href":"http:\/\/www.tvturk.com\/index.php\/wp-json\/wp\/v2\/comments?post=217327"}],"version-history":[{"count":0,"href":"http:\/\/www.tvturk.com\/index.php\/wp-json\/wp\/v2\/posts\/217327\/revisions"}],"wp:featuredmedia":[{"embeddable":true,"href":"http:\/\/www.tvturk.com\/index.php\/wp-json\/wp\/v2\/media\/217328"}],"wp:attachment":[{"href":"http:\/\/www.tvturk.com\/index.php\/wp-json\/wp\/v2\/media?parent=217327"}],"wp:term":[{"taxonomy":"category","embeddable":true,"href":"http:\/\/www.tvturk.com\/index.php\/wp-json\/wp\/v2\/categories?post=217327"},{"taxonomy":"post_tag","embeddable":true,"href":"http:\/\/www.tvturk.com\/index.php\/wp-json\/wp\/v2\/tags?post=217327"}],"curies":[{"name":"wp","href":"https:\/\/api.w.org\/{rel}","templated":true}]}}