{"id":217383,"date":"2019-10-19T16:03:14","date_gmt":"2019-10-19T13:03:14","guid":{"rendered":"http:\/\/www.tvturk.com\/index.php\/beyza-agaoglu-trabzonspor-insallah-hak-ettigi-basariyi-kazanacak\/"},"modified":"2019-10-19T16:03:14","modified_gmt":"2019-10-19T13:03:14","slug":"beyza-agaoglu-trabzonspor-insallah-hak-ettigi-basariyi-kazanacak","status":"publish","type":"post","link":"http:\/\/www.tvturk.com\/index.php\/beyza-agaoglu-trabzonspor-insallah-hak-ettigi-basariyi-kazanacak\/","title":{"rendered":"Beyza A\u011fao\u011flu: \u201cTrabzonspor in\u015fallah hak etti\u011fi ba\u015far\u0131y\u0131 kazanacak\u201d"},"content":{"rendered":"<p>Trabzonspor Kul\u00fcb\u00fc Ba\u015fkan\u0131 Ahmet A\u011fao\u011flu\u2019nun e\u015fi Beyza A\u011fao\u011flu, ebru sergisi a\u00e7t\u0131. Sergide konu\u015fan Beyza A\u011fao\u011flu, Trabzonspor\u2019un b\u00fct\u00fcn ma\u00e7lar\u0131n\u0131 takip etti\u011fini belirterek, \u201c\u0130n\u015fallah hak ettikleri ba\u015far\u0131y\u0131 yakalayacaklar\u201d dedi.<\/p>\n<p>Trabzonspor Kul\u00fcb\u00fc Ba\u015fkan\u0131 Ahmet A\u011fao\u011flu\u2019nun e\u015fi Beyza A\u011fao\u011flu, Be\u015fikta\u015f\u2019ta bulunan Deniz M\u00fczesi\u2019nde yapt\u0131\u011f\u0131 eserleriyle sergi a\u00e7t\u0131. 2016 y\u0131l\u0131nda ilk ki\u015fisel sergisini a\u00e7an Beyza A\u011fao\u011flu, ikinci sergisinde ise minyat\u00fcr sanat\u0131yla ebru sanat\u0131n\u0131 birlikte i\u015fledi. Sergiyi haz\u0131rlamas\u0131n\u0131n 3 sene s\u00fcrd\u00fc\u011f\u00fcn\u00fc ifade eden Beyza A\u011fao\u011flu, \u201cKonsept bir sergi. Ben asl\u0131nda ebru sanat\u00e7\u0131s\u0131y\u0131m, 10 y\u0131ld\u0131r ebru yap\u0131yorum ve ayn\u0131 zamanda hocal\u0131k da yap\u0131yorum, 4 y\u0131ld\u0131r da minyat\u00fcr yap\u0131yorum. Bu sefer minyat\u00fcr ve ebruyu bir arada yapt\u0131m. Konulu bir sergi. 4 unsur, 12 bur\u00e7 ve gezegenler var. Ebru sanat\u00e7\u0131s\u0131 oldu\u011fum i\u00e7in bur\u00e7lar\u0131n \u00e7i\u00e7eklerini de yapt\u0131m\u201d ifadelerini kulland\u0131.<\/p>\n<p>\u201cHer ma\u00e7\u0131 dikkatle takip ediyorum\u201d<\/p>\n<p>E\u015fi Ahmet A\u011fao\u011flu\u2019nun Trabzonspor Kul\u00fcb\u00fc Ba\u015fkan\u0131 olmas\u0131 nedeniyle ve ailece fanatik Trabzonsporlu olduklar\u0131 i\u00e7in, bordo-mavili ekibin logosunu da akkase y\u00f6ntemiyle tasarlad\u0131\u011f\u0131n\u0131 ifade eden Beyza A\u011fao\u011flu, \u201cBu tabloyu da giri\u015fe nazarl\u0131k olarak koyduk. Ben sanat a\u011f\u0131rl\u0131kl\u0131 ya\u015fayan birisiyim ama Ahmet, ba\u015fkan olduktan sonra ben de bir futbol fanati\u011fi oldum, futboldan anlar oldum. Trabzonspor\u2019un her ma\u00e7\u0131n\u0131 dikkatle izliyorum. Trabzonspor\u2019u ve camiay\u0131 \u00e7ok seviyorum. Ahmet de \u00e7ok sevdi\u011fi bir \u015fey yap\u0131yor. Ba\u015fkan e\u015fi olmak iyi bir \u015fey, bana herhangi bir rahats\u0131zl\u0131k vermiyor ve onu y\u00fcrekten destekliyorum\u201d dedi. Tak\u0131m\u0131n iyi gitti\u011fini de s\u00f6zlerine ekleyen Beyza A\u011fao\u011flu, \u201c\u00c7ok g\u00fczel gidiyorlar, dualar\u0131m onlarla. \u0130n\u015fallah hak ettiklerini al\u0131rlar\u201d diyerek \u015fampiyonluk dile\u011finde bulundu. Beyza A\u011fao\u011flu\u2019nun sergisine Trabzonspor Kul\u00fcb\u00fc, Teknik Direkt\u00f6r \u00dcnal Karaman ve cemiyet hayat\u0131n\u0131n \u00f6nde gelen isimleri de \u00e7i\u00e7ek g\u00f6nderdi.<\/p>\n","protected":false},"excerpt":{"rendered":"<p>TRABZONSPOR KUL\u00dcB\u00dc BA\u015eKANI AHMET A\u011eAO\u011eLU\u2019NUN E\u015e\u0130 BEYZA A\u011eAO\u011eLU, EBRU SERG\u0130S\u0130 A\u00c7TI.<\/p>\n","protected":false},"author":1,"featured_media":217384,"comment_status":"closed","ping_status":"open","sticky":false,"template":"","format":"standard","meta":{"jetpack_post_was_ever_published":false,"_jetpack_newsletter_access":"","_jetpack_dont_email_post_to_subs":false,"_jetpack_newsletter_tier_id":0,"_jetpack_memberships_contains_paywalled_content":false,"_jetpack_memberships_contains_paid_content":false,"footnotes":"","jetpack_publicize_message":"","jetpack_publicize_feature_enabled":true,"jetpack_social_post_already_shared":true,"jetpack_social_options":{"image_generator_settings":{"template":"highway","default_image_id":0,"font":"","enabled":false},"version":2}},"categories":[657],"tags":[985,21969,44329,965,964,963,1869,916],"class_list":["post-217383","post","type-post","status-publish","format-standard","has-post-thumbnail","hentry","category-spor","tag-agaoglu","tag-basariyi","tag-beyza","tag-ettigi","tag-hak","tag-insallah","tag-kazanacak","tag-trabzonspor"],"jetpack_publicize_connections":[],"jetpack_featured_media_url":"https:\/\/i0.wp.com\/www.tvturk.com\/wp-content\/uploads\/2019\/10\/beyza-agaoglu-trabzonspor-insallah-hak-ettigi-basariyi-kazanacak_e4c1d7c.jpg?fit=1000%2C640","jetpack_sharing_enabled":true,"jetpack_shortlink":"https:\/\/wp.me\/paKIfm-Uyb","_links":{"self":[{"href":"http:\/\/www.tvturk.com\/index.php\/wp-json\/wp\/v2\/posts\/217383","targetHints":{"allow":["GET"]}}],"collection":[{"href":"http:\/\/www.tvturk.com\/index.php\/wp-json\/wp\/v2\/posts"}],"about":[{"href":"http:\/\/www.tvturk.com\/index.php\/wp-json\/wp\/v2\/types\/post"}],"author":[{"embeddable":true,"href":"http:\/\/www.tvturk.com\/index.php\/wp-json\/wp\/v2\/users\/1"}],"replies":[{"embeddable":true,"href":"http:\/\/www.tvturk.com\/index.php\/wp-json\/wp\/v2\/comments?post=217383"}],"version-history":[{"count":0,"href":"http:\/\/www.tvturk.com\/index.php\/wp-json\/wp\/v2\/posts\/217383\/revisions"}],"wp:featuredmedia":[{"embeddable":true,"href":"http:\/\/www.tvturk.com\/index.php\/wp-json\/wp\/v2\/media\/217384"}],"wp:attachment":[{"href":"http:\/\/www.tvturk.com\/index.php\/wp-json\/wp\/v2\/media?parent=217383"}],"wp:term":[{"taxonomy":"category","embeddable":true,"href":"http:\/\/www.tvturk.com\/index.php\/wp-json\/wp\/v2\/categories?post=217383"},{"taxonomy":"post_tag","embeddable":true,"href":"http:\/\/www.tvturk.com\/index.php\/wp-json\/wp\/v2\/tags?post=217383"}],"curies":[{"name":"wp","href":"https:\/\/api.w.org\/{rel}","templated":true}]}}