{"id":217479,"date":"2019-10-19T20:47:33","date_gmt":"2019-10-19T17:47:33","guid":{"rendered":"http:\/\/www.tvturk.com\/index.php\/unal-karaman-kritik-donemde-oynadigimiz-bir-musabakaydi\/"},"modified":"2019-10-19T20:47:33","modified_gmt":"2019-10-19T17:47:33","slug":"unal-karaman-kritik-donemde-oynadigimiz-bir-musabakaydi","status":"publish","type":"post","link":"http:\/\/www.tvturk.com\/index.php\/unal-karaman-kritik-donemde-oynadigimiz-bir-musabakaydi\/","title":{"rendered":"\u00dcnal Karaman: &#8220;Kritik d\u00f6nemde oynad\u0131\u011f\u0131m\u0131z bir m\u00fcsabakayd\u0131&#8221;"},"content":{"rendered":"<p>Trabzonspor Teknik Direkt\u00f6r\u00fc \u00dcnal Karaman, Gaziantep ma\u00e7\u0131n\u0131n kritik d\u00f6nemde oynanan bir m\u00fcsabaka oldu\u011funu s\u00f6yledi.<\/p>\n<p>S\u00fcper Lig\u2019in 8. haftas\u0131nda Trabzonspor ile Gaziantep FK kar\u015f\u0131la\u015ft\u0131. M\u00fcsabaka ev sahibi bordo-mavililerin 4-1 \u00fcst\u00fcnl\u00fc\u011f\u00fcyle sonu\u00e7land\u0131. Ma\u00e7\u0131n ard\u0131ndan d\u00fczenlenen bas\u0131n toplant\u0131s\u0131nda konu\u015fan Trabzonspor Teknik Direkt\u00f6r\u00fc \u00dcnal Karaman, yap\u0131lan hamlelerden ve \u00fcretilen pozisyonlar sonras\u0131 kazan\u0131lan m\u00fcsabakadan memnun oldu\u011funu belirterek, &#8220;Kritik d\u00f6nemde oynad\u0131\u011f\u0131m\u0131z bir m\u00fcsabakayd\u0131. Zaman zaman oyun i\u00e7erisinde zorluk ya\u015fad\u0131\u011f\u0131m\u0131z pozisyonlar olsa da ma\u00e7 genelinde \u00f6ncelikle verilen m\u00fccadeleden, sonra da kazanmak ad\u0131na yap\u0131lan hamlelerden ve \u00fcretilen pozisyonlar sonras\u0131 kazan\u0131lan m\u00fcsabakadan memnunum. Oyuncular\u0131m\u0131 tebrik ediyorum. Bizleri destekleyen taraftarlar\u0131m\u0131za te\u015fekk\u00fcr ediyoruz. Camiam\u0131za hay\u0131rl\u0131 olsun&#8221; dedi.<\/p>\n<p>Bir bas\u0131n mensubunun &#8220;Sturridge\u2019nin \u015fu anda tam haz\u0131r olup olmad\u0131\u011f\u0131&#8221; y\u00f6n\u00fcndeki soruya Karaman, &#8220;Biz Rizespor m\u00fcsabakas\u0131n\u0131 oynad\u0131ktan sonra Filip Novak ve Daniel Sturridge 10-11 g\u00fcn bizden ayr\u0131 kald\u0131. 1-1,5 antrenmana bizimle kat\u0131ld\u0131lar. Her oyuncumuzu ekonomik kullanma gayreti i\u00e7erisindeyiz. Sturridge \u015fu an tak\u0131ma yapt\u0131\u011f\u0131m\u0131z y\u00fcklemeyi kald\u0131racak boyutta de\u011fil. Zaman zaman \u00f6zel antrenmanlar\u0131 oluyor. Bazen sonradan kullanarak, bazen 11 ba\u015flayarak bir noktaya \u00e7ekmeye \u00e7al\u0131\u015faca\u011f\u0131z. Bu nokta i\u00e7erisinde sakatl\u0131k kervan\u0131na bir oyuncu daha eklemek istemiyoruz. Onun i\u00e7in bazen 30, bazen 60 dakika oynayarak g\u00fc\u00e7lenmeye ihtiyac\u0131 var. Gen\u00e7 tecr\u00fcbesiz oyuncu de\u011fil. Belli bir birikime sahip. Y\u00fcklemeleri de k\u0131smen onunla isti\u015fare ederek yap\u0131yoruz. Kondisyon \u00e7al\u0131\u015fmalar\u0131nda \u00f6zel antrenman boyutuna al\u0131yoruz. \u00c7\u00fcnk\u00fc onlar\u0131 hen\u00fcz kald\u0131racak boyutta de\u011fil&#8221; \u015feklinde konu\u015ftu.<\/p>\n<p>&#8220;Gururla s\u00f6yl\u00fcyorum Sosa\u2019n\u0131n burada duru\u015fu \u00e7ok \u00f6nemli&#8221;<\/p>\n<p>Sosa\u2019n\u0131n defansif anlamda performans\u0131na y\u00f6nelik soruya ili\u015fkin de Karaman, &#8220;Bizler ne kadar bu formaya aidiyet hissediyorsak, bu tak\u0131m\u0131n kaptan\u0131 da en az o kadar bu formaya aidiyet hissediyor. Yar\u0131n Sosa\u2019ya \u2019santrafor oynayacaks\u0131n, orada ihtiyac\u0131m var\u2019 desem eminim ki orada da ayn\u0131 performans\u0131 vermeye gayret eder, o samimiyetle m\u00fccadele edecek. Aslolan niyet. Gururla s\u00f6yl\u00fcyorum Sosa\u2019n\u0131n burada duru\u015fu \u00e7ok \u00f6nemli. Bizim kenardan verdi\u011fimiz destek g\u00fc\u00e7 kadar onun sahada hem oyun performans\u0131 hem de arkada\u015flar\u0131n\u0131 y\u00f6nlendirme noktas\u0131nda m\u00fckemmel kaptanl\u0131k yap\u0131yor, iyi de oynuyor. O sorumlulu\u011fun da fark\u0131nda. Bizlere de gurur duymak d\u00fc\u015f\u00fcyor. Kendisini tebrik ediyorum. Zaten o b\u00f6lgede biz oynatt\u0131\u011f\u0131m\u0131z \u00fc\u00e7 oyuncuyu da rakibin pozisyonuna g\u00f6re de\u011fi\u015fken oynat\u0131yoruz. Bug\u00fcn rakip \u00e7ift santrafor oynuyordu, ona g\u00f6re haz\u0131rl\u0131klar\u0131m\u0131z\u0131 yapm\u0131\u015ft\u0131k. Bir oyuncumuz mutlaka o b\u00f6lge i\u00e7erisinde olacakt\u0131 ki bunun Sosa olarak de\u011ferlendirdik. \u0130yi de oynad\u0131. Sorumlulukta ald\u0131. Gere\u011fini yapt\u0131. Di\u011fer oyuncular\u0131m\u0131zla birlikte kendisini tebrik ediyorum&#8221; ifadelerini kulland\u0131.<\/p>\n","protected":false},"excerpt":{"rendered":"<p>TRABZONSPOR TEKN\u0130K D\u0130REKT\u00d6R\u00dc \u00dcNAL KARAMAN, GAZ\u0130ANTEP MA\u00c7ININ KR\u0130T\u0130K D\u00d6NEMDE OYNANAN B\u0130R M\u00dcSABAKA OLDU\u011eUNU S\u00d6YLED\u0130.<\/p>\n","protected":false},"author":1,"featured_media":217480,"comment_status":"closed","ping_status":"open","sticky":false,"template":"","format":"standard","meta":{"jetpack_post_was_ever_published":false,"_jetpack_newsletter_access":"","_jetpack_dont_email_post_to_subs":false,"_jetpack_newsletter_tier_id":0,"_jetpack_memberships_contains_paywalled_content":false,"_jetpack_memberships_contains_paid_content":false,"footnotes":"","jetpack_publicize_message":"","jetpack_publicize_feature_enabled":true,"jetpack_social_post_already_shared":true,"jetpack_social_options":{"image_generator_settings":{"template":"highway","default_image_id":0,"font":"","enabled":false},"version":2}},"categories":[657],"tags":[53583,125,4922,3774,9710,37183,5877],"class_list":["post-217479","post","type-post","status-publish","format-standard","has-post-thumbnail","hentry","category-spor","tag-oynadigimiz","tag-bir","tag-donemde","tag-karaman","tag-kritik","tag-musabakaydi","tag-unal"],"jetpack_publicize_connections":[],"jetpack_featured_media_url":"https:\/\/i0.wp.com\/www.tvturk.com\/wp-content\/uploads\/2019\/10\/unal-karaman-kritik-donemde-oynadigimiz-bir-musabakaydi_86134b6.jpg?fit=1000%2C562","jetpack_sharing_enabled":true,"jetpack_shortlink":"https:\/\/wp.me\/paKIfm-UzJ","_links":{"self":[{"href":"http:\/\/www.tvturk.com\/index.php\/wp-json\/wp\/v2\/posts\/217479","targetHints":{"allow":["GET"]}}],"collection":[{"href":"http:\/\/www.tvturk.com\/index.php\/wp-json\/wp\/v2\/posts"}],"about":[{"href":"http:\/\/www.tvturk.com\/index.php\/wp-json\/wp\/v2\/types\/post"}],"author":[{"embeddable":true,"href":"http:\/\/www.tvturk.com\/index.php\/wp-json\/wp\/v2\/users\/1"}],"replies":[{"embeddable":true,"href":"http:\/\/www.tvturk.com\/index.php\/wp-json\/wp\/v2\/comments?post=217479"}],"version-history":[{"count":0,"href":"http:\/\/www.tvturk.com\/index.php\/wp-json\/wp\/v2\/posts\/217479\/revisions"}],"wp:featuredmedia":[{"embeddable":true,"href":"http:\/\/www.tvturk.com\/index.php\/wp-json\/wp\/v2\/media\/217480"}],"wp:attachment":[{"href":"http:\/\/www.tvturk.com\/index.php\/wp-json\/wp\/v2\/media?parent=217479"}],"wp:term":[{"taxonomy":"category","embeddable":true,"href":"http:\/\/www.tvturk.com\/index.php\/wp-json\/wp\/v2\/categories?post=217479"},{"taxonomy":"post_tag","embeddable":true,"href":"http:\/\/www.tvturk.com\/index.php\/wp-json\/wp\/v2\/tags?post=217479"}],"curies":[{"name":"wp","href":"https:\/\/api.w.org\/{rel}","templated":true}]}}