{"id":217553,"date":"2019-10-20T11:02:32","date_gmt":"2019-10-20T08:02:32","guid":{"rendered":"http:\/\/www.tvturk.com\/index.php\/baskan-babaoglu-sakarya-nehrine-dusen-kisilerin-ailelerine-sabir-diledi\/"},"modified":"2019-10-20T11:02:32","modified_gmt":"2019-10-20T08:02:32","slug":"baskan-babaoglu-sakarya-nehrine-dusen-kisilerin-ailelerine-sabir-diledi","status":"publish","type":"post","link":"http:\/\/www.tvturk.com\/index.php\/baskan-babaoglu-sakarya-nehrine-dusen-kisilerin-ailelerine-sabir-diledi\/","title":{"rendered":"Ba\u015fkan Babao\u011flu, Sakarya Nehri\u2019ne d\u00fc\u015fen ki\u015filerin ailelerine sab\u0131r diledi"},"content":{"rendered":"<p>Sakarya Nehri\u2019nde bal\u0131k tutmak i\u00e7in a\u00e7\u0131ld\u0131klar\u0131 nehirde alabora olan tekneden d\u00fc\u015ferek 1 ki\u015finin hayat\u0131n\u0131 kaybetti\u011fi olayda nehirde kaybolan 45 ya\u015f\u0131ndaki Murat Diler\u2019i arama \u00e7al\u0131\u015fmalar\u0131 s\u00fcr\u00fcyor. Hendek Belediye Ba\u015fkan\u0131 Turgut Babao\u011flu, gece saatlerinde olay yerine gelerek arama kurtarma \u00e7al\u0131\u015fmalar\u0131n\u0131 inceledi ve ailelere sab\u0131r diledi.<\/p>\n<p>Olay, d\u00fcn ak\u015fam saatlerinde Geyve il\u00e7esi Boz\u00f6ren Mahallesi mevkiinde Sakarya Nehri\u2019nde meydana geldi. Edinilen bilgiye g\u00f6re, Hendek il\u00e7esinde ya\u015fayan Halil Tosun (52) ile Murat Diler (45) bal\u0131k tutmak i\u00e7in tekne ile nehre a\u00e7\u0131ld\u0131. Nehre a\u00e7\u0131lan Tosun ve Diler\u2019in teknesinin bir s\u00fcre sonra alabora olmas\u0131 sonucu 2 ki\u015fi suya d\u00fc\u015ferek kayboldu. Konunun haber verilmesi \u00fczerine olay yerine itfaiye, jandarma, sa\u011fl\u0131k ekipleri ile 7 AFAD personeli, 2 kurtarma arac\u0131 ve bir kurtarma botu olay b\u00f6lgesine sevk edildi. Ya\u015fanan olay sonras\u0131 nehirden \u00e7\u0131kar\u0131lan Halil Tosun, sa\u011fl\u0131k ekiplerince yap\u0131lan ilk m\u00fcdahale sonras\u0131nda Pamukova Devlet Hastanesine kald\u0131r\u0131larak tedavi alt\u0131na al\u0131nd\u0131. Tosun, burada yap\u0131lan t\u00fcm m\u00fcdahalelere ra\u011fmen kurtar\u0131lamayarak hayat\u0131n\u0131 kaybetti.<\/p>\n<p>Murat Diler\u2019i arama \u00e7al\u0131\u015fmalar\u0131 ise gece ge\u00e7 saatlere kadar devam etti. \u00c7al\u0131\u015fmalar\u0131n devam etti\u011fi b\u00f6lgeye gece saatlerinde gelen Hendek Belediye Ba\u015fkan\u0131 Turgut Babao\u011flu, arama kurtarma \u00e7al\u0131\u015fmalar\u0131n\u0131 inceledi. Ailelere g\u00f6r\u00fc\u015fen Ba\u015fkan Babao\u011flu, jandarma ve AFAD\u2019tan bilgi alarak, ailelere sab\u0131r diledi.<\/p>\n","protected":false},"excerpt":{"rendered":"<p>SAKARYA NEHR\u0130NDE BALIK TUTMAK \u0130\u00c7\u0130N A\u00c7ILDIKLARI NEH\u0130RDE ALABORA OLAN TEKNEDEN D\u00dc\u015eEREK 1 K\u0130\u015e\u0130N\u0130N HAYATINI KAYBETT\u0130\u011e\u0130 OLAYDA NEH\u0130RDE KAYBOLAN 45 YA\u015eINDAK\u0130 MURAT D\u0130LER\u2019\u0130 ARAMA \u00c7ALI\u015eMALARI S\u00dcR\u00dcYOR. HENDEK BELED\u0130YE BA\u015eKANI TURGUT BABAO\u011eLU, GECE SAATLER\u0130NDE OLAY YER\u0130NE GELEREK ARAMA KURTARMA \u00c7ALI\u015eMALARINI \u0130NCELED\u0130 VE A\u0130LELERE SABIR D\u0130LED\u0130.<\/p>\n","protected":false},"author":1,"featured_media":217554,"comment_status":"closed","ping_status":"open","sticky":false,"template":"","format":"standard","meta":{"jetpack_post_was_ever_published":false,"_jetpack_newsletter_access":"","_jetpack_dont_email_post_to_subs":false,"_jetpack_newsletter_tier_id":0,"_jetpack_memberships_contains_paywalled_content":false,"_jetpack_memberships_contains_paid_content":false,"footnotes":"","jetpack_publicize_message":"","jetpack_publicize_feature_enabled":true,"jetpack_social_post_already_shared":true,"jetpack_social_options":{"image_generator_settings":{"template":"highway","default_image_id":0,"font":"","enabled":false},"version":2}},"categories":[1],"tags":[5724,41739,100,437,762,34412,36671,16232,3987],"class_list":["post-217553","post","type-post","status-publish","format-standard","has-post-thumbnail","hentry","category-genel","tag-ailelerine","tag-babaoglu","tag-baskan","tag-diledi","tag-dusen","tag-kisilerin","tag-nehrine","tag-sabir","tag-sakarya"],"jetpack_publicize_connections":[],"jetpack_featured_media_url":"https:\/\/i0.wp.com\/www.tvturk.com\/wp-content\/uploads\/2019\/10\/baskan-babaoglu-sakarya-nehrine-dusen-kisilerin-ailelerine-sabir-diledi_d7fbadf.jpg?fit=1000%2C564","jetpack_sharing_enabled":true,"jetpack_shortlink":"https:\/\/wp.me\/paKIfm-UAV","_links":{"self":[{"href":"http:\/\/www.tvturk.com\/index.php\/wp-json\/wp\/v2\/posts\/217553","targetHints":{"allow":["GET"]}}],"collection":[{"href":"http:\/\/www.tvturk.com\/index.php\/wp-json\/wp\/v2\/posts"}],"about":[{"href":"http:\/\/www.tvturk.com\/index.php\/wp-json\/wp\/v2\/types\/post"}],"author":[{"embeddable":true,"href":"http:\/\/www.tvturk.com\/index.php\/wp-json\/wp\/v2\/users\/1"}],"replies":[{"embeddable":true,"href":"http:\/\/www.tvturk.com\/index.php\/wp-json\/wp\/v2\/comments?post=217553"}],"version-history":[{"count":0,"href":"http:\/\/www.tvturk.com\/index.php\/wp-json\/wp\/v2\/posts\/217553\/revisions"}],"wp:featuredmedia":[{"embeddable":true,"href":"http:\/\/www.tvturk.com\/index.php\/wp-json\/wp\/v2\/media\/217554"}],"wp:attachment":[{"href":"http:\/\/www.tvturk.com\/index.php\/wp-json\/wp\/v2\/media?parent=217553"}],"wp:term":[{"taxonomy":"category","embeddable":true,"href":"http:\/\/www.tvturk.com\/index.php\/wp-json\/wp\/v2\/categories?post=217553"},{"taxonomy":"post_tag","embeddable":true,"href":"http:\/\/www.tvturk.com\/index.php\/wp-json\/wp\/v2\/tags?post=217553"}],"curies":[{"name":"wp","href":"https:\/\/api.w.org\/{rel}","templated":true}]}}