{"id":217639,"date":"2019-10-20T14:33:02","date_gmt":"2019-10-20T11:33:02","guid":{"rendered":"http:\/\/www.tvturk.com\/index.php\/riza-calimbay-oyunu-kullandi\/"},"modified":"2019-10-20T14:33:02","modified_gmt":"2019-10-20T11:33:02","slug":"riza-calimbay-oyunu-kullandi","status":"publish","type":"post","link":"http:\/\/www.tvturk.com\/index.php\/riza-calimbay-oyunu-kullandi\/","title":{"rendered":"R\u0131za \u00c7al\u0131mbay oyunu kulland\u0131"},"content":{"rendered":"<p>Be\u015fikta\u015fl\u0131 eski futbolcu ve Sivasspor Teknik Direkt\u00f6r\u00fc R\u0131za \u00c7al\u0131mbay, Be\u015fikta\u015f Ola\u011fan\u00fcst\u00fc Se\u00e7imli Genel Kurul Toplant\u0131s\u0131\u2019na gelerek oy kulland\u0131.<\/p>\n<p>Be\u015fikta\u015f Ola\u011fan\u00fcst\u00fc Se\u00e7imli Genel Kurulu\u2019nda oy kullanma i\u015flemi ba\u015flad\u0131. Be\u015fikta\u015f Genel Kurul \u00fcyesi ve siyah-beyazl\u0131 eski futbolcu R\u0131za \u00c7al\u0131mbay, Akatlar Spor Salonu\u2019na gelerek oyunu kulland\u0131. Oy kullan\u0131rken bas\u0131n mensuplar\u0131na a\u00e7\u0131klamalarda bulunan \u00c7al\u0131mbay, \u201cBe\u015fikta\u015f i\u00e7in hay\u0131rl\u0131 olsun. Be\u015fikta\u015f i\u00e7in iyi olaca\u011f\u0131na inan\u0131yorum\u201d ifadelerini kulland\u0131.<\/p>\n","protected":false},"excerpt":{"rendered":"<p>BE\u015e\u0130KTA\u015eLI ESK\u0130 FUTBOLCU VE S\u0130VASSPOR TEKN\u0130K D\u0130REKT\u00d6R\u00dc RIZA \u00c7ALIMBAY, BE\u015e\u0130KTA\u015e OLA\u011eAN\u00dcST\u00dc SE\u00c7\u0130ML\u0130 GENEL KURUL TOPLANTISI\u2019NA GELEREK OY KULLANDI.<\/p>\n","protected":false},"author":1,"featured_media":217640,"comment_status":"closed","ping_status":"open","sticky":false,"template":"","format":"standard","meta":{"jetpack_post_was_ever_published":false,"_jetpack_newsletter_access":"","_jetpack_dont_email_post_to_subs":false,"_jetpack_newsletter_tier_id":0,"_jetpack_memberships_contains_paywalled_content":false,"_jetpack_memberships_contains_paid_content":false,"footnotes":"","jetpack_publicize_message":"","jetpack_publicize_feature_enabled":true,"jetpack_social_post_already_shared":true,"jetpack_social_options":{"image_generator_settings":{"template":"highway","default_image_id":0,"font":"","enabled":false},"version":2}},"categories":[657],"tags":[17058,2935,3065,714],"class_list":["post-217639","post","type-post","status-publish","format-standard","has-post-thumbnail","hentry","category-spor","tag-calimbay","tag-kullandi","tag-oyunu","tag-riza"],"jetpack_publicize_connections":[],"jetpack_featured_media_url":"https:\/\/i0.wp.com\/www.tvturk.com\/wp-content\/uploads\/2019\/10\/riza-calimbay-oyunu-kullandi_8ffa703.jpg?fit=1000%2C726","jetpack_sharing_enabled":true,"jetpack_shortlink":"https:\/\/wp.me\/paKIfm-UCj","_links":{"self":[{"href":"http:\/\/www.tvturk.com\/index.php\/wp-json\/wp\/v2\/posts\/217639","targetHints":{"allow":["GET"]}}],"collection":[{"href":"http:\/\/www.tvturk.com\/index.php\/wp-json\/wp\/v2\/posts"}],"about":[{"href":"http:\/\/www.tvturk.com\/index.php\/wp-json\/wp\/v2\/types\/post"}],"author":[{"embeddable":true,"href":"http:\/\/www.tvturk.com\/index.php\/wp-json\/wp\/v2\/users\/1"}],"replies":[{"embeddable":true,"href":"http:\/\/www.tvturk.com\/index.php\/wp-json\/wp\/v2\/comments?post=217639"}],"version-history":[{"count":0,"href":"http:\/\/www.tvturk.com\/index.php\/wp-json\/wp\/v2\/posts\/217639\/revisions"}],"wp:featuredmedia":[{"embeddable":true,"href":"http:\/\/www.tvturk.com\/index.php\/wp-json\/wp\/v2\/media\/217640"}],"wp:attachment":[{"href":"http:\/\/www.tvturk.com\/index.php\/wp-json\/wp\/v2\/media?parent=217639"}],"wp:term":[{"taxonomy":"category","embeddable":true,"href":"http:\/\/www.tvturk.com\/index.php\/wp-json\/wp\/v2\/categories?post=217639"},{"taxonomy":"post_tag","embeddable":true,"href":"http:\/\/www.tvturk.com\/index.php\/wp-json\/wp\/v2\/tags?post=217639"}],"curies":[{"name":"wp","href":"https:\/\/api.w.org\/{rel}","templated":true}]}}