{"id":21777,"date":"2019-02-11T14:42:38","date_gmt":"2019-02-11T11:42:38","guid":{"rendered":"http:\/\/www.tvturk.com\/index.php\/dunyaca-unlu-markalarin-terzileri-turkiyeye-geliyor\/"},"modified":"2019-02-11T14:42:40","modified_gmt":"2019-02-11T11:42:40","slug":"dunyaca-unlu-markalarin-terzileri-turkiyeye-geliyor","status":"publish","type":"post","link":"http:\/\/www.tvturk.com\/index.php\/dunyaca-unlu-markalarin-terzileri-turkiyeye-geliyor\/","title":{"rendered":"D\u00fcnyaca \u00fcnl\u00fc markalar\u0131n terzileri T\u00fcrkiye\u2019ye geliyor"},"content":{"rendered":"<p>\u00dcnl\u00fc markalar\u0131n terzileri 11 \u015eubat-16 Mart tarihleri aras\u0131nda d\u00fczenlenecek Beymen 2019 \u0130lkbahar Yaz \u00d6zel Dikim G\u00fcnleri etkinli\u011fi kapsam\u0131nda T\u00fcrkiye\u2019ye gelecek.<\/p>\n<p>D\u00fcnyaca \u00fcnl\u00fc sartorial markalar\u0131 erkek moda tutkunlar\u0131yla bulu\u015fturan Beymen, 11 \u015eubat &#8211; 16 Mart tarihleri aras\u0131nda d\u00fczenledi\u011fi BEYMEN 2019 \u0130lkbahar Yaz \u00d6zel Dikim G\u00fcnleri ile ki\u015fiselle\u015ftirilmi\u015f bir stili tercih edenleri, \u00fcnl\u00fc markalar\u0131n terzileriyle bulu\u015fturacak.<\/p>\n<p>Yap\u0131lan duyuruya g\u00f6re, \u00f6zel dikimin \u00f6nde gelen d\u00fcnya markalar\u0131 Isaia, Kiton, Corneliani, Zegna\u2019n\u0131n yan\u0131 s\u0131ra  Beymen Collection terzilerinin \u00f6zel seanslarda randevu ile hizmet verece\u011fi s\u00f6z konusu etkinlik, \u0130stanbul,  Ankara, \u0130zmir, Bursa, Adana, Mersin ve Antalya\u2019da ger\u00e7ekle\u015fecek.<\/p>\n<p>Bu \u00f6zel hizmetten yararlanarak tak\u0131m elbise, g\u00f6mlek, pantolon ve smokin sipari\u015f vermek isteyenler, markan\u0131n ma\u011fazalar\u0131nda, ofis veya evlerinde \u00f6l\u00e7\u00fcleri al\u0131nd\u0131ktan sonra be\u011feni ve ki\u015fisel ihtiya\u00e7lar\u0131na uygun kuma\u015f ve model se\u00e7imi yaparak sipari\u015flerini tamaml\u0131yor. Ki\u015fiselle\u015ftirilmi\u015f stili tercih edenlerin vazge\u00e7ilmezi olan \u00f6zel dikim \u00fcr\u00fcnler, tamamen ki\u015finin zevki do\u011frultusunda, d\u00fcnyaca \u00fcnl\u00fc erkek giyim markalar\u0131n\u0131n merkezlerinde b\u00fcy\u00fck bir \u00f6zen ve el i\u015f\u00e7ili\u011fiyle haz\u0131rlanarak teslim ediliyor.<div class=\"tiled-gallery type-rectangular tiled-gallery-unresized\" data-original-width=\"500\" data-carousel-extra='null' itemscope itemtype=\"http:\/\/schema.org\/ImageGallery\" > <div class=\"gallery-row\" style=\"width: 500px; height: 369px;\" data-original-width=\"500\" data-original-height=\"369\" > <div class=\"gallery-group images-1\" style=\"width: 247px; height: 369px;\" data-original-width=\"247\" data-original-height=\"369\" > <div class=\"tiled-gallery-item tiled-gallery-item-small\" itemprop=\"associatedMedia\" itemscope itemtype=\"http:\/\/schema.org\/ImageObject\"> <a href=\"http:\/\/www.tvturk.com\/index.php\/dunyaca-unlu-markalarin-terzileri-turkiyeye-geliyor\/dunyaca-unlu-markalarin-terzileri-turkiyeye-geliyor-3\/\" border=\"0\" itemprop=\"url\"> <meta itemprop=\"width\" content=\"243\"> <meta itemprop=\"height\" content=\"365\"> <img decoding=\"async\" class=\"\" data-attachment-id=\"21779\" data-orig-file=\"http:\/\/www.tvturk.com\/wp-content\/uploads\/2019\/02\/dunyaca-unlu-markalarin-terzileri-turkiyeye-geliyor_76c8e72.jpg\" data-orig-size=\"666,1000\" data-comments-opened=\"\" data-image-meta=\"{&quot;aperture&quot;:&quot;0&quot;,&quot;credit&quot;:&quot;IHA&quot;,&quot;camera&quot;:&quot;&quot;,&quot;caption&quot;:&quot;D\\u00dcNYACA \\u00dcNL\\u00dc SARTOR\\u0130AL MARKALARI ERKEK MODA TUTKUNLARIYLA BULU\\u015eTURAN BEYMEN, 11 \\u015eUBAT - 16 MART TAR\\u0130HLER\\u0130 ARASINDA D\\u00dcZENLED\\u0130\\u011e\\u0130 BEYMEN 2019 \\u0130LKBAHAR YAZ \\u00d6ZEL D\\u0130K\\u0130M G\\u00dcNLER\\u0130 \\u0130LE K\\u0130\\u015e\\u0130SELLE\\u015eT\\u0130R\\u0130LM\\u0130\\u015e B\\u0130R ST\\u0130L\\u0130 TERC\\u0130H EDENLER\\u0130, \\u00dcNL\\u00dc MARKALARIN TERZ\\u0130LER\\u0130YLE BULU\\u015eTURACAK. (\\u0130HA\\\/\\u0130STANBUL-\\u0130HA)&quot;,&quot;created_timestamp&quot;:&quot;0&quot;,&quot;copyright&quot;:&quot;\\u0130HLAS HABER AJANSI, www.iha.com.tr&quot;,&quot;focal_length&quot;:&quot;0&quot;,&quot;iso&quot;:&quot;0&quot;,&quot;shutter_speed&quot;:&quot;0&quot;,&quot;title&quot;:&quot;D\\u00dcNYACA \\u00dcNL\\u00dc MARKALARIN TERZ\\u0130LER\\u0130 T\\u00dcRK\\u0130YE\\u2019YE GEL\\u0130YOR&quot;,&quot;orientation&quot;:&quot;0&quot;}\" data-image-title=\"D\u00fcnyaca \u00fcnl\u00fc markalar\u0131n terzileri T\u00fcrkiye\u2019ye geliyor\" data-image-description=\"&lt;p&gt;D\u00fcnyaca \u00fcnl\u00fc markalar\u0131n terzileri T\u00fcrkiye\u2019ye geliyor&lt;\/p&gt; \" data-medium-file=\"https:\/\/i0.wp.com\/www.tvturk.com\/wp-content\/uploads\/2019\/02\/dunyaca-unlu-markalarin-terzileri-turkiyeye-geliyor_76c8e72.jpg?fit=200%2C300\" data-large-file=\"https:\/\/i0.wp.com\/www.tvturk.com\/wp-content\/uploads\/2019\/02\/dunyaca-unlu-markalarin-terzileri-turkiyeye-geliyor_76c8e72.jpg?fit=666%2C1000\" src=\"https:\/\/i0.wp.com\/www.tvturk.com\/wp-content\/uploads\/2019\/02\/dunyaca-unlu-markalarin-terzileri-turkiyeye-geliyor_76c8e72.jpg?w=243&#038;h=365\" srcset=\"https:\/\/i0.wp.com\/www.tvturk.com\/wp-content\/uploads\/2019\/02\/dunyaca-unlu-markalarin-terzileri-turkiyeye-geliyor_76c8e72.jpg?w=666 666w, https:\/\/i0.wp.com\/www.tvturk.com\/wp-content\/uploads\/2019\/02\/dunyaca-unlu-markalarin-terzileri-turkiyeye-geliyor_76c8e72.jpg?resize=100%2C150 100w, https:\/\/i0.wp.com\/www.tvturk.com\/wp-content\/uploads\/2019\/02\/dunyaca-unlu-markalarin-terzileri-turkiyeye-geliyor_76c8e72.jpg?resize=200%2C300 200w\" width=\"243\" height=\"365\" loading=\"lazy\" data-original-width=\"243\" data-original-height=\"365\" itemprop=\"http:\/\/schema.org\/image\" title=\"D\u00fcnyaca \u00fcnl\u00fc markalar\u0131n terzileri T\u00fcrkiye\u2019ye geliyor\" alt=\"D\u00fcnyaca \u00fcnl\u00fc markalar\u0131n terzileri T\u00fcrkiye\u2019ye geliyor\" style=\"width: 243px; height: 365px;\" \/> <\/a> <\/div> <\/div> <!-- close group --> <div class=\"gallery-group images-1\" style=\"width: 253px; height: 369px;\" data-original-width=\"253\" data-original-height=\"369\" > <div class=\"tiled-gallery-item tiled-gallery-item-small\" itemprop=\"associatedMedia\" itemscope itemtype=\"http:\/\/schema.org\/ImageObject\"> <a href=\"http:\/\/www.tvturk.com\/index.php\/dunyaca-unlu-markalarin-terzileri-turkiyeye-geliyor\/dunyaca-unlu-markalarin-terzileri-turkiyeye-geliyor-4\/\" border=\"0\" itemprop=\"url\"> <meta itemprop=\"width\" content=\"249\"> <meta itemprop=\"height\" content=\"365\"> <img decoding=\"async\" class=\"\" data-attachment-id=\"21780\" data-orig-file=\"http:\/\/www.tvturk.com\/wp-content\/uploads\/2019\/02\/dunyaca-unlu-markalarin-terzileri-turkiyeye-geliyor_6f5f9aa.jpg\" data-orig-size=\"683,1000\" data-comments-opened=\"\" data-image-meta=\"{&quot;aperture&quot;:&quot;0&quot;,&quot;credit&quot;:&quot;IHA&quot;,&quot;camera&quot;:&quot;&quot;,&quot;caption&quot;:&quot;D\\u00dcNYACA \\u00dcNL\\u00dc SARTOR\\u0130AL MARKALARI ERKEK MODA TUTKUNLARIYLA BULU\\u015eTURAN BEYMEN, 11 \\u015eUBAT - 16 MART TAR\\u0130HLER\\u0130 ARASINDA D\\u00dcZENLED\\u0130\\u011e\\u0130 BEYMEN 2019 \\u0130LKBAHAR YAZ \\u00d6ZEL D\\u0130K\\u0130M G\\u00dcNLER\\u0130 \\u0130LE K\\u0130\\u015e\\u0130SELLE\\u015eT\\u0130R\\u0130LM\\u0130\\u015e B\\u0130R ST\\u0130L\\u0130 TERC\\u0130H EDENLER\\u0130, \\u00dcNL\\u00dc MARKALARIN TERZ\\u0130LER\\u0130YLE BULU\\u015eTURACAK. (\\u0130HA\\\/\\u0130STANBUL-\\u0130HA)&quot;,&quot;created_timestamp&quot;:&quot;0&quot;,&quot;copyright&quot;:&quot;\\u0130HLAS HABER AJANSI, www.iha.com.tr&quot;,&quot;focal_length&quot;:&quot;0&quot;,&quot;iso&quot;:&quot;0&quot;,&quot;shutter_speed&quot;:&quot;0&quot;,&quot;title&quot;:&quot;D\\u00dcNYACA \\u00dcNL\\u00dc MARKALARIN TERZ\\u0130LER\\u0130 T\\u00dcRK\\u0130YE\\u2019YE GEL\\u0130YOR&quot;,&quot;orientation&quot;:&quot;0&quot;}\" data-image-title=\"D\u00fcnyaca \u00fcnl\u00fc markalar\u0131n terzileri T\u00fcrkiye\u2019ye geliyor\" data-image-description=\"&lt;p&gt;D\u00fcnyaca \u00fcnl\u00fc markalar\u0131n terzileri T\u00fcrkiye\u2019ye geliyor&lt;\/p&gt; \" data-medium-file=\"https:\/\/i0.wp.com\/www.tvturk.com\/wp-content\/uploads\/2019\/02\/dunyaca-unlu-markalarin-terzileri-turkiyeye-geliyor_6f5f9aa.jpg?fit=205%2C300\" data-large-file=\"https:\/\/i0.wp.com\/www.tvturk.com\/wp-content\/uploads\/2019\/02\/dunyaca-unlu-markalarin-terzileri-turkiyeye-geliyor_6f5f9aa.jpg?fit=683%2C1000\" src=\"https:\/\/i0.wp.com\/www.tvturk.com\/wp-content\/uploads\/2019\/02\/dunyaca-unlu-markalarin-terzileri-turkiyeye-geliyor_6f5f9aa.jpg?w=249&#038;h=365\" srcset=\"https:\/\/i0.wp.com\/www.tvturk.com\/wp-content\/uploads\/2019\/02\/dunyaca-unlu-markalarin-terzileri-turkiyeye-geliyor_6f5f9aa.jpg?w=683 683w, https:\/\/i0.wp.com\/www.tvturk.com\/wp-content\/uploads\/2019\/02\/dunyaca-unlu-markalarin-terzileri-turkiyeye-geliyor_6f5f9aa.jpg?resize=102%2C150 102w, https:\/\/i0.wp.com\/www.tvturk.com\/wp-content\/uploads\/2019\/02\/dunyaca-unlu-markalarin-terzileri-turkiyeye-geliyor_6f5f9aa.jpg?resize=205%2C300 205w\" width=\"249\" height=\"365\" loading=\"lazy\" data-original-width=\"249\" data-original-height=\"365\" itemprop=\"http:\/\/schema.org\/image\" title=\"D\u00fcnyaca \u00fcnl\u00fc markalar\u0131n terzileri T\u00fcrkiye\u2019ye geliyor\" alt=\"D\u00fcnyaca \u00fcnl\u00fc markalar\u0131n terzileri T\u00fcrkiye\u2019ye geliyor\" style=\"width: 249px; height: 365px;\" \/> <\/a> <\/div> <\/div> <!-- close group --> <\/div> <!-- close row --> <\/div><\/p>\n","protected":false},"excerpt":{"rendered":"<p>D\u00dcNYACA \u00dcNL\u00dc SARTOR\u0130AL MARKALARI ERKEK MODA TUTKUNLARIYLA BULU\u015eTURAN BEYMEN, 11 \u015eUBAT &#8211; 16 MART TAR\u0130HLER\u0130 ARASINDA D\u00dcZENLED\u0130\u011e\u0130 BEYMEN 2019 \u0130LKBAHAR YAZ \u00d6ZEL D\u0130K\u0130M G\u00dcNLER\u0130 \u0130LE K\u0130\u015e\u0130SELLE\u015eT\u0130R\u0130LM\u0130\u015e B\u0130R ST\u0130L\u0130 TERC\u0130H EDENLER\u0130, \u00dcNL\u00dc MARKALARIN TERZ\u0130LER\u0130YLE BULU\u015eTURACAK.<\/p>\n","protected":false},"author":1,"featured_media":21778,"comment_status":"closed","ping_status":"open","sticky":false,"template":"","format":"standard","meta":{"jetpack_post_was_ever_published":false,"_jetpack_newsletter_access":"","_jetpack_dont_email_post_to_subs":false,"_jetpack_newsletter_tier_id":0,"_jetpack_memberships_contains_paywalled_content":false,"_jetpack_memberships_contains_paid_content":false,"footnotes":"","jetpack_publicize_message":"","jetpack_publicize_feature_enabled":true,"jetpack_social_post_already_shared":false,"jetpack_social_options":{"image_generator_settings":{"template":"highway","default_image_id":0,"font":"","enabled":false},"version":2}},"categories":[656],"tags":[9392,3927,9393,9394,4071,5590],"class_list":["post-21777","post","type-post","status-publish","format-standard","has-post-thumbnail","hentry","category-kultur-sanat","tag-dunyaca","tag-geliyor","tag-markalarin","tag-terzileri","tag-turkiyeye","tag-unlu"],"jetpack_publicize_connections":[],"jetpack_featured_media_url":"https:\/\/i0.wp.com\/www.tvturk.com\/wp-content\/uploads\/2019\/02\/dunyaca-unlu-markalarin-terzileri-turkiyeye-geliyor_9ba1151.jpg?fit=1000%2C667","jetpack_sharing_enabled":true,"jetpack_shortlink":"https:\/\/wp.me\/paKIfm-5Ff","_links":{"self":[{"href":"http:\/\/www.tvturk.com\/index.php\/wp-json\/wp\/v2\/posts\/21777","targetHints":{"allow":["GET"]}}],"collection":[{"href":"http:\/\/www.tvturk.com\/index.php\/wp-json\/wp\/v2\/posts"}],"about":[{"href":"http:\/\/www.tvturk.com\/index.php\/wp-json\/wp\/v2\/types\/post"}],"author":[{"embeddable":true,"href":"http:\/\/www.tvturk.com\/index.php\/wp-json\/wp\/v2\/users\/1"}],"replies":[{"embeddable":true,"href":"http:\/\/www.tvturk.com\/index.php\/wp-json\/wp\/v2\/comments?post=21777"}],"version-history":[{"count":1,"href":"http:\/\/www.tvturk.com\/index.php\/wp-json\/wp\/v2\/posts\/21777\/revisions"}],"predecessor-version":[{"id":21781,"href":"http:\/\/www.tvturk.com\/index.php\/wp-json\/wp\/v2\/posts\/21777\/revisions\/21781"}],"wp:featuredmedia":[{"embeddable":true,"href":"http:\/\/www.tvturk.com\/index.php\/wp-json\/wp\/v2\/media\/21778"}],"wp:attachment":[{"href":"http:\/\/www.tvturk.com\/index.php\/wp-json\/wp\/v2\/media?parent=21777"}],"wp:term":[{"taxonomy":"category","embeddable":true,"href":"http:\/\/www.tvturk.com\/index.php\/wp-json\/wp\/v2\/categories?post=21777"},{"taxonomy":"post_tag","embeddable":true,"href":"http:\/\/www.tvturk.com\/index.php\/wp-json\/wp\/v2\/tags?post=21777"}],"curies":[{"name":"wp","href":"https:\/\/api.w.org\/{rel}","templated":true}]}}