{"id":217811,"date":"2019-10-21T10:02:15","date_gmt":"2019-10-21T07:02:15","guid":{"rendered":"http:\/\/www.tvturk.com\/index.php\/sebze-ve-meyve-dekorlari-merakli-gozlerin-ilgi-odagi-oldu\/"},"modified":"2019-10-21T10:02:15","modified_gmt":"2019-10-21T07:02:15","slug":"sebze-ve-meyve-dekorlari-merakli-gozlerin-ilgi-odagi-oldu","status":"publish","type":"post","link":"http:\/\/www.tvturk.com\/index.php\/sebze-ve-meyve-dekorlari-merakli-gozlerin-ilgi-odagi-oldu\/","title":{"rendered":"Sebze ve meyve dekorlar\u0131 merakl\u0131 g\u00f6zlerin ilgi oda\u011f\u0131 oldu"},"content":{"rendered":"<p>Sebze ve meyveleri oyarak yapm\u0131\u015f olduklar\u0131 \u00e7al\u0131\u015fmalar ile gastronomiye ilgisi olan ve \u00f6zellikle kad\u0131nlar\u0131n ilgisini \u00e7ekmeyi ba\u015faran Erzurum A\u015f\u00e7\u0131lar Derne\u011fi \u00fcyeleri, hem stres at\u0131yor hem de ruh hallerini sanata d\u00f6n\u00fc\u015ft\u00fcr\u00fcyor.<\/p>\n<p>Erzurum\u2019da bir fuar merkezinde dekor yap\u0131m stand\u0131 a\u00e7an ve ziyaret\u00e7ilerin ilgi oda\u011f\u0131 olan Erzurum A\u015f\u00e7\u0131lar Derne\u011fi \u00fcyeleri, sebze dekorlar\u0131n\u0131 incelikleri ile ilgili bilgiler verdi.<\/p>\n<p>Erzurum A\u015f\u00e7\u0131lar Derne\u011fi \u00fcyelerinden Hakan Torun, \u201cYapm\u0131\u015f oldu\u011fumuz dekor bir, iki g\u00fcnl\u00fck bir i\u015f de\u011fil, tamamen hayal g\u00fcc\u00fcyle ilgili. Ne kadar hayal edebilirseniz o kadar g\u00fczel i\u015fler \u00e7\u0131kar bu bir gastronomi sanat\u0131. Kafanda ne tasarlarsan onu \u00e7\u0131kar\u0131rs\u0131n, \u015fu an yapt\u0131\u011f\u0131m\u0131z sebze dekor \u00e7al\u0131\u015fmas\u0131nda, patl\u0131can, \u00e7in turpu, havu\u00e7, p\u0131rasa, so\u011fan, kabak gibi \u00e7e\u015fitli sebzelerden bir  sanat b\u00fct\u00fcn\u00fc in\u015fa ettik. Taban olarak ise karpuz kulland\u0131k. Yapm\u0131\u015f oldu\u011fumuz dekor, \u00fczerine j\u00f6le s\u0131k\u0131larak so\u011fuk hava ko\u015fullar\u0131n\u0131n sa\u011flanmas\u0131yla, 3 g\u00fcn gibi k\u0131sa bir s\u00fcre g\u00f6rsel olarak kullan\u0131labilir\u201d dedi.<\/p>\n<p>Erzurum A\u015f\u00e7\u0131lar Derne\u011fi Y\u00f6netim Kurulu \u00fcyesi ve Mutfak \u015eefi Sami \u00c7ullu, gastronomi dekor sanat\u0131na ilgisi olan ki\u015fileri ayd\u0131nlatmak i\u00e7in \u015fu tavsiyelerde bulundu: \u201cRuh halimizin yans\u0131mas\u0131yla \u00fcr\u00fcnler \u00e7\u0131karmaya \u00e7al\u0131\u015f\u0131yoruz. Bu mesle\u011fi severek ve zor y\u00f6nlerini kabul ederek, ki\u015fi kendi ba\u015far\u0131lar\u0131na fikirlerini katt\u0131\u011f\u0131nda, hayallerini dekora yans\u0131tmay\u0131 ba\u015farabilir. Bu i\u015fin g\u00f6lgeleme, hat ve \u00e7izgilerini ortaya \u00e7\u0131karabilmek \u00e7ok \u00f6nemli. Bizler bunu \u00f6\u011fretmeye \u00e7al\u0131\u015f\u0131yoruz. Her insanda bulunan potansiyel farkl\u0131d\u0131r, \u00f6nemli olan bunu \u00e7\u0131karabilmektir. Ben bu i\u015fi yaparak kendimi hem dinlendiriyorum hem de bir sanat eseri ortaya \u00e7\u0131kar\u0131yorum.\u201d<\/p>\n<p>Atat\u00fcrk \u00dcniversitesi, Turizm Fak\u00fcltesi,  Gastronomi ve Mutfak Sanatlar\u0131 B\u00f6l\u00fcm\u00fc, 3. s\u0131n\u0131f \u00f6\u011frencileri \u015eerife Bulut ve Sema Tenzile Do\u011fan ise, fuarda Erzurum A\u015f\u00e7\u0131lar Derne\u011fi \u00fcyelerinden ilham alarak, \u00f6\u011frenme a\u015famas\u0131nda olduklar\u0131, sebzelerden dekor olu\u015fturma i\u015flemlerini heyecan ile s\u00fcrd\u00fcrd\u00fcler.<\/p>\n","protected":false},"excerpt":{"rendered":"<p>SEBZE VE MEYVELER\u0130 OYARAK YAPMI\u015e OLDUKLARI \u00c7ALI\u015eMALAR \u0130LE GASTRONOM\u0130YE \u0130LG\u0130S\u0130 OLAN VE \u00d6ZELL\u0130KLE KADINLARIN \u0130LG\u0130S\u0130N\u0130 \u00c7EKMEY\u0130 BA\u015eARAN ERZURUM A\u015e\u00c7ILAR DERNE\u011e\u0130 \u00dcYELER\u0130, HEM STRES ATIYOR HEM DE RUH HALLER\u0130N\u0130 SANATA D\u00d6N\u00dc\u015eT\u00dcR\u00dcYOR.<\/p>\n","protected":false},"author":1,"featured_media":217812,"comment_status":"closed","ping_status":"open","sticky":false,"template":"","format":"standard","meta":{"jetpack_post_was_ever_published":false,"_jetpack_newsletter_access":"","_jetpack_dont_email_post_to_subs":false,"_jetpack_newsletter_tier_id":0,"_jetpack_memberships_contains_paywalled_content":false,"_jetpack_memberships_contains_paid_content":false,"footnotes":"","jetpack_publicize_message":"","jetpack_publicize_feature_enabled":true,"jetpack_social_post_already_shared":true,"jetpack_social_options":{"image_generator_settings":{"template":"highway","default_image_id":0,"font":"","enabled":false},"version":2}},"categories":[1],"tags":[55085,55086,1726,27867,3753,9382,77,2974],"class_list":["post-217811","post","type-post","status-publish","format-standard","has-post-thumbnail","hentry","category-genel","tag-dekorlari","tag-gozlerin","tag-ilgi","tag-merakli","tag-meyve","tag-odagi","tag-oldu","tag-sebze"],"jetpack_publicize_connections":[],"jetpack_featured_media_url":"https:\/\/i0.wp.com\/www.tvturk.com\/wp-content\/uploads\/2019\/10\/sebze-ve-meyve-dekorlari-merakli-gozlerin-ilgi-odagi-oldu_4e3b050.jpg?fit=1000%2C666","jetpack_sharing_enabled":true,"jetpack_shortlink":"https:\/\/wp.me\/paKIfm-UF5","_links":{"self":[{"href":"http:\/\/www.tvturk.com\/index.php\/wp-json\/wp\/v2\/posts\/217811","targetHints":{"allow":["GET"]}}],"collection":[{"href":"http:\/\/www.tvturk.com\/index.php\/wp-json\/wp\/v2\/posts"}],"about":[{"href":"http:\/\/www.tvturk.com\/index.php\/wp-json\/wp\/v2\/types\/post"}],"author":[{"embeddable":true,"href":"http:\/\/www.tvturk.com\/index.php\/wp-json\/wp\/v2\/users\/1"}],"replies":[{"embeddable":true,"href":"http:\/\/www.tvturk.com\/index.php\/wp-json\/wp\/v2\/comments?post=217811"}],"version-history":[{"count":0,"href":"http:\/\/www.tvturk.com\/index.php\/wp-json\/wp\/v2\/posts\/217811\/revisions"}],"wp:featuredmedia":[{"embeddable":true,"href":"http:\/\/www.tvturk.com\/index.php\/wp-json\/wp\/v2\/media\/217812"}],"wp:attachment":[{"href":"http:\/\/www.tvturk.com\/index.php\/wp-json\/wp\/v2\/media?parent=217811"}],"wp:term":[{"taxonomy":"category","embeddable":true,"href":"http:\/\/www.tvturk.com\/index.php\/wp-json\/wp\/v2\/categories?post=217811"},{"taxonomy":"post_tag","embeddable":true,"href":"http:\/\/www.tvturk.com\/index.php\/wp-json\/wp\/v2\/tags?post=217811"}],"curies":[{"name":"wp","href":"https:\/\/api.w.org\/{rel}","templated":true}]}}