{"id":217847,"date":"2019-10-21T10:46:33","date_gmt":"2019-10-21T07:46:33","guid":{"rendered":"http:\/\/www.tvturk.com\/index.php\/tam-faktoring-35inci-subesini-diyarbakirda-acti\/"},"modified":"2019-10-21T10:46:33","modified_gmt":"2019-10-21T07:46:33","slug":"tam-faktoring-35inci-subesini-diyarbakirda-acti","status":"publish","type":"post","link":"http:\/\/www.tvturk.com\/index.php\/tam-faktoring-35inci-subesini-diyarbakirda-acti\/","title":{"rendered":"Tam Faktoring 35\u2019inci \u015fubesini Diyarbak\u0131r\u2019da a\u00e7t\u0131"},"content":{"rendered":"<p>KOB\u0130\u2019lerin finansman ihtiya\u00e7lar\u0131na h\u0131zl\u0131 ve etkin \u00e7\u00f6z\u00fcmler sunan Tam Faktoring, 35\u2019inci \u015fubesini Diyarbak\u0131r\u2019da a\u00e7t\u0131\u011f\u0131n\u0131 duyurdu. Diyarbak\u0131r\u2019\u0131n ilk faktoring \u015fubesini hizmete sunduklar\u0131n\u0131 belirten Tam Faktoring Genel M\u00fcd\u00fcr\u00fc Hakan Karamanl\u0131, \u201cB\u00f6lge halk\u0131na istihdam imkan\u0131 sa\u011flarken yerel ekonomiye de katk\u0131 sa\u011flayaca\u011f\u0131z\u201d dedi.<\/p>\n<p>Kuruldu\u011fu 2012 y\u0131l\u0131ndan bu yana h\u0131zl\u0131 bir b\u00fcy\u00fcme stratejisiyle faktoring sekt\u00f6r\u00fcnde aktif m\u00fc\u015fteri say\u0131s\u0131 a\u00e7\u0131s\u0131ndan sekt\u00f6r lideri konumuna ula\u015fan Tam Faktoring, 35. \u015fubesini Diyarbak\u0131r\u2019da hizmete a\u00e7t\u0131. Her y\u0131l ortalama y\u00fczde 80 b\u00fcy\u00fcme kaydeden \u015firket, Diyarbak\u0131r ile birlikte T\u00fcrkiye genelinde 22 farkl\u0131 ilde 600\u2019\u00fc a\u015fk\u0131n \u00e7al\u0131\u015fan\u0131 ile KOB\u0130\u2019lerin finansman ihtiya\u00e7lar\u0131na destek oluyor.<\/p>\n<p>\u201cDiyarbak\u0131r\u2019\u0131n ilk faktoring \u015fubesi\u201d<\/p>\n<p>A\u00e7\u0131l\u0131\u015f t\u00f6reninde konu\u015fan Tam Faktoring Genel M\u00fcd\u00fcr\u00fc Hakan Karamanl\u0131; \u201cTam Faktoring, KOB\u0130 ve esnaf\u0131m\u0131z\u0131n fatural\u0131 alacaklar\u0131n\u0131 devir alarak k\u0131sa vadeli nakit ihtiya\u00e7lar\u0131n\u0131 kar\u015f\u0131lama hedefi do\u011frultusunda b\u00fcy\u00fcmeye devam ediyor. Banka d\u0131\u015f\u0131 finansal kurumlar aras\u0131nda bir ilk olan Ar-Ge merkezinde geli\u015ftirdi\u011fimiz dijital \u00e7\u00f6z\u00fcmlerimizi, yayg\u0131n \u015fube a\u011f\u0131 ve sat\u0131\u015f ekibimizle destekleyerek, m\u00fc\u015fterilerimizin taleplerini en h\u0131zl\u0131 \u015fekilde cevapl\u0131yoruz. 2019 y\u0131l\u0131nda personel say\u0131m\u0131z\u0131 y\u00fczde 20 artt\u0131r\u0131p, 3 yeni \u015fube a\u00e7arak kapam\u0131\u015f olaca\u011f\u0131z. B\u00fcy\u00fcmeye devam etmemiz ve Diyarbak\u0131r\u2019da ilk faktoring \u015fubesini a\u00e7\u0131yor olmam\u0131z bir taraftan T\u00fcrkiye ekonomisine, di\u011fer taraftan da bu \u015fehre olan inanc\u0131m\u0131z\u0131n g\u00f6stergesi. \u00dcnl\u00fc \u015fairimiz Cahit S\u0131tk\u0131 Taranc\u0131\u2019n\u0131n dedi\u011fi gibi \u201cDiyarbak\u0131r\u2019\u0131 sevmek bir vazife ve hem de ihmal edilmeyecek mukaddes bir vazifedir\u201d dedi.<\/p>\n<p>\u201cFaktoring sekt\u00f6r\u00fcndeki her 3 m\u00fc\u015fteriden biri Tam Faktoring ile \u00e7al\u0131\u015f\u0131yor\u201d<\/p>\n<p>Diyarbak\u0131r \u015fubesiyle b\u00f6lgeye katk\u0131 sunacaklar\u0131n\u0131 belirten Sat\u0131\u015f ve Pazarlama Genel M\u00fcd\u00fcr Yard\u0131mc\u0131s\u0131 Hayati \u00c7elikcan ise \u015funlar\u0131 aktard\u0131: \u201cSekt\u00f6rdeki en fazla m\u00fc\u015fteriye sahip faktoring \u015firketi olarak, G\u00fcneydo\u011fu\u2019da Gaziantep ve Urfa\u2019n\u0131n ard\u0131ndan tecr\u00fcbeli bir \u015fube m\u00fcd\u00fcr\u00fc ve ekiple, art\u0131k Diyarbak\u0131r\u2019day\u0131z.Tam Faktoring olarak 600 ki\u015filik b\u00fcy\u00fck bir kadroyla m\u00fc\u015fterilerimizin tam zaman\u0131nda tam yan\u0131nda olmaya devam ediyoruz. Ayr\u0131ca \u2018Tamasor\u2019 mobil uygulamam\u0131z ile m\u00fc\u015fterilerimizin 7\/24 \u00e7eklerini h\u0131zl\u0131ca sorgulamalar\u0131n\u0131 sa\u011fl\u0131yoruz. Bug\u00fcn sekt\u00f6rdeki her 3 m\u00fc\u015fteriden bir tanesi Tam Faktoring ile \u00e7al\u0131\u015f\u0131yor.\u201d<\/p>\n<p>\u201c\u0130lk 9 ayda 65 bin farkl\u0131 firmaya dokunarak 30 bine yak\u0131n i\u015flem ger\u00e7ekle\u015ftirdik\u201d<\/p>\n<p>Tam Faktoring\u2019in b\u00fcy\u00fcmesine ili\u015fkin a\u00e7\u0131klamalarda da bulunan Hayati \u00c7elikcan; \u201c\u0130\u015flem hacminden \u00e7ok m\u00fc\u015fteri say\u0131s\u0131na \u00f6nem veren bir \u015firketiz. 2019 y\u0131l\u0131n\u0131n ilk 9 ay\u0131nda 65 bin farkl\u0131 firmaya dokunarak 30 bine yak\u0131n i\u015flem ger\u00e7ekle\u015ftirdik. Yeni a\u00e7t\u0131\u011f\u0131m\u0131z \u015fubelerle b\u00fcy\u00fcmeye devam edece\u011fiz. 2019 y\u0131l\u0131n\u0131n sonuna kadar 36. \u015fubemizi a\u00e7may\u0131 planl\u0131yoruz\u201d dedi.<\/p>\n","protected":false},"excerpt":{"rendered":"<p>TAM FAKTOR\u0130NG 35&#8217;\u0130NC\u0130 \u015eUBES\u0130N\u0130 D\u0130YARBAKIR\u2019DA A\u00c7TI<\/p>\n","protected":false},"author":1,"featured_media":217848,"comment_status":"closed","ping_status":"open","sticky":false,"template":"","format":"standard","meta":{"jetpack_post_was_ever_published":false,"_jetpack_newsletter_access":"","_jetpack_dont_email_post_to_subs":false,"_jetpack_newsletter_tier_id":0,"_jetpack_memberships_contains_paywalled_content":false,"_jetpack_memberships_contains_paid_content":false,"footnotes":"","jetpack_publicize_message":"","jetpack_publicize_feature_enabled":true,"jetpack_social_post_already_shared":true,"jetpack_social_options":{"image_generator_settings":{"template":"highway","default_image_id":0,"font":"","enabled":false},"version":2}},"categories":[19],"tags":[53667,1494,62,55096,8397,629],"class_list":["post-217847","post","type-post","status-publish","format-standard","has-post-thumbnail","hentry","category-ekonomi","tag-35inci","tag-acti","tag-diyarbakirda","tag-faktoring","tag-subesini","tag-tam"],"jetpack_publicize_connections":[],"jetpack_featured_media_url":"https:\/\/i0.wp.com\/www.tvturk.com\/wp-content\/uploads\/2019\/10\/tam-faktoring-35inci-subesini-diyarbakirda-acti_59e8386.jpg?fit=1000%2C556","jetpack_sharing_enabled":true,"jetpack_shortlink":"https:\/\/wp.me\/paKIfm-UFF","_links":{"self":[{"href":"http:\/\/www.tvturk.com\/index.php\/wp-json\/wp\/v2\/posts\/217847","targetHints":{"allow":["GET"]}}],"collection":[{"href":"http:\/\/www.tvturk.com\/index.php\/wp-json\/wp\/v2\/posts"}],"about":[{"href":"http:\/\/www.tvturk.com\/index.php\/wp-json\/wp\/v2\/types\/post"}],"author":[{"embeddable":true,"href":"http:\/\/www.tvturk.com\/index.php\/wp-json\/wp\/v2\/users\/1"}],"replies":[{"embeddable":true,"href":"http:\/\/www.tvturk.com\/index.php\/wp-json\/wp\/v2\/comments?post=217847"}],"version-history":[{"count":0,"href":"http:\/\/www.tvturk.com\/index.php\/wp-json\/wp\/v2\/posts\/217847\/revisions"}],"wp:featuredmedia":[{"embeddable":true,"href":"http:\/\/www.tvturk.com\/index.php\/wp-json\/wp\/v2\/media\/217848"}],"wp:attachment":[{"href":"http:\/\/www.tvturk.com\/index.php\/wp-json\/wp\/v2\/media?parent=217847"}],"wp:term":[{"taxonomy":"category","embeddable":true,"href":"http:\/\/www.tvturk.com\/index.php\/wp-json\/wp\/v2\/categories?post=217847"},{"taxonomy":"post_tag","embeddable":true,"href":"http:\/\/www.tvturk.com\/index.php\/wp-json\/wp\/v2\/tags?post=217847"}],"curies":[{"name":"wp","href":"https:\/\/api.w.org\/{rel}","templated":true}]}}