{"id":21788,"date":"2019-02-11T14:48:33","date_gmt":"2019-02-11T11:48:33","guid":{"rendered":"http:\/\/www.tvturk.com\/index.php\/kepezde-alisveris-festivali-devam-ediyor\/"},"modified":"2019-02-11T14:48:36","modified_gmt":"2019-02-11T11:48:36","slug":"kepezde-alisveris-festivali-devam-ediyor","status":"publish","type":"post","link":"http:\/\/www.tvturk.com\/index.php\/kepezde-alisveris-festivali-devam-ediyor\/","title":{"rendered":"Kepez\u2019de Al\u0131\u015fveri\u015f Festivali devam ediyor"},"content":{"rendered":"<p>Kepez Belediye Ba\u015fkan\u0131 Hakan T\u00fct\u00fcnc\u00fc\u2019n\u00fcn M\u0131s\u0131r \u00c7ar\u015f\u0131s\u0131\u2019na hareketlilik getirmesi amac\u0131yla d\u00fczenledi\u011fi Al\u0131\u015fveri\u015f Festivali, renkli g\u00f6r\u00fcnt\u00fclerle devam ediyor.<\/p>\n<p>Kepez Belediyesi\u2019nin tarihi \u00e7ar\u015f\u0131 k\u00fclt\u00fcr\u00fcn\u00fc ya\u015fatmak amac\u0131yla in\u015fa etti\u011fi M\u0131s\u0131r \u00c7ar\u015f\u0131s\u0131, Al\u0131\u015fveri\u015f Festivali\u2019ne ev sahipli\u011fi yap\u0131yor. 9 \u015eubat Cumartesi \u00fcnl\u00fc rock m\u00fczik grubu Kolpa\u2019n\u0131n muhte\u015fem konseri ile Antalyal\u0131lara kap\u0131lar\u0131n\u0131 aralayan Al\u0131\u015fveri\u015f Festivali, renkli g\u00f6r\u00fcnt\u00fclerle devam ediyor. B\u00fcy\u00fckler al\u0131\u015fveri\u015fte indirimli, kampanyal\u0131 f\u0131rsatlar\u0131 de\u011ferlendirirken, \u00e7ocuklarda y\u00fczme boyama etkinlikleri ve birbirinden g\u00fczel oyunlarla keyifli saatler ge\u00e7iriyorlar.<\/p>\n<p>Esnaf\u0131 tek tek ziyaret etti<\/p>\n<p>Kepez Belediye Ba\u015fkan\u0131 Hakan T\u00fct\u00fcnc\u00fc\u2019de al\u0131\u015fveri\u015f festivalinin yap\u0131ld\u0131\u011f\u0131 M\u0131s\u0131r \u00c7ar\u015f\u0131s\u0131n\u0131 s\u0131k s\u0131k ziyaret ederek, hem esnaf\u0131n hem de vatanda\u015flar\u0131n memnuniyet derecelerini \u00f6l\u00e7\u00fcyor. Festivalin 2. g\u00fcn\u00fc M\u0131s\u0131r \u00c7ar\u015f\u0131s\u0131na e\u015fi Dr. Ay\u015fe T\u00fct\u00fcnc\u00fc ve k\u0131z\u0131 Zeynep ile birlikte gelen Ba\u015fkan T\u00fct\u00fcnc\u00fc, esnaf\u0131 tek tek gezdi. T\u00fct\u00fcnc\u00fc, festival etkinlikleri \u00e7er\u00e7evesinde \u00e7ocuklar i\u00e7in d\u00fczenlenen etkinlikleri de izledi. Festival s\u00fcresince al\u0131\u015fveri\u015f yapanlar\u0131 sinema bileti, f\u0131r\u0131n, buzdolab\u0131, \u00e7ama\u015f\u0131r makinesi, bisiklet gibi bir\u00e7ok hediye bekliyor.<div class=\"tiled-gallery type-rectangular tiled-gallery-unresized\" data-original-width=\"500\" data-carousel-extra='null' itemscope itemtype=\"http:\/\/schema.org\/ImageGallery\" > <div class=\"gallery-row\" style=\"width: 500px; height: 224px;\" data-original-width=\"500\" data-original-height=\"224\" > <div class=\"gallery-group images-1\" style=\"width: 334px; height: 224px;\" data-original-width=\"334\" data-original-height=\"224\" > <div class=\"tiled-gallery-item tiled-gallery-item-large\" itemprop=\"associatedMedia\" itemscope itemtype=\"http:\/\/schema.org\/ImageObject\"> <a href=\"http:\/\/www.tvturk.com\/index.php\/kepezde-alisveris-festivali-devam-ediyor\/kepezde-alisveris-festivali-devam-ediyor-3\/\" border=\"0\" itemprop=\"url\"> <meta itemprop=\"width\" content=\"330\"> <meta itemprop=\"height\" content=\"220\"> <img decoding=\"async\" class=\"\" data-attachment-id=\"21790\" data-orig-file=\"http:\/\/www.tvturk.com\/wp-content\/uploads\/2019\/02\/kepezde-alisveris-festivali-devam-ediyor_3af2923.jpg\" data-orig-size=\"1000,667\" data-comments-opened=\"\" data-image-meta=\"{&quot;aperture&quot;:&quot;0&quot;,&quot;credit&quot;:&quot;IHA&quot;,&quot;camera&quot;:&quot;&quot;,&quot;caption&quot;:&quot;KEPEZ BELED\\u0130YE BA\\u015eKANI HAKAN T\\u00dcT\\u00dcNC\\u00dc\\u2019N\\u00dcN MISIR \\u00c7AR\\u015eISI\\u2019NA HAREKETL\\u0130L\\u0130K GET\\u0130RMES\\u0130 AMACIYLA D\\u00dcZENLED\\u0130\\u011e\\u0130 ALI\\u015eVER\\u0130\\u015e FEST\\u0130VAL\\u0130, RENKL\\u0130 G\\u00d6R\\u00dcNT\\u00dcLERLE DEVAM ED\\u0130YOR. (\\u0130HA\\\/ANTALYA-\\u0130HA)&quot;,&quot;created_timestamp&quot;:&quot;0&quot;,&quot;copyright&quot;:&quot;\\u0130HLAS HABER AJANSI, www.iha.com.tr&quot;,&quot;focal_length&quot;:&quot;0&quot;,&quot;iso&quot;:&quot;0&quot;,&quot;shutter_speed&quot;:&quot;0&quot;,&quot;title&quot;:&quot;KEPEZ\\u2019DE ALI\\u015eVER\\u0130\\u015e FEST\\u0130VAL\\u0130 DEVAM ED\\u0130YOR&quot;,&quot;orientation&quot;:&quot;0&quot;}\" data-image-title=\"Kepez\u2019de Al\u0131\u015fveri\u015f Festivali devam ediyor\" data-image-description=\"&lt;p&gt;Kepez\u2019de Al\u0131\u015fveri\u015f Festivali devam ediyor&lt;\/p&gt; \" data-medium-file=\"https:\/\/i0.wp.com\/www.tvturk.com\/wp-content\/uploads\/2019\/02\/kepezde-alisveris-festivali-devam-ediyor_3af2923.jpg?fit=300%2C200\" data-large-file=\"https:\/\/i0.wp.com\/www.tvturk.com\/wp-content\/uploads\/2019\/02\/kepezde-alisveris-festivali-devam-ediyor_3af2923.jpg?fit=1000%2C667\" src=\"https:\/\/i0.wp.com\/www.tvturk.com\/wp-content\/uploads\/2019\/02\/kepezde-alisveris-festivali-devam-ediyor_3af2923.jpg?w=330&#038;h=220\" srcset=\"https:\/\/i0.wp.com\/www.tvturk.com\/wp-content\/uploads\/2019\/02\/kepezde-alisveris-festivali-devam-ediyor_3af2923.jpg?w=1000 1000w, https:\/\/i0.wp.com\/www.tvturk.com\/wp-content\/uploads\/2019\/02\/kepezde-alisveris-festivali-devam-ediyor_3af2923.jpg?resize=150%2C100 150w, https:\/\/i0.wp.com\/www.tvturk.com\/wp-content\/uploads\/2019\/02\/kepezde-alisveris-festivali-devam-ediyor_3af2923.jpg?resize=300%2C200 300w, https:\/\/i0.wp.com\/www.tvturk.com\/wp-content\/uploads\/2019\/02\/kepezde-alisveris-festivali-devam-ediyor_3af2923.jpg?resize=768%2C512 768w, https:\/\/i0.wp.com\/www.tvturk.com\/wp-content\/uploads\/2019\/02\/kepezde-alisveris-festivali-devam-ediyor_3af2923.jpg?resize=170%2C113 170w, https:\/\/i0.wp.com\/www.tvturk.com\/wp-content\/uploads\/2019\/02\/kepezde-alisveris-festivali-devam-ediyor_3af2923.jpg?resize=120%2C80 120w\" width=\"330\" height=\"220\" loading=\"lazy\" data-original-width=\"330\" data-original-height=\"220\" itemprop=\"http:\/\/schema.org\/image\" title=\"Kepez\u2019de Al\u0131\u015fveri\u015f Festivali devam ediyor\" alt=\"Kepez\u2019de Al\u0131\u015fveri\u015f Festivali devam ediyor\" style=\"width: 330px; height: 220px;\" \/> <\/a> <\/div> <\/div> <!-- close group --> <div class=\"gallery-group images-2\" style=\"width: 166px; height: 224px;\" data-original-width=\"166\" data-original-height=\"224\" > <div class=\"tiled-gallery-item tiled-gallery-item-small\" itemprop=\"associatedMedia\" itemscope itemtype=\"http:\/\/schema.org\/ImageObject\"> <a href=\"http:\/\/www.tvturk.com\/index.php\/kepezde-alisveris-festivali-devam-ediyor\/kepezde-alisveris-festivali-devam-ediyor-4\/\" border=\"0\" itemprop=\"url\"> <meta itemprop=\"width\" content=\"162\"> <meta itemprop=\"height\" content=\"108\"> <img decoding=\"async\" class=\"\" data-attachment-id=\"21791\" data-orig-file=\"http:\/\/www.tvturk.com\/wp-content\/uploads\/2019\/02\/kepezde-alisveris-festivali-devam-ediyor_557f5f6.jpg\" data-orig-size=\"1000,666\" data-comments-opened=\"\" data-image-meta=\"{&quot;aperture&quot;:&quot;0&quot;,&quot;credit&quot;:&quot;IHA&quot;,&quot;camera&quot;:&quot;&quot;,&quot;caption&quot;:&quot;KEPEZ BELED\\u0130YE BA\\u015eKANI HAKAN T\\u00dcT\\u00dcNC\\u00dc\\u2019N\\u00dcN MISIR \\u00c7AR\\u015eISI\\u2019NA HAREKETL\\u0130L\\u0130K GET\\u0130RMES\\u0130 AMACIYLA D\\u00dcZENLED\\u0130\\u011e\\u0130 ALI\\u015eVER\\u0130\\u015e FEST\\u0130VAL\\u0130, RENKL\\u0130 G\\u00d6R\\u00dcNT\\u00dcLERLE DEVAM ED\\u0130YOR. (\\u0130HA\\\/ANTALYA-\\u0130HA)&quot;,&quot;created_timestamp&quot;:&quot;0&quot;,&quot;copyright&quot;:&quot;\\u0130HLAS HABER AJANSI, www.iha.com.tr&quot;,&quot;focal_length&quot;:&quot;0&quot;,&quot;iso&quot;:&quot;0&quot;,&quot;shutter_speed&quot;:&quot;0&quot;,&quot;title&quot;:&quot;KEPEZ\\u2019DE ALI\\u015eVER\\u0130\\u015e FEST\\u0130VAL\\u0130 DEVAM ED\\u0130YOR&quot;,&quot;orientation&quot;:&quot;0&quot;}\" data-image-title=\"Kepez\u2019de Al\u0131\u015fveri\u015f Festivali devam ediyor\" data-image-description=\"&lt;p&gt;Kepez\u2019de Al\u0131\u015fveri\u015f Festivali devam ediyor&lt;\/p&gt; \" data-medium-file=\"https:\/\/i0.wp.com\/www.tvturk.com\/wp-content\/uploads\/2019\/02\/kepezde-alisveris-festivali-devam-ediyor_557f5f6.jpg?fit=300%2C200\" data-large-file=\"https:\/\/i0.wp.com\/www.tvturk.com\/wp-content\/uploads\/2019\/02\/kepezde-alisveris-festivali-devam-ediyor_557f5f6.jpg?fit=1000%2C666\" src=\"https:\/\/i0.wp.com\/www.tvturk.com\/wp-content\/uploads\/2019\/02\/kepezde-alisveris-festivali-devam-ediyor_557f5f6.jpg?w=162&#038;h=108\" srcset=\"https:\/\/i0.wp.com\/www.tvturk.com\/wp-content\/uploads\/2019\/02\/kepezde-alisveris-festivali-devam-ediyor_557f5f6.jpg?w=1000 1000w, https:\/\/i0.wp.com\/www.tvturk.com\/wp-content\/uploads\/2019\/02\/kepezde-alisveris-festivali-devam-ediyor_557f5f6.jpg?resize=150%2C100 150w, https:\/\/i0.wp.com\/www.tvturk.com\/wp-content\/uploads\/2019\/02\/kepezde-alisveris-festivali-devam-ediyor_557f5f6.jpg?resize=300%2C200 300w, https:\/\/i0.wp.com\/www.tvturk.com\/wp-content\/uploads\/2019\/02\/kepezde-alisveris-festivali-devam-ediyor_557f5f6.jpg?resize=768%2C511 768w, https:\/\/i0.wp.com\/www.tvturk.com\/wp-content\/uploads\/2019\/02\/kepezde-alisveris-festivali-devam-ediyor_557f5f6.jpg?resize=170%2C113 170w, https:\/\/i0.wp.com\/www.tvturk.com\/wp-content\/uploads\/2019\/02\/kepezde-alisveris-festivali-devam-ediyor_557f5f6.jpg?resize=120%2C80 120w\" width=\"162\" height=\"108\" loading=\"lazy\" data-original-width=\"162\" data-original-height=\"108\" itemprop=\"http:\/\/schema.org\/image\" title=\"Kepez\u2019de Al\u0131\u015fveri\u015f Festivali devam ediyor\" alt=\"Kepez\u2019de Al\u0131\u015fveri\u015f Festivali devam ediyor\" style=\"width: 162px; height: 108px;\" \/> <\/a> <\/div> <div class=\"tiled-gallery-item tiled-gallery-item-small\" itemprop=\"associatedMedia\" itemscope itemtype=\"http:\/\/schema.org\/ImageObject\"> <a href=\"http:\/\/www.tvturk.com\/index.php\/kepezde-alisveris-festivali-devam-ediyor\/kepezde-alisveris-festivali-devam-ediyor-5\/\" border=\"0\" itemprop=\"url\"> <meta itemprop=\"width\" content=\"162\"> <meta itemprop=\"height\" content=\"108\"> <img decoding=\"async\" class=\"\" data-attachment-id=\"21792\" data-orig-file=\"http:\/\/www.tvturk.com\/wp-content\/uploads\/2019\/02\/kepezde-alisveris-festivali-devam-ediyor_8040da2.jpg\" data-orig-size=\"1000,667\" data-comments-opened=\"\" data-image-meta=\"{&quot;aperture&quot;:&quot;0&quot;,&quot;credit&quot;:&quot;IHA&quot;,&quot;camera&quot;:&quot;&quot;,&quot;caption&quot;:&quot;KEPEZ BELED\\u0130YE BA\\u015eKANI HAKAN T\\u00dcT\\u00dcNC\\u00dc\\u2019N\\u00dcN MISIR \\u00c7AR\\u015eISI\\u2019NA HAREKETL\\u0130L\\u0130K GET\\u0130RMES\\u0130 AMACIYLA D\\u00dcZENLED\\u0130\\u011e\\u0130 ALI\\u015eVER\\u0130\\u015e FEST\\u0130VAL\\u0130, RENKL\\u0130 G\\u00d6R\\u00dcNT\\u00dcLERLE DEVAM ED\\u0130YOR. (\\u0130HA\\\/ANTALYA-\\u0130HA)&quot;,&quot;created_timestamp&quot;:&quot;0&quot;,&quot;copyright&quot;:&quot;\\u0130HLAS HABER AJANSI, www.iha.com.tr&quot;,&quot;focal_length&quot;:&quot;0&quot;,&quot;iso&quot;:&quot;0&quot;,&quot;shutter_speed&quot;:&quot;0&quot;,&quot;title&quot;:&quot;KEPEZ\\u2019DE ALI\\u015eVER\\u0130\\u015e FEST\\u0130VAL\\u0130 DEVAM ED\\u0130YOR&quot;,&quot;orientation&quot;:&quot;0&quot;}\" data-image-title=\"Kepez\u2019de Al\u0131\u015fveri\u015f Festivali devam ediyor\" data-image-description=\"&lt;p&gt;Kepez\u2019de Al\u0131\u015fveri\u015f Festivali devam ediyor&lt;\/p&gt; \" data-medium-file=\"https:\/\/i0.wp.com\/www.tvturk.com\/wp-content\/uploads\/2019\/02\/kepezde-alisveris-festivali-devam-ediyor_8040da2.jpg?fit=300%2C200\" data-large-file=\"https:\/\/i0.wp.com\/www.tvturk.com\/wp-content\/uploads\/2019\/02\/kepezde-alisveris-festivali-devam-ediyor_8040da2.jpg?fit=1000%2C667\" src=\"https:\/\/i0.wp.com\/www.tvturk.com\/wp-content\/uploads\/2019\/02\/kepezde-alisveris-festivali-devam-ediyor_8040da2.jpg?w=162&#038;h=108\" srcset=\"https:\/\/i0.wp.com\/www.tvturk.com\/wp-content\/uploads\/2019\/02\/kepezde-alisveris-festivali-devam-ediyor_8040da2.jpg?w=1000 1000w, https:\/\/i0.wp.com\/www.tvturk.com\/wp-content\/uploads\/2019\/02\/kepezde-alisveris-festivali-devam-ediyor_8040da2.jpg?resize=150%2C100 150w, https:\/\/i0.wp.com\/www.tvturk.com\/wp-content\/uploads\/2019\/02\/kepezde-alisveris-festivali-devam-ediyor_8040da2.jpg?resize=300%2C200 300w, https:\/\/i0.wp.com\/www.tvturk.com\/wp-content\/uploads\/2019\/02\/kepezde-alisveris-festivali-devam-ediyor_8040da2.jpg?resize=768%2C512 768w, https:\/\/i0.wp.com\/www.tvturk.com\/wp-content\/uploads\/2019\/02\/kepezde-alisveris-festivali-devam-ediyor_8040da2.jpg?resize=170%2C113 170w, https:\/\/i0.wp.com\/www.tvturk.com\/wp-content\/uploads\/2019\/02\/kepezde-alisveris-festivali-devam-ediyor_8040da2.jpg?resize=120%2C80 120w\" width=\"162\" height=\"108\" loading=\"lazy\" data-original-width=\"162\" data-original-height=\"108\" itemprop=\"http:\/\/schema.org\/image\" title=\"Kepez\u2019de Al\u0131\u015fveri\u015f Festivali devam ediyor\" alt=\"Kepez\u2019de Al\u0131\u015fveri\u015f Festivali devam ediyor\" style=\"width: 162px; height: 108px;\" \/> <\/a> <\/div> <\/div> <!-- close group --> <\/div> <!-- close row --> <\/div><\/p>\n","protected":false},"excerpt":{"rendered":"<p>KEPEZ BELED\u0130YE BA\u015eKANI HAKAN T\u00dcT\u00dcNC\u00dc\u2019N\u00dcN MISIR \u00c7AR\u015eISI\u2019NA HAREKETL\u0130L\u0130K GET\u0130RMES\u0130 AMACIYLA D\u00dcZENLED\u0130\u011e\u0130 ALI\u015eVER\u0130\u015e FEST\u0130VAL\u0130, RENKL\u0130 G\u00d6R\u00dcNT\u00dcLERLE DEVAM ED\u0130YOR.<\/p>\n","protected":false},"author":1,"featured_media":21789,"comment_status":"closed","ping_status":"open","sticky":false,"template":"","format":"standard","meta":{"jetpack_post_was_ever_published":false,"_jetpack_newsletter_access":"","_jetpack_dont_email_post_to_subs":false,"_jetpack_newsletter_tier_id":0,"_jetpack_memberships_contains_paywalled_content":false,"_jetpack_memberships_contains_paid_content":false,"footnotes":"","jetpack_publicize_message":"","jetpack_publicize_feature_enabled":true,"jetpack_social_post_already_shared":false,"jetpack_social_options":{"image_generator_settings":{"template":"highway","default_image_id":0,"font":"","enabled":false},"version":2}},"categories":[19],"tags":[1334,522,523,3400,8304],"class_list":["post-21788","post","type-post","status-publish","format-standard","has-post-thumbnail","hentry","category-ekonomi","tag-alisveris","tag-devam","tag-ediyor","tag-festivali","tag-kepezde"],"jetpack_publicize_connections":[],"jetpack_featured_media_url":"https:\/\/i0.wp.com\/www.tvturk.com\/wp-content\/uploads\/2019\/02\/kepezde-alisveris-festivali-devam-ediyor_09ace68.jpg?fit=1000%2C667","jetpack_sharing_enabled":true,"jetpack_shortlink":"https:\/\/wp.me\/paKIfm-5Fq","_links":{"self":[{"href":"http:\/\/www.tvturk.com\/index.php\/wp-json\/wp\/v2\/posts\/21788","targetHints":{"allow":["GET"]}}],"collection":[{"href":"http:\/\/www.tvturk.com\/index.php\/wp-json\/wp\/v2\/posts"}],"about":[{"href":"http:\/\/www.tvturk.com\/index.php\/wp-json\/wp\/v2\/types\/post"}],"author":[{"embeddable":true,"href":"http:\/\/www.tvturk.com\/index.php\/wp-json\/wp\/v2\/users\/1"}],"replies":[{"embeddable":true,"href":"http:\/\/www.tvturk.com\/index.php\/wp-json\/wp\/v2\/comments?post=21788"}],"version-history":[{"count":1,"href":"http:\/\/www.tvturk.com\/index.php\/wp-json\/wp\/v2\/posts\/21788\/revisions"}],"predecessor-version":[{"id":21793,"href":"http:\/\/www.tvturk.com\/index.php\/wp-json\/wp\/v2\/posts\/21788\/revisions\/21793"}],"wp:featuredmedia":[{"embeddable":true,"href":"http:\/\/www.tvturk.com\/index.php\/wp-json\/wp\/v2\/media\/21789"}],"wp:attachment":[{"href":"http:\/\/www.tvturk.com\/index.php\/wp-json\/wp\/v2\/media?parent=21788"}],"wp:term":[{"taxonomy":"category","embeddable":true,"href":"http:\/\/www.tvturk.com\/index.php\/wp-json\/wp\/v2\/categories?post=21788"},{"taxonomy":"post_tag","embeddable":true,"href":"http:\/\/www.tvturk.com\/index.php\/wp-json\/wp\/v2\/tags?post=21788"}],"curies":[{"name":"wp","href":"https:\/\/api.w.org\/{rel}","templated":true}]}}