{"id":217931,"date":"2019-10-21T12:17:25","date_gmt":"2019-10-21T09:17:25","guid":{"rendered":"http:\/\/www.tvturk.com\/index.php\/hafif-ticari-aracin-carptigi-geyik-telef-oldu\/"},"modified":"2019-10-21T12:17:25","modified_gmt":"2019-10-21T09:17:25","slug":"hafif-ticari-aracin-carptigi-geyik-telef-oldu","status":"publish","type":"post","link":"http:\/\/www.tvturk.com\/index.php\/hafif-ticari-aracin-carptigi-geyik-telef-oldu\/","title":{"rendered":"Hafif ticari arac\u0131n \u00e7arpt\u0131\u011f\u0131 geyik telef oldu"},"content":{"rendered":"<p>Kastamonu-Daday karayolu Hac\u0131muharrem k\u00f6y\u00fc mevki\u2019inde hafif ticari arac\u0131n \u00e7arpt\u0131\u011f\u0131 geyik telef olurken ara\u00e7ta ise a\u011f\u0131r hasar olu\u015ftu.<\/p>\n<p>Edinilen bilgiye g\u00f6re, Kastamonu-Daday karayolu Hac\u0131muharrem k\u00f6y\u00fc mevkisinde bir ailenin i\u00e7inde oldu\u011fu hafif ticari ara\u00e7 seyir halinde ilerledi\u011fi s\u0131rada \u00f6n\u00fcne aniden geyik \u00e7\u0131kt\u0131. Aniden yola \u00e7\u0131kan geyi\u011fi g\u00f6r\u00fcnce duramayan ara\u00e7, hayvana \u00e7arpt\u0131. \u00c7arpman\u0131n etkisiyle yol kenar\u0131na savrulan geyik telef olurken ara\u00e7ta ise a\u011f\u0131r hasar meydana geldi. Ara\u00e7 i\u00e7indekilerin yara almad\u0131\u011f\u0131 kaza hakk\u0131nda inceleme ba\u015flat\u0131ld\u0131.<\/p>\n","protected":false},"excerpt":{"rendered":"<p>KASTAMONU-DADAY KARAYOLU HACIMUHARREM K\u00d6Y\u00dc MEVK\u0130\u0130NDE ARACIN \u00c7ARPTI\u011eI GEY\u0130K TELEF OLDU.<\/p>\n","protected":false},"author":1,"featured_media":217932,"comment_status":"closed","ping_status":"open","sticky":false,"template":"","format":"standard","meta":{"jetpack_post_was_ever_published":false,"_jetpack_newsletter_access":"","_jetpack_dont_email_post_to_subs":false,"_jetpack_newsletter_tier_id":0,"_jetpack_memberships_contains_paywalled_content":false,"_jetpack_memberships_contains_paid_content":false,"footnotes":"","jetpack_publicize_message":"","jetpack_publicize_feature_enabled":true,"jetpack_social_post_already_shared":true,"jetpack_social_options":{"image_generator_settings":{"template":"highway","default_image_id":0,"font":"","enabled":false},"version":2}},"categories":[1],"tags":[826,3516,16255,3474,77,2693,2837],"class_list":["post-217931","post","type-post","status-publish","format-standard","has-post-thumbnail","hentry","category-genel","tag-aracin","tag-carptigi","tag-geyik","tag-hafif","tag-oldu","tag-telef","tag-ticari"],"jetpack_publicize_connections":[],"jetpack_featured_media_url":"https:\/\/i0.wp.com\/www.tvturk.com\/wp-content\/uploads\/2019\/10\/hafif-ticari-aracin-carptigi-geyik-telef-oldu_32b517c.jpg?fit=841%2C744","jetpack_sharing_enabled":true,"jetpack_shortlink":"https:\/\/wp.me\/paKIfm-UH1","_links":{"self":[{"href":"http:\/\/www.tvturk.com\/index.php\/wp-json\/wp\/v2\/posts\/217931","targetHints":{"allow":["GET"]}}],"collection":[{"href":"http:\/\/www.tvturk.com\/index.php\/wp-json\/wp\/v2\/posts"}],"about":[{"href":"http:\/\/www.tvturk.com\/index.php\/wp-json\/wp\/v2\/types\/post"}],"author":[{"embeddable":true,"href":"http:\/\/www.tvturk.com\/index.php\/wp-json\/wp\/v2\/users\/1"}],"replies":[{"embeddable":true,"href":"http:\/\/www.tvturk.com\/index.php\/wp-json\/wp\/v2\/comments?post=217931"}],"version-history":[{"count":0,"href":"http:\/\/www.tvturk.com\/index.php\/wp-json\/wp\/v2\/posts\/217931\/revisions"}],"wp:featuredmedia":[{"embeddable":true,"href":"http:\/\/www.tvturk.com\/index.php\/wp-json\/wp\/v2\/media\/217932"}],"wp:attachment":[{"href":"http:\/\/www.tvturk.com\/index.php\/wp-json\/wp\/v2\/media?parent=217931"}],"wp:term":[{"taxonomy":"category","embeddable":true,"href":"http:\/\/www.tvturk.com\/index.php\/wp-json\/wp\/v2\/categories?post=217931"},{"taxonomy":"post_tag","embeddable":true,"href":"http:\/\/www.tvturk.com\/index.php\/wp-json\/wp\/v2\/tags?post=217931"}],"curies":[{"name":"wp","href":"https:\/\/api.w.org\/{rel}","templated":true}]}}