{"id":218062,"date":"2019-10-21T15:32:44","date_gmt":"2019-10-21T12:32:44","guid":{"rendered":"http:\/\/www.tvturk.com\/index.php\/kizi-kayinpederi-tarafindan-darp-edilen-baba-isyan-etti\/"},"modified":"2019-10-21T15:32:44","modified_gmt":"2019-10-21T12:32:44","slug":"kizi-kayinpederi-tarafindan-darp-edilen-baba-isyan-etti","status":"publish","type":"post","link":"http:\/\/www.tvturk.com\/index.php\/kizi-kayinpederi-tarafindan-darp-edilen-baba-isyan-etti\/","title":{"rendered":"K\u0131z\u0131, kay\u0131npederi taraf\u0131ndan darp edilen baba isyan etti"},"content":{"rendered":"<p>Kocaeli\u2019nin Gebze il\u00e7esinde kay\u0131npederi M.\u00d6. taraf\u0131ndan darp edildi\u011fi ileri s\u00fcr\u00fclen F. \u00d6.\u2019n\u00fcn babas\u0131 Muzaffer Yakup, darp olay\u0131n\u0131 ger\u00e7ekle\u015ftirdi\u011fi iddia edilen M.\u00d6.\u2019n\u00fcn serbest b\u0131rak\u0131lmas\u0131na tepki g\u00f6sterdi.<\/p>\n<p>Kocaeli\u2019nin Gebze il\u00e7esi Yavuz Selim Mahallesi\u2019nde ge\u00e7ti\u011fimiz g\u00fcn meydana gelen olayda bir s\u00fcredir kay\u0131npederi ile anla\u015fmazl\u0131k ya\u015fayan F.\u00d6., kay\u0131npederi M.\u00d6. taraf\u0131ndan darp edildi\u011fini ileri s\u00fcrd\u00fc. Ya\u015fanan olay\u0131n medyaya yans\u0131mas\u0131n\u0131n ard\u0131ndan g\u00f6zalt\u0131na al\u0131nan M.\u00d6.\u2019ye uzakla\u015ft\u0131rma karar\u0131 verildi. Karardan iki g\u00fcn sonra kay\u0131npeder M.\u00d6.\u2019n\u00fcn uzakla\u015ft\u0131rma karar\u0131 olmas\u0131na ra\u011fmen Kocaeli\u2019nin Gebze il\u00e7esi Yavuz Selim Mahallesi\u2019nde bulunan evi yakt\u0131\u011f\u0131 ileri s\u00fcr\u00fcld\u00fc. Olay\u0131n ard\u0131ndan mahalle sakinleri taraf\u0131ndan lin\u00e7 edilmek istenen kay\u0131npeder M.\u00d6. polis ekipleri taraf\u0131ndan g\u00f6zalt\u0131na al\u0131nd\u0131. \u0130fadesi al\u0131nan M.\u00d6. serbest b\u0131rak\u0131ld\u0131.<\/p>\n<p>Kay\u0131npederin serbest b\u0131rak\u0131lmas\u0131na isyan etti<\/p>\n<p>Konuyla ilgili a\u00e7\u0131klama yapan gelin F.\u00d6.\u2019n\u00fcn babas\u0131 Muzaffer Yakut, \u201cK\u0131z\u0131m eve gitti\u011finde servisle birlikte orada eldivenle pusuya yatm\u0131\u015f. K\u0131z\u0131 i\u00e7eri \u00e7ekmi\u015f, h\u0131rpalam\u0131\u015f. \u00c7\u0131\u011fl\u0131k i\u00e7erisinde kom\u015fular\u0131 gelmi\u015f. Orada sopalarla, demirlerle k\u0131z\u0131 d\u00f6verek lin\u00e7 etmi\u015f. Kom\u015fular elinden zor alm\u0131\u015f. Hastaneye gidip darp raporu ald\u0131k. Karakola gittik. G\u00f6zalt\u0131na al\u0131nm\u0131\u015f daha sonra savc\u0131 b\u0131rakm\u0131\u015f. Savc\u0131 b\u0131rakt\u0131ktan sonra Emine Bulut gibi olaylar \u00e7ok olacak. K\u0131z\u0131n darb\u0131 ortada, kom\u015fular\u0131n g\u00f6rd\u00fc\u011f\u00fc ortada. Kom\u015fular korkular\u0131ndan bir \u015fey s\u00f6yleyemiyor. Yang\u0131n olmadan \u00f6nce bu \u015fahs\u0131n uzakla\u015ft\u0131rma karar\u0131 vard\u0131. Karakola gidiyor. Ben evime gidece\u011fim, e\u015fyalar\u0131m var diyor onu alay\u0131m. O k\u0131z orada olsayd\u0131 yang\u0131ndan \u00f6nce o k\u0131za yine vuracakt\u0131. Evden \u00e7\u0131k\u0131yor, evden sonra hemen arkas\u0131ndan yang\u0131n \u00e7\u0131k\u0131yor o orada oldu\u011fu esnada\u201d dedi.<\/p>\n<p>\u201cK\u0131z\u0131m\u0131n korunmas\u0131 laz\u0131m\u201d<\/p>\n<p>Baba Muzaffer Yakut yapt\u0131\u011f\u0131 a\u00e7\u0131klamada, \u201cBu saatten sonra zaten e\u015finden ayr\u0131lacak. Ayr\u0131lmamas\u0131 g\u00f6z g\u00f6re g\u00f6re intihard\u0131r. Evin etraf\u0131nda arabalar\u0131 dola\u015f\u0131yor. Bu k\u0131z\u0131n korunmas\u0131 laz\u0131m. Cinayet i\u015fleniyor \u00f6ld\u00fckten sonra k\u0131ymet biliniyor. \u00d6lmeden \u00f6nce insan\u0131n k\u0131ymeti bilinsin. Biz \u00f6ld\u00fckten sonra bizim k\u0131ymetimiz olsa ne olur, olmasa ne olur. K\u0131z\u0131m \u00f6ls\u00fcn, heykelini diksinler. Ben k\u0131z\u0131m\u0131 can sa\u011fl\u0131\u011f\u0131n\u0131 g\u00f6rmedikten sonra. Ben 3 g\u00fcnd\u00fcr uykusuzum. K\u0131z\u0131m e\u015farb\u0131n\u0131 ba\u011flayam\u0131yor. \u00c7ocu\u011fu durmadan seni dedem mi d\u00f6vd\u00fc diye soruyor. Bir insan nas\u0131l demirle d\u00f6ver\u201d ifadelerini kulland\u0131.<\/p>\n","protected":false},"excerpt":{"rendered":"<p>KOCAEL\u0130\u2019N\u0130N GEBZE \u0130L\u00c7ES\u0130NDE KAYINPEDER\u0130 M.\u00d6. TARAFINDAN DARP ED\u0130LD\u0130\u011e\u0130 \u0130LER\u0130 S\u00dcR\u00dcLEN F. \u00d6.\u2019N\u00dcN BABASI MUZAFFER YAKUP, \u015eAHSIN SERBEST BIRAKILMASINA TEPK\u0130 G\u00d6STERD\u0130.<\/p>\n","protected":false},"author":1,"featured_media":218063,"comment_status":"closed","ping_status":"open","sticky":false,"template":"","format":"standard","meta":{"jetpack_post_was_ever_published":false,"_jetpack_newsletter_access":"","_jetpack_dont_email_post_to_subs":false,"_jetpack_newsletter_tier_id":0,"_jetpack_memberships_contains_paywalled_content":false,"_jetpack_memberships_contains_paid_content":false,"footnotes":"","jetpack_publicize_message":"","jetpack_publicize_feature_enabled":true,"jetpack_social_post_already_shared":true,"jetpack_social_options":{"image_generator_settings":{"template":"highway","default_image_id":0,"font":"","enabled":false},"version":2}},"categories":[1],"tags":[1360,2510,3670,207,5623,55168,3224,765],"class_list":["post-218062","post","type-post","status-publish","format-standard","has-post-thumbnail","hentry","category-genel","tag-baba","tag-darp","tag-edilen","tag-etti","tag-isyan","tag-kayinpederi","tag-kizi","tag-tarafindan"],"jetpack_publicize_connections":[],"jetpack_featured_media_url":"https:\/\/i0.wp.com\/www.tvturk.com\/wp-content\/uploads\/2019\/10\/kizi-kayinpederi-tarafindan-darp-edilen-baba-isyan-etti_bfa379f.jpg?fit=1000%2C562","jetpack_sharing_enabled":true,"jetpack_shortlink":"https:\/\/wp.me\/paKIfm-UJ8","_links":{"self":[{"href":"http:\/\/www.tvturk.com\/index.php\/wp-json\/wp\/v2\/posts\/218062","targetHints":{"allow":["GET"]}}],"collection":[{"href":"http:\/\/www.tvturk.com\/index.php\/wp-json\/wp\/v2\/posts"}],"about":[{"href":"http:\/\/www.tvturk.com\/index.php\/wp-json\/wp\/v2\/types\/post"}],"author":[{"embeddable":true,"href":"http:\/\/www.tvturk.com\/index.php\/wp-json\/wp\/v2\/users\/1"}],"replies":[{"embeddable":true,"href":"http:\/\/www.tvturk.com\/index.php\/wp-json\/wp\/v2\/comments?post=218062"}],"version-history":[{"count":0,"href":"http:\/\/www.tvturk.com\/index.php\/wp-json\/wp\/v2\/posts\/218062\/revisions"}],"wp:featuredmedia":[{"embeddable":true,"href":"http:\/\/www.tvturk.com\/index.php\/wp-json\/wp\/v2\/media\/218063"}],"wp:attachment":[{"href":"http:\/\/www.tvturk.com\/index.php\/wp-json\/wp\/v2\/media?parent=218062"}],"wp:term":[{"taxonomy":"category","embeddable":true,"href":"http:\/\/www.tvturk.com\/index.php\/wp-json\/wp\/v2\/categories?post=218062"},{"taxonomy":"post_tag","embeddable":true,"href":"http:\/\/www.tvturk.com\/index.php\/wp-json\/wp\/v2\/tags?post=218062"}],"curies":[{"name":"wp","href":"https:\/\/api.w.org\/{rel}","templated":true}]}}