{"id":218092,"date":"2019-10-21T16:47:09","date_gmt":"2019-10-21T13:47:09","guid":{"rendered":"http:\/\/www.tvturk.com\/index.php\/usak-universitesi-akademik-acilis-toreni-onur-konugu-ilber-ortayli-oldu\/"},"modified":"2019-10-21T16:47:09","modified_gmt":"2019-10-21T13:47:09","slug":"usak-universitesi-akademik-acilis-toreni-onur-konugu-ilber-ortayli-oldu","status":"publish","type":"post","link":"http:\/\/www.tvturk.com\/index.php\/usak-universitesi-akademik-acilis-toreni-onur-konugu-ilber-ortayli-oldu\/","title":{"rendered":"U\u015fak \u00dcniversitesi Akademik A\u00e7\u0131l\u0131\u015f T\u00f6reni onur konu\u011fu \u0130lber Ortayl\u0131 oldu"},"content":{"rendered":"<p>U\u015fak \u00dcniversitesinde 2019-2020 Akademik Y\u0131l\u0131 A\u00e7\u0131l\u0131\u015f T\u00f6reni onur konu\u011fu Prof. Dr. \u0130lber Ortayl\u0131\u2019n\u0131n kat\u0131l\u0131m\u0131yla Recep Tayyip Erdo\u011fan Kongre Merkezi\u2019nde ger\u00e7ekle\u015ftirildi.<\/p>\n<p>U\u015fak \u00dcniversitesi Recep Tayyip Erdo\u011fan Kongre Merkezi\u2019nde 2019-2020 Akademik Y\u0131l\u0131 A\u00e7\u0131l\u0131\u015f T\u00f6reni d\u00fczenlendi. Programa kat\u0131lan T\u00fcrk Tarih Kurumu \u015eeref \u00dcyesi Tarih\u00e7i Prof. Dr. \u0130lber Ortayl\u0131 Akademik Y\u0131l\u0131 A\u00e7\u0131l\u0131\u015f ilk dersini verdi. Programa U\u015fak Valisi Funda Kocab\u0131y\u0131k, Belediye Ba\u015fkan\u0131 Mehmet \u00c7ak\u0131n, U\u015fak \u00dcniversitesi Rekt\u00f6r\u00fc Ekrem Sava\u015f ile birlikte il protokol\u00fc, akademisyenler ve \u00f6\u011frenciler kat\u0131ld\u0131. Olduk\u00e7a yo\u011fun kat\u0131l\u0131m\u0131n ya\u015fand\u0131\u011f\u0131 programda salona s\u0131\u011fmayan \u00f6\u011frenciler \u0130lber Ortayl\u0131\u2019n\u0131n konu\u015fma yapt\u0131\u011f\u0131 s\u0131rada protokol \u00f6n\u00fcn\u00fc ve sahneyi doldurdu.<\/p>\n<p>Yo\u011fun kat\u0131l\u0131m\u0131n ger\u00e7ekle\u015fti\u011fi programda a\u00e7\u0131l\u0131\u015f konu\u015fmas\u0131n\u0131 yapan U\u015fak \u00dcniversitesi Rekt\u00f6r\u00fc Ekrem Sava\u015f, &#8220;\u00dcniversitemiz 2019-2020 a\u00e7\u0131l\u0131\u015f merasimine ho\u015f geldiniz diyorum. S\u00f6zlerime ba\u015flarken memleketimizin b\u00fct\u00fcnl\u00fc\u011f\u00fc i\u00e7in s\u0131n\u0131r \u00f6tesinde bizim rahat bir \u015fekilde ya\u015famam\u0131z i\u00e7in m\u00fccadele eden T\u00fcrk ordumuza ba\u015far\u0131lar diliyorum. Orada ve yurdumuzun di\u011fer yerlerinde vatan\u0131 i\u00e7in topra\u011fa d\u00fc\u015fm\u00fc\u015f olan b\u00fct\u00fcn \u015fehitlerimizi de rahmetle an\u0131yorum. 2006 y\u0131l\u0131nda kurulu\u015fu ger\u00e7ekle\u015fen \u00fcniversitemiz u\u011fun 12 fak\u00fclte, 11 meslek y\u00fcksekokulu, 3 enstit\u00fc, 25 uygulama ve ara\u015ft\u0131rma merkezi, 726 akademik personel, 334 idari personeli ve 31 bin 375 bin \u00f6\u011frencisiyle \u00f6\u011fretime devam etmektedir. B\u00f6lgesel kalk\u0131nma odakl\u0131 misyon farkl\u0131la\u015fmas\u0131 projesi kapsam\u0131nda T\u00fcrkiye\u2019deki 5 pilot \u00fcniversiteden biri olan \u00fcniversitemiz deri, tekstil ve seramik alan\u0131nda 2016 y\u0131l\u0131nda pilot \u00fcniversite olarak se\u00e7ilmi\u015ftir\u201d \u015feklinde konu\u015ftu.<\/p>\n<p>U\u015fak\u2019\u0131n en fazla kaz\u0131 yap\u0131lan ve tarihi de\u011fere sahip oldu\u011funu vurgulayan Prof. Dr. \u0130lber Ortayl\u0131, \u201c2019-2020 ders y\u0131l\u0131n\u0131n U\u015fak \u00dcniversitesindeki a\u00e7\u0131l\u0131\u015f dersini bana l\u00fctfetti\u011finiz i\u00e7in \u015feref duydum. Burada insanlar\u0131n U\u015fak\u2019\u0131n ge\u00e7mi\u015fini, 3 bin y\u0131l\u0131n\u0131 et\u00fct etmeleri benim i\u00e7in fevkalade b\u00fcy\u00fck bir olayd\u0131r. Fakat duydu\u011fum g\u00f6re \u00fcniversitemizde mevcut olan Arkeoloji b\u00f6l\u00fcm\u00fcn\u00fcn raydan \u00e7\u0131kar\u0131lmas\u0131 d\u00fc\u015f\u00fcn\u00fcl\u00fcyor. Tasarruf tercihlerinde her zaman i\u00e7in yanl\u0131\u015f kararlar al\u0131n\u0131r. \u00dcniversite t\u0131pk\u0131 bir insan\u0131n kitap okumas\u0131, bo\u015f zamanda m\u00fczik yap\u0131p resimle u\u011fra\u015fmas\u0131 gibi bir faaliyet olarak d\u00fc\u015f\u00fcn\u00fclmelidir. Bir toplum istedi\u011fi kadar zengin, istedi\u011fi kadar g\u00fc\u00e7l\u00fc olsun, e\u011fer \u00fcniversitenin getirece\u011fi faaliyetlerden ve bilgi birikiminden uzakta kal\u0131yorsa h\u00fcsrana mahkumdur. Maalesef T\u00fcrkiye ikinci gruba dahil de\u011filse de bu d\u00fc\u015f\u00fcnceyle oraya yuvarlanabilir. Ta\u015fra \u00dcniversitesi iye bir kategoriye soktu\u011fumuz \u00fcniversitelerin baz\u0131lar\u0131n\u0131n e\u015fsiz bir yeri vard\u0131r. Herhangi bir \u015fekilde doldurulamaz. U\u015fak \u00dcniversitesi de bunlardan biridir. T\u00fcrkiye dedi\u011fimiz k\u00fc\u00e7\u00fck Asya yery\u00fcz\u00fc \u00fczerinde etnik yap\u0131s\u0131 en ge\u00e7 de\u011fi\u015fen \u00fclkelerden biri hatta birincisidir\u201d diye konu\u015ftu.<\/p>\n","protected":false},"excerpt":{"rendered":"<p>U\u015eAK \u00dcN\u0130VERS\u0130TES\u0130\u2019NDE 2019-2020 AKADEM\u0130K YILI A\u00c7ILI\u015e T\u00d6REN\u0130N\u0130N ONUR KONU\u011eU PROF. DR. \u0130LBER ORTAYLI OLDU<\/p>\n","protected":false},"author":1,"featured_media":218093,"comment_status":"closed","ping_status":"open","sticky":false,"template":"","format":"standard","meta":{"jetpack_post_was_ever_published":false,"_jetpack_newsletter_access":"","_jetpack_dont_email_post_to_subs":false,"_jetpack_newsletter_tier_id":0,"_jetpack_memberships_contains_paywalled_content":false,"_jetpack_memberships_contains_paid_content":false,"footnotes":"","jetpack_publicize_message":"","jetpack_publicize_feature_enabled":true,"jetpack_social_post_already_shared":true,"jetpack_social_options":{"image_generator_settings":{"template":"highway","default_image_id":0,"font":"","enabled":false},"version":2}},"categories":[1],"tags":[1350,10673,21958,7542,77,9079,33586,187,382,911],"class_list":["post-218092","post","type-post","status-publish","format-standard","has-post-thumbnail","hentry","category-genel","tag-acilis","tag-akademik","tag-ilber","tag-konugu","tag-oldu","tag-onur","tag-ortayli","tag-toreni","tag-universitesi","tag-usak"],"jetpack_publicize_connections":[],"jetpack_featured_media_url":"https:\/\/i0.wp.com\/www.tvturk.com\/wp-content\/uploads\/2019\/10\/usak-universitesi-akademik-acilis-toreni-onur-konugu-ilber-ortayli-oldu_d45fb76.jpg?fit=1000%2C666","jetpack_sharing_enabled":true,"jetpack_shortlink":"https:\/\/wp.me\/paKIfm-UJC","_links":{"self":[{"href":"http:\/\/www.tvturk.com\/index.php\/wp-json\/wp\/v2\/posts\/218092","targetHints":{"allow":["GET"]}}],"collection":[{"href":"http:\/\/www.tvturk.com\/index.php\/wp-json\/wp\/v2\/posts"}],"about":[{"href":"http:\/\/www.tvturk.com\/index.php\/wp-json\/wp\/v2\/types\/post"}],"author":[{"embeddable":true,"href":"http:\/\/www.tvturk.com\/index.php\/wp-json\/wp\/v2\/users\/1"}],"replies":[{"embeddable":true,"href":"http:\/\/www.tvturk.com\/index.php\/wp-json\/wp\/v2\/comments?post=218092"}],"version-history":[{"count":0,"href":"http:\/\/www.tvturk.com\/index.php\/wp-json\/wp\/v2\/posts\/218092\/revisions"}],"wp:featuredmedia":[{"embeddable":true,"href":"http:\/\/www.tvturk.com\/index.php\/wp-json\/wp\/v2\/media\/218093"}],"wp:attachment":[{"href":"http:\/\/www.tvturk.com\/index.php\/wp-json\/wp\/v2\/media?parent=218092"}],"wp:term":[{"taxonomy":"category","embeddable":true,"href":"http:\/\/www.tvturk.com\/index.php\/wp-json\/wp\/v2\/categories?post=218092"},{"taxonomy":"post_tag","embeddable":true,"href":"http:\/\/www.tvturk.com\/index.php\/wp-json\/wp\/v2\/tags?post=218092"}],"curies":[{"name":"wp","href":"https:\/\/api.w.org\/{rel}","templated":true}]}}