{"id":218180,"date":"2019-10-22T09:16:54","date_gmt":"2019-10-22T06:16:54","guid":{"rendered":"http:\/\/www.tvturk.com\/index.php\/yaban-hayvanlari-fotokapana-takildi\/"},"modified":"2019-10-22T09:16:54","modified_gmt":"2019-10-22T06:16:54","slug":"yaban-hayvanlari-fotokapana-takildi","status":"publish","type":"post","link":"http:\/\/www.tvturk.com\/index.php\/yaban-hayvanlari-fotokapana-takildi\/","title":{"rendered":"Yaban hayvanlar\u0131 fotokapana tak\u0131ld\u0131"},"content":{"rendered":"<p>Doktora \u00f6\u011frencisi \u00c7a\u011fda\u015f Ke\u00e7eci, Sar\u0131\u00e7am a\u011fa\u00e7lar\u0131yla dolu Yaln\u0131z\u00e7am ormanl\u0131k alan\u0131na kurdu\u011fu fotokapanla yaban hayvanlar\u0131n\u0131n do\u011fal ya\u015famdaki g\u00f6r\u00fcnt\u00fclerini kaydederek sosyal medya \u00fczerinden payla\u015ft\u0131.<\/p>\n<p>Doktora \u00f6\u011frencisi \u00c7a\u011fda\u015f Ke\u00e7eci, Yaln\u0131z\u00e7am\u2019da bulunan sar\u0131\u00e7am ormanl\u0131k alan\u0131na yerle\u015ftirdi\u011fi foto kapanla yaban hayat\u0131n\u0131 izleyerek, elde etti\u011fi g\u00f6r\u00fcnt\u00fcleri sosyal medya hesab\u0131ndan payla\u015f\u0131p Ardahan turizmine katk\u0131 sa\u011flamak istiyor.<\/p>\n<p>Belirli aral\u0131klarla orman\u0131n de\u011fi\u015fik b\u00f6lgelerine kurdu\u011fu fotokapanla ay\u0131, domuz ve kurt gibi hayvanlar\u0131n do\u011fal ya\u015fam\u0131ndaki g\u00f6r\u00fcnt\u00fclerini kaydeden Ke\u00e7eci, \u2019\u2019Amat\u00f6r olarak Ardahan\u2019\u0131n vah\u015fi do\u011fas\u0131n\u0131n foto\u011fraflama \u00e7abas\u0131 i\u00e7erisindeyim. Ardahan\u2019da ve \u00e7evre illerde kurdu\u011fum fotokapanla burada ya\u015fayan t\u00fcrleri g\u00f6r\u00fcnt\u00fclemeyi ama\u00e7lad\u0131m\u2019\u2019 dedi.<\/p>\n","protected":false},"excerpt":{"rendered":"<p>ARDAHAN&#8217;DA YABAN HAYATI FOTOKAPANA TAKILDI.<\/p>\n","protected":false},"author":1,"featured_media":218181,"comment_status":"closed","ping_status":"open","sticky":false,"template":"","format":"standard","meta":{"jetpack_post_was_ever_published":false,"_jetpack_newsletter_access":"","_jetpack_dont_email_post_to_subs":false,"_jetpack_newsletter_tier_id":0,"_jetpack_memberships_contains_paywalled_content":false,"_jetpack_memberships_contains_paid_content":false,"footnotes":"","jetpack_publicize_message":"","jetpack_publicize_feature_enabled":true,"jetpack_social_post_already_shared":true,"jetpack_social_options":{"image_generator_settings":{"template":"highway","default_image_id":0,"font":"","enabled":false},"version":2}},"categories":[1],"tags":[42336,9205,7048,4096],"class_list":["post-218180","post","type-post","status-publish","format-standard","has-post-thumbnail","hentry","category-genel","tag-fotokapana","tag-hayvanlari","tag-takildi","tag-yaban"],"jetpack_publicize_connections":[],"jetpack_featured_media_url":"https:\/\/i0.wp.com\/www.tvturk.com\/wp-content\/uploads\/2019\/10\/yaban-hayvanlari-fotokapana-takildi_614226a.jpg?fit=1000%2C549","jetpack_sharing_enabled":true,"jetpack_shortlink":"https:\/\/wp.me\/paKIfm-UL2","_links":{"self":[{"href":"http:\/\/www.tvturk.com\/index.php\/wp-json\/wp\/v2\/posts\/218180","targetHints":{"allow":["GET"]}}],"collection":[{"href":"http:\/\/www.tvturk.com\/index.php\/wp-json\/wp\/v2\/posts"}],"about":[{"href":"http:\/\/www.tvturk.com\/index.php\/wp-json\/wp\/v2\/types\/post"}],"author":[{"embeddable":true,"href":"http:\/\/www.tvturk.com\/index.php\/wp-json\/wp\/v2\/users\/1"}],"replies":[{"embeddable":true,"href":"http:\/\/www.tvturk.com\/index.php\/wp-json\/wp\/v2\/comments?post=218180"}],"version-history":[{"count":0,"href":"http:\/\/www.tvturk.com\/index.php\/wp-json\/wp\/v2\/posts\/218180\/revisions"}],"wp:featuredmedia":[{"embeddable":true,"href":"http:\/\/www.tvturk.com\/index.php\/wp-json\/wp\/v2\/media\/218181"}],"wp:attachment":[{"href":"http:\/\/www.tvturk.com\/index.php\/wp-json\/wp\/v2\/media?parent=218180"}],"wp:term":[{"taxonomy":"category","embeddable":true,"href":"http:\/\/www.tvturk.com\/index.php\/wp-json\/wp\/v2\/categories?post=218180"},{"taxonomy":"post_tag","embeddable":true,"href":"http:\/\/www.tvturk.com\/index.php\/wp-json\/wp\/v2\/tags?post=218180"}],"curies":[{"name":"wp","href":"https:\/\/api.w.org\/{rel}","templated":true}]}}