{"id":218268,"date":"2019-10-22T11:03:35","date_gmt":"2019-10-22T08:03:35","guid":{"rendered":"http:\/\/www.tvturk.com\/index.php\/askerden-geldi-uluslararasi-kick-boks-sampiyonasinda-iki-gumus-madalya-aldi\/"},"modified":"2019-10-22T11:03:35","modified_gmt":"2019-10-22T08:03:35","slug":"askerden-geldi-uluslararasi-kick-boks-sampiyonasinda-iki-gumus-madalya-aldi","status":"publish","type":"post","link":"http:\/\/www.tvturk.com\/index.php\/askerden-geldi-uluslararasi-kick-boks-sampiyonasinda-iki-gumus-madalya-aldi\/","title":{"rendered":"Askerden geldi, Uluslararas\u0131 Kick-Boks \u015eampiyonas\u0131\u2019nda iki g\u00fcm\u00fc\u015f madalya ald\u0131"},"content":{"rendered":"<p>Uluslararas\u0131 \u0130skandinav Kick-Boks \u015eampiyonas\u0131\u2019nda iki g\u00fcm\u00fc\u015f madalya elde eden milli boks\u00f6r Eray Sat\u0131o\u011flu, \u201cHedefim d\u00fcnya \u015fampiyonu olmak\u201d dedi.<\/p>\n<p>Norve\u00e7\u2019in Oslo \u015fehrinde d\u00fczenlenen Uluslararas\u0131 \u0130skandinav Kick-Boks \u015eampiyonas\u0131\u2019nda, Light ve Kick Light bran\u015flar\u0131nda iki g\u00fcm\u00fc\u015f madalya kazanan milli boks\u00f6r Eray Sat\u0131o\u011flu, \u0130HA muhabirinin sorular\u0131n\u0131 cevaplad\u0131. Askerden gelir gelmez aya\u011f\u0131n\u0131n tozu ile turnuvaya kat\u0131lan Sat\u0131o\u011flu, \u201c2 haftal\u0131k idmanla Norve\u00e7\u2019e gittim. K\u0131s\u0131tl\u0131 s\u00fcre\u00e7te g\u00fcnde 2 ya da 3 antrenman yapt\u0131m\u201d ifadelerini kulland\u0131.<\/p>\n<p>\u201cBiraz daha \u00e7al\u0131\u015fma imkan\u0131m olsayd\u0131 \u015fampiyonluk elde edebilirdim\u201d<\/p>\n<p>Vatani g\u00f6revini yerine getirdikten sonra Ankara\u2019ya gelip 2 haftal\u0131k \u00e7al\u0131\u015fma ile turnuvaya kat\u0131lan Eray Sat\u0131o\u011flu, \u201cNorve\u00e7\u2019te d\u00fczenlenen Avrupa \u015eampiyonas\u0131\u2019nda Light ve Kick Light bran\u015flar\u0131nda 2.\u2019lik elde ettim. Milli tak\u0131m ad\u0131na d\u00f6v\u00fc\u015ft\u00fck ve g\u00fczel dereceler ald\u0131k. Askerden geldi\u011fim i\u00e7in \u00e7al\u0131\u015fmam k\u0131s\u0131tl\u0131yd\u0131. 2 haftal\u0131k idmanla Norve\u00e7\u2019e gittim. K\u0131s\u0131tl\u0131 s\u00fcre\u00e7te g\u00fcnde 2 ya da 3 antrenman yapt\u0131m. Sabahlar\u0131 ko\u015fum oluyordu. \u00d6\u011flenden sonra g\u00fc\u00e7 antrenmanlar\u0131 ve ak\u015famlar\u0131 teknik idmanlar\u0131m oluyordu. 2 haftal\u0131k s\u00fcre\u00e7 bu \u015fekilde yo\u011fun ve yorucuydu. Biraz daha \u00e7al\u0131\u015fma imkan\u0131m olsayd\u0131 \u015fampiyonluk elde edebilirdim\u201d a\u00e7\u0131klamas\u0131nda bulundu.<\/p>\n<p>\u201cHedefim d\u00fcnya \u015fampiyonu olmak\u201d<\/p>\n<p>Hedeflerinden de bahseden Sat\u0131o\u011flu, \u015funlar\u0131 s\u00f6yledi:<\/p>\n<p>\u201cBundan sonraki s\u00fcre\u00e7te \u00f6n\u00fcmdeki ma\u00e7lara daha iyi haz\u0131rlan\u0131p \u00fclkemizi daha iyi \u015fekilde temsil edece\u011fiz. Bu da benim i\u00e7in g\u00fczel bir dereceydi. Milli tak\u0131ma girdim. Bayra\u011f\u0131m\u0131z\u0131 dalgaland\u0131rmak ad\u0131na orada m\u00fccadele verdim. Bundan sonraki hedefim d\u00fcnya \u015fampiyonu olmak. T\u00fcrk bayra\u011f\u0131n\u0131 daha iyi yerlere ta\u015f\u0131mak istiyorum. Kendimi daha iyi yerlerde g\u00f6rmek istiyorum.\u201d<\/p>\n<p>\u201c3 senedir Ke\u00e7i\u00f6reng\u00fcc\u00fc ad\u0131na d\u00f6v\u00fc\u015f\u00fcyorum\u201d<\/p>\n<p>Kick Boks\u2019a bir yak\u0131n\u0131n\u0131n vesilesi ile ba\u015flad\u0131\u011f\u0131n\u0131 dile getiren Eray Sat\u0131o\u011flu, \u201c8.5 y\u0131ld\u0131r bu sporun i\u00e7erisindeyim. Daha \u00f6nce farkl\u0131 kul\u00fcplerde \u00e7al\u0131\u015fm\u0131\u015fl\u0131\u011f\u0131m oldu. Ke\u00e7i\u00f6reng\u00fcc\u00fc Amat\u00f6r Spor Kul\u00fcb\u00fc a\u00e7\u0131ld\u0131\u011f\u0131nda buraya transferim ger\u00e7ekle\u015fti. Hocam Erkan \u00c7oruhlu bana \u00e7ok yard\u0131mc\u0131 oldu. 3 senedir Ke\u00e7i\u00f6reng\u00fcc\u00fc ad\u0131na d\u00f6v\u00fc\u015f\u00fcyorum. Antrenmanlar\u0131m\u0131 bu kul\u00fcpte yap\u0131yorum\u201d diye konu\u015ftu.<\/p>\n<p>\u201cBu kul\u00fcpten \u015fampiyonlar, sporcular ve milli sporcular \u00e7\u0131kt\u0131\u201d<\/p>\n<p>Kul\u00fcb\u00fc Ke\u00e7i\u00f6reng\u00fcc\u00fc\u2019n\u00fcn amat\u00f6r bran\u015flar olarak 3-4 y\u0131l \u00f6nce faaliyete girdi\u011fini vurgulayan Boks\u00f6r Sat\u0131o\u011flu, \u201cBu s\u00fcre\u00e7te bu kul\u00fcpten \u015fampiyonlar, sporcular ve milli sporcular \u00e7\u0131kt\u0131. Ba\u015fkan\u0131m\u0131z Sedat Tahiro\u011flu bize \u00e7ok destek oldu. Kul\u00fcb\u00fcm\u00fcz tekvando, boks, kick boks, g\u00fcre\u015f gibi bir\u00e7ok bran\u015fta faaliyet g\u00f6steriyor. Bu kul\u00fcb\u00fcn sporcular\u0131 olarak daha iyi yerlerde olaca\u011f\u0131z. Gen\u00e7lere de tavsiyem gelip spor yapmaya ba\u015flas\u0131nlar. Bran\u015f fark etmez. Herhangi bir spor dal\u0131 ile u\u011fra\u015fs\u0131nlar mutlaka\u201d \u015feklinde konu\u015ftu.<\/p>\n","protected":false},"excerpt":{"rendered":"<p>ULUSLARARASI \u0130SKAND\u0130NAV K\u0130CK-BOKS \u015eAMP\u0130YONASI\u2019NDA \u0130K\u0130 G\u00dcM\u00dc\u015e MADALYA ELDE EDEN M\u0130LL\u0130 BOKS\u00d6R ERAY SATIO\u011eLU, \u201cHEDEF\u0130M D\u00dcNYA \u015eAMP\u0130YONU OLMAK\u201d DED\u0130.<\/p>\n","protected":false},"author":1,"featured_media":218269,"comment_status":"closed","ping_status":"open","sticky":false,"template":"","format":"standard","meta":{"jetpack_post_was_ever_published":false,"_jetpack_newsletter_access":"","_jetpack_dont_email_post_to_subs":false,"_jetpack_newsletter_tier_id":0,"_jetpack_memberships_contains_paywalled_content":false,"_jetpack_memberships_contains_paid_content":false,"footnotes":"","jetpack_publicize_message":"","jetpack_publicize_feature_enabled":true,"jetpack_social_post_already_shared":true,"jetpack_social_options":{"image_generator_settings":{"template":"highway","default_image_id":0,"font":"","enabled":false},"version":2}},"categories":[657],"tags":[4839,1075,8668,127,2680,1220,40549,3800,13384],"class_list":["post-218268","post","type-post","status-publish","format-standard","has-post-thumbnail","hentry","category-spor","tag-uluslararasi","tag-aldi","tag-askerden","tag-geldi","tag-gumus","tag-iki","tag-kick-boks","tag-madalya","tag-sampiyonasinda"],"jetpack_publicize_connections":[],"jetpack_featured_media_url":"https:\/\/i0.wp.com\/www.tvturk.com\/wp-content\/uploads\/2019\/10\/askerden-geldi-uluslararasi-kick-boks-sampiyonasinda-iki-gumus-madalya-aldi_d76e1ce.jpg?fit=1000%2C668","jetpack_sharing_enabled":true,"jetpack_shortlink":"https:\/\/wp.me\/paKIfm-UMs","_links":{"self":[{"href":"http:\/\/www.tvturk.com\/index.php\/wp-json\/wp\/v2\/posts\/218268","targetHints":{"allow":["GET"]}}],"collection":[{"href":"http:\/\/www.tvturk.com\/index.php\/wp-json\/wp\/v2\/posts"}],"about":[{"href":"http:\/\/www.tvturk.com\/index.php\/wp-json\/wp\/v2\/types\/post"}],"author":[{"embeddable":true,"href":"http:\/\/www.tvturk.com\/index.php\/wp-json\/wp\/v2\/users\/1"}],"replies":[{"embeddable":true,"href":"http:\/\/www.tvturk.com\/index.php\/wp-json\/wp\/v2\/comments?post=218268"}],"version-history":[{"count":0,"href":"http:\/\/www.tvturk.com\/index.php\/wp-json\/wp\/v2\/posts\/218268\/revisions"}],"wp:featuredmedia":[{"embeddable":true,"href":"http:\/\/www.tvturk.com\/index.php\/wp-json\/wp\/v2\/media\/218269"}],"wp:attachment":[{"href":"http:\/\/www.tvturk.com\/index.php\/wp-json\/wp\/v2\/media?parent=218268"}],"wp:term":[{"taxonomy":"category","embeddable":true,"href":"http:\/\/www.tvturk.com\/index.php\/wp-json\/wp\/v2\/categories?post=218268"},{"taxonomy":"post_tag","embeddable":true,"href":"http:\/\/www.tvturk.com\/index.php\/wp-json\/wp\/v2\/tags?post=218268"}],"curies":[{"name":"wp","href":"https:\/\/api.w.org\/{rel}","templated":true}]}}