{"id":218274,"date":"2019-10-22T11:04:16","date_gmt":"2019-10-22T08:04:16","guid":{"rendered":"http:\/\/www.tvturk.com\/index.php\/amator-denizci-belgesi-almak-icin-salona-akin-ettiler\/"},"modified":"2019-10-22T11:04:16","modified_gmt":"2019-10-22T08:04:16","slug":"amator-denizci-belgesi-almak-icin-salona-akin-ettiler","status":"publish","type":"post","link":"http:\/\/www.tvturk.com\/index.php\/amator-denizci-belgesi-almak-icin-salona-akin-ettiler\/","title":{"rendered":"Amat\u00f6r denizci belgesi almak i\u00e7in salona ak\u0131n ettiler"},"content":{"rendered":"<p>Tekirda\u011f\u2019\u0131n \u00c7erkezk\u00f6y il\u00e7esinde \u00c7erkezk\u00f6y Ticaret ve Sanayi Odas\u0131\u2019nda yap\u0131lan amat\u00f6r denizcilik ve k\u0131sa mesafe telsiz kullan\u0131m\u0131 s\u0131navlar\u0131na vatanda\u015f yo\u011fun ilgi g\u00f6sterdi. 200 ki\u015filik kontenjan\u0131n ayr\u0131ld\u0131\u011f\u0131 amat\u00f6r denizcilik s\u0131nav\u0131na 216 ki\u015fi kat\u0131ld\u0131.<\/p>\n<p>\u00c7erkezk\u00f6y Ticaret ve Sanayi Odas\u0131 Konferans Salonu\u2019nda Ula\u015ft\u0131rma ve Altyap\u0131 Bakanl\u0131\u011f\u0131 ve Tekirda\u011f Liman Ba\u015fkanl\u0131\u011f\u0131 taraf\u0131ndan Amat\u00f6r Denizcilik ve K\u0131sa Mesafe Telsiz e\u011fitimi verildi. E\u011fitim sonunda yap\u0131lan s\u0131navla ba\u015far\u0131l\u0131 olan adaylar sertifika almaya hak kazand\u0131.<\/p>\n<p>Ula\u015ft\u0131rma ve Altyap\u0131 Bakanl\u0131\u011f\u0131 ve Tekirda\u011f Liman Ba\u015fkanl\u0131\u011f\u0131 taraf\u0131ndan \u00c7erkezk\u00f6y Ticaret ve Sanayi Odas\u0131\u2019nda Amat\u00f6r Denizcilik ve K\u0131sa Mesafe Telsiz Kullan\u0131m\u0131 e\u011fitimi verildi. E\u011fitmen Fatih K\u0131ncal taraf\u0131ndan bir saat verilen e\u011fitimin ard\u0131ndan s\u0131nav yap\u0131l\u0131rken, s\u0131navda ba\u015far\u0131l\u0131 olanlar\u0131 sertifika almaya hak kazanaca\u011f\u0131 e\u011fitimlere yo\u011fun ilgi g\u00f6sterildi. 200 ki\u015filik kontenjanla s\u0131n\u0131rlanan amat\u00f6r denizcilik s\u0131nav\u0131na toplamda 216 ki\u015fi kat\u0131l\u0131m g\u00f6sterdi. E\u011fitim salonunda bo\u015f yer kalmazken, bir\u00e7ok amat\u00f6r denizci aday\u0131 e\u011fitimi ayakta takip etti.<\/p>\n","protected":false},"excerpt":{"rendered":"<p>AMAT\u00d6R DEN\u0130ZC\u0130 BELGES\u0130 ALMAK \u0130\u00c7\u0130N SALONA AKIN ETT\u0130LER<\/p>\n","protected":false},"author":1,"featured_media":218275,"comment_status":"closed","ping_status":"open","sticky":false,"template":"","format":"standard","meta":{"jetpack_post_was_ever_published":false,"_jetpack_newsletter_access":"","_jetpack_dont_email_post_to_subs":false,"_jetpack_newsletter_tier_id":0,"_jetpack_memberships_contains_paywalled_content":false,"_jetpack_memberships_contains_paid_content":false,"footnotes":"","jetpack_publicize_message":"","jetpack_publicize_feature_enabled":true,"jetpack_social_post_already_shared":true,"jetpack_social_options":{"image_generator_settings":{"template":"highway","default_image_id":0,"font":"","enabled":false},"version":2}},"categories":[1],"tags":[328,7122,8220,5235,14592,2739,44,28042],"class_list":["post-218274","post","type-post","status-publish","format-standard","has-post-thumbnail","hentry","category-genel","tag-akin","tag-almak","tag-amator","tag-belgesi","tag-denizci","tag-ettiler","tag-icin","tag-salona"],"jetpack_publicize_connections":[],"jetpack_featured_media_url":"https:\/\/i0.wp.com\/www.tvturk.com\/wp-content\/uploads\/2019\/10\/amator-denizci-belgesi-almak-icin-salona-akin-ettiler_9ffa546.jpg?fit=1000%2C666","jetpack_sharing_enabled":true,"jetpack_shortlink":"https:\/\/wp.me\/paKIfm-UMy","_links":{"self":[{"href":"http:\/\/www.tvturk.com\/index.php\/wp-json\/wp\/v2\/posts\/218274","targetHints":{"allow":["GET"]}}],"collection":[{"href":"http:\/\/www.tvturk.com\/index.php\/wp-json\/wp\/v2\/posts"}],"about":[{"href":"http:\/\/www.tvturk.com\/index.php\/wp-json\/wp\/v2\/types\/post"}],"author":[{"embeddable":true,"href":"http:\/\/www.tvturk.com\/index.php\/wp-json\/wp\/v2\/users\/1"}],"replies":[{"embeddable":true,"href":"http:\/\/www.tvturk.com\/index.php\/wp-json\/wp\/v2\/comments?post=218274"}],"version-history":[{"count":0,"href":"http:\/\/www.tvturk.com\/index.php\/wp-json\/wp\/v2\/posts\/218274\/revisions"}],"wp:featuredmedia":[{"embeddable":true,"href":"http:\/\/www.tvturk.com\/index.php\/wp-json\/wp\/v2\/media\/218275"}],"wp:attachment":[{"href":"http:\/\/www.tvturk.com\/index.php\/wp-json\/wp\/v2\/media?parent=218274"}],"wp:term":[{"taxonomy":"category","embeddable":true,"href":"http:\/\/www.tvturk.com\/index.php\/wp-json\/wp\/v2\/categories?post=218274"},{"taxonomy":"post_tag","embeddable":true,"href":"http:\/\/www.tvturk.com\/index.php\/wp-json\/wp\/v2\/tags?post=218274"}],"curies":[{"name":"wp","href":"https:\/\/api.w.org\/{rel}","templated":true}]}}