{"id":218304,"date":"2019-10-22T11:46:50","date_gmt":"2019-10-22T08:46:50","guid":{"rendered":"http:\/\/www.tvturk.com\/index.php\/sanayi-ve-teknoloji-bakani-mustafa-varank-biz-bu-topraklarda-turkuyle-kurduyle-zazasi-cerkeziyle-asirlardir-kardesce-yasiyoruz\/"},"modified":"2019-10-22T11:46:50","modified_gmt":"2019-10-22T08:46:50","slug":"sanayi-ve-teknoloji-bakani-mustafa-varank-biz-bu-topraklarda-turkuyle-kurduyle-zazasi-cerkeziyle-asirlardir-kardesce-yasiyoruz","status":"publish","type":"post","link":"http:\/\/www.tvturk.com\/index.php\/sanayi-ve-teknoloji-bakani-mustafa-varank-biz-bu-topraklarda-turkuyle-kurduyle-zazasi-cerkeziyle-asirlardir-kardesce-yasiyoruz\/","title":{"rendered":"Sanayi ve Teknoloji Bakan\u0131 Mustafa Varank: &#8220;Biz bu topraklarda T\u00fcrk\u00fcyle, K\u00fcrd\u00fcyle, Zazas\u0131, \u00c7erkeziyle as\u0131rlard\u0131r karde\u015fce ya\u015f\u0131yoruz&#8221;"},"content":{"rendered":"<p>Sanayi ve Teknoloji Bakan\u0131 Mustafa Varank, Bar\u0131\u015f P\u0131nar\u0131 Harekat\u0131\u2019yla T\u00fcrkiye\u2019nin r\u0131zas\u0131 d\u0131\u015f\u0131nda b\u00f6lgede ad\u0131m at\u0131lamayaca\u011f\u0131n\u0131n t\u00fcm d\u00fcnyaya g\u00f6sterildi\u011fini belirterek, &#8220;Tarih boyunca, bizi birbirimizden ay\u0131rmaya, aram\u0131za nifak sokmaya \u00e7al\u0131\u015fanlar hep h\u00fcsrana u\u011frad\u0131lar, bundan sonra da u\u011frayacaklar. Bat\u0131l\u0131 devletler ve \u0130srail\u2019in ter\u00f6r \u00f6rg\u00fct\u00fc PKK\u2019ya destek verdi\u011fi \u00e7ok a\u00e7\u0131k ve net g\u00f6zler \u00f6n\u00fcne serildi. \u0130\u015fte bu y\u00fczden, T\u00fcrkiye\u2019nin b\u00f6lgedeki operasyonlar\u0131n\u0131 K\u00fcrtlere kar\u015f\u0131 bir operasyonmu\u015f gibi g\u00f6stererek, ter\u00f6r \u00f6rg\u00fct\u00fcne verdikleri deste\u011fi gizlemek istiyorlar.-Biz bu topraklarda T\u00fcrk\u00fcyle, K\u00fcrd\u00fcyle, Zazas\u0131yla, Laz\u0131yla, \u00c7erkeziyle, G\u00fcrc\u00fcs\u00fcyle, Abhazas\u0131yla, Arab\u0131yla, Bo\u015fna\u011f\u0131yla as\u0131rlard\u0131r bir ve beraber, karde\u015f\u00e7e ya\u015f\u0131yoruz&#8221; dedi.<\/p>\n<p>Uluda\u011f Tekstil \u0130hracat\u00e7\u0131lar\u0131 Birli\u011fi (UT\u0130B) ile Uluda\u011f Haz\u0131r Giyim ve Konfeksiyon \u0130hracat\u00e7\u0131lar\u0131 Birli\u011fi (UHK\u0130B) i\u015f birli\u011fiyle Merinos AKKM\u2019de d\u00fczenlenen &#8220;Techxtile Start-Up Challange ve Bursa Textile Show&#8221; t\u00f6renle a\u00e7\u0131ld\u0131.<\/p>\n<p>Programda konu\u015fan Sanayi ve Teknoloji Bakan\u0131 Mustafa Varank, \u201cYenilik\u00e7i fikirlerin yat\u0131r\u0131mc\u0131yla bulu\u015fmas\u0131, firmalar aras\u0131 verimli etkile\u015fim ve uluslararas\u0131 ortakl\u0131klara kap\u0131 aralamas\u0131 a\u00e7\u0131s\u0131ndan pek \u00e7ok f\u0131rsatlar sunuyor. Tekstil sekt\u00f6r\u00fc istihdamda ve ihracatta gururumuz. Sekt\u00f6r\u00fc daha da ileri ta\u015f\u0131mak ad\u0131na bakanl\u0131\u011f\u0131m\u0131z \u00e7ok \u00e7e\u015fitli destekler sunuyor. Sekt\u00f6rde katma de\u011ferin artmas\u0131n\u0131 olduk\u00e7a \u00f6nemsiyoruz. Asl\u0131nda bug\u00fcnk\u00fc gibi organizasyonlar da bu amaca hizmet ediyor. Techxtile Start-up Challenge; Ar-Ge ve inovasyon \u00e7al\u0131\u015fmalar\u0131na katk\u0131da bulunmay\u0131, k\u00fcresel rekabetimizi art\u0131rmay\u0131 ve ekosistemi g\u00fc\u00e7lendirmeyi hedefliyor. Kalk\u0131nma Ajans\u0131m\u0131z ve T\u00dcB\u0130TAK, ba\u015f\u0131ndan beri s\u00fcrecin i\u00e7inde katk\u0131 veriyor. Bu kapsamda t\u00fcm ba\u015fvuru sahiplerine genel giri\u015fimcilik e\u011fitimi verdik. Ayr\u0131ca, ment\u00f6rl\u00fck ve dan\u0131\u015fmanl\u0131k hizmetleri de sunarak, giri\u015fimcilerin kendilerini en iyi \u015fekilde ifade etmelerini sa\u011flad\u0131k. Teknolojik derinli\u011fi ve ihracat hedefi olan buradaki projelerin ba\u015far\u0131lar\u0131n\u0131 \u00f6n\u00fcm\u00fczdeki d\u00f6nemde s\u0131kl\u0131kla duyaca\u011f\u0131z. \u0130novasyonu \u00fcretimlerinin her a\u015famas\u0131nda etkin kullanmay\u0131 ba\u015faran firmalar, \u00f6d\u00fcllerini alacak. Bu firmalar\u0131 rakiplerinden ay\u0131ran temel \u00f6zellikler; m\u00fchendis say\u0131lar\u0131, yaz\u0131l\u0131m altyap\u0131lar\u0131, kulland\u0131klar\u0131 i\u015f modelleri ve yeni fikirleri hayata ge\u00e7irip ticarile\u015ftirmeye olan yatk\u0131nl\u0131klar\u0131d\u0131r. Tabi bir de bakanl\u0131\u011f\u0131n sundu\u011fu desteklerden etkin bir \u015fekilde faydalanmalar\u0131. Biz istiyoruz ki, daha \u00e7ok firmam\u0131z inovasyonun sundu\u011fu ekonomik getirilerden faydalans\u0131n. \u0130\u015fte bu y\u00fczde 2023 sanayi ve teknoloji stratejimizde hem giri\u015fimcili\u011fe hem de Ar-Ge ekosisteminin g\u00fc\u00e7lendirilmesine \u00f6zel bir \u00f6nem verdik\u201d dedi.<\/p>\n<p>Bakandan kredi m\u00fcjdesi<\/p>\n<p>Giri\u015fimcili\u011fi g\u00fc\u00e7lendirmek ad\u0131na T\u00fcrkiye Giri\u015fim Ekosistemi Platformu ve \u0130nternet Sitesini kurduklar\u0131n\u0131 ifade eden Bakan Mustafa Varank, \u201cBu platformda yat\u0131r\u0131mc\u0131lar\u0131n tan\u0131t\u0131lmas\u0131n\u0131n yan\u0131 s\u0131ra, giri\u015fimcilerin kullanabilece\u011fi kaynaklar hakk\u0131nda bilgilendirme yapaca\u011f\u0131z. Erken d\u00f6nem giri\u015fimciler i\u00e7in vergisiz veya kolay vergili d\u00f6nem gibi mekanizmalar\u0131 geli\u015ftirmek istiyoruz. Yurt d\u0131\u015f\u0131ndan gelen giri\u015fimciler i\u00e7in ho\u015f geldin paketi ve giri\u015fimci vizesi gibi uygulamalar\u0131 ilgili bakanl\u0131klar\u0131m\u0131zla \u00e7al\u0131\u015faca\u011f\u0131z. Ekosistemin geneli i\u00e7in finansman kaynaklar\u0131 da \u00f6zel bir \u00f6nem ta\u015f\u0131yor. Bu maksatla melek yat\u0131r\u0131mc\u0131lar\u0131n say\u0131s\u0131n\u0131 ve etkinli\u011fini art\u0131racak, kitlesel fonlaman\u0131n kullan\u0131m\u0131n\u0131 yayg\u0131nla\u015ft\u0131raca\u011f\u0131z. Yine, giri\u015fim sermayesi fonlar\u0131n\u0131n hacmi ve kullan\u0131m\u0131n\u0131 art\u0131racak tedbirler alaca\u011f\u0131z. KOSGEB\u2019in giri\u015fimcilik destek program\u0131ndan yararlanan ya da yararlanmay\u0131 planlayan giri\u015fimcilerimize, 50 bin liraya kadar yeni bir kredi program\u0131 ba\u015flat\u0131yoruz. \u0130lk defa uygulanacak bu mekanizmayla, 50 bin liraya kadar al\u0131nan kredinin 10 puanl\u0131k finansman maliyetini KOSGEB kar\u015f\u0131layacak. Giri\u015fimcinin gen\u00e7, kad\u0131n, engelli, gazi veya \u015fehit yak\u0131n\u0131 olmas\u0131 durumunda 50 bin liral\u0131k limit 70 bin liraya \u00e7\u0131kacak. Kredinin teminat\u0131n\u0131 ise Kredi Garanti Fonu verecek. Giri\u015fimcilerimiz sadece anapara ve \u00e7ok c\u00fcz-i miktarda bir faiz \u00f6demesi yapacak. Biz bu programla, giri\u015fimciler i\u00e7in \u00f6nemli olan i\u015fletme sermayesine ek bir katk\u0131 sa\u011flamay\u0131 hedefledik\u201d diye konu\u015ftu.<\/p>\n<p>Ar-Ge ekosistemini iyile\u015ftirmek ad\u0131na 17 senede \u00f6nemli ad\u0131mlar att\u0131klar\u0131n\u0131 belirten Bakan Varank, \u201c200\u2019\u00fc a\u015fk\u0131n \u00fcniversite, bin 500\u2019\u00fcn \u00fczerinde Ar-Ge ve Tasar\u0131m Merkezi, 84 Teknoloji Geli\u015ftirme B\u00f6lgesi ve 112 bin ara\u015ft\u0131rmac\u0131 bu ekosistemin temel akt\u00f6rleri.<\/p>\n<p>Niceli\u011fin yan\u0131 s\u0131ra, niteli\u011fi de daha \u00fcst basamaklara \u00e7\u0131karmak istiyoruz. Bunun i\u00e7in de; \u00e7ocuklardan gen\u00e7lere var\u0131ncaya dek, gelece\u011fimizin teminat\u0131 olacak yeteneklere yat\u0131r\u0131m yap\u0131yoruz. Kuraca\u011f\u0131m\u0131z 100 Deneyap teknoloji at\u00f6lyesinde 5 y\u0131lda yakla\u015f\u0131k 50 bin \u00f6zel yetenekli \u00f6\u011frencimiz teknoloji e\u011fitimleri alacak. Bu sene ilk kez Uluslararas\u0131 Lider Ara\u015ft\u0131rmac\u0131lar Program\u0131n\u0131 uygulamaya ba\u015flad\u0131k ve beklentimizin \u00e7ok \u00f6tesinde bir taleple kar\u015f\u0131la\u015ft\u0131k. Yine bu d\u00f6nem ba\u015flatt\u0131\u011f\u0131m\u0131z Sanayi Doktora program\u0131nda ge\u00e7ti\u011fimiz hafta yeni \u00e7a\u011fr\u0131ya \u00e7\u0131kt\u0131k. Gayemiz \u00fcniversite-sanayi i\u015f birli\u011fini daha g\u00fc\u00e7l\u00fc ve verimli bir hale getirmek. Programa kabul edilen doktora \u00f6\u011frencilerine ayl\u0131k 4 bin 500 lira burs veriyoruz.  Tekstil m\u00fchendislerimizi de bu programa ba\u015fvurmaya davet ediyorum. Sekt\u00f6rde olu\u015fturaca\u011f\u0131m\u0131z yeni markalar, yeni i\u015f modelleri ya da teknoloji yo\u011fun \u00fcr\u00fcnler \u00fclkemize rekabet avantaj\u0131 sa\u011flay\u0131p, s\u0131\u00e7rama yapt\u0131rabilir. T\u00fcrkiye ekonomisi emin ad\u0131mlarla yoluna devam ediyor\u201d \u015feklinde konu\u015ftu.<\/p>\n<p>D\u00fcnya Bankas\u0131, Uluslararas\u0131 Para Fonu ve OECD gibi uluslararas\u0131 kurulu\u015flar art arda \u00fclkemize y\u00f6nelik b\u00fcy\u00fcme tahminlerini yukar\u0131 y\u00f6nl\u00fc revize ettiklerini belirten Bakan Varank, \u201cBar\u0131\u015f P\u0131nar\u0131 Harek\u00e2t\u0131 boyunca halk\u0131m\u0131z, \u00e7a\u011fr\u0131lar\u0131m\u0131za da kulak vererek, T\u00fcrk Lira\u2019s\u0131n\u0131n arkas\u0131nda durdu. \u00c7ok \u015f\u00fck\u00fcr kurda ciddi dalgalanmalar ya\u015famad\u0131k. Asl\u0131nda bu bile ekonomiye duyulan g\u00fcvenin g\u00fczel bir g\u00f6stergesi. Ekonomimizi daha da g\u00fc\u00e7lendirecek ad\u0131mlar\u0131 atmaya devam edece\u011fiz. Bununla birlikte, b\u00f6lgemizdeki meydan okumalarla m\u00fccadelemizi de kararl\u0131l\u0131kla s\u00fcrd\u00fcrece\u011fiz. Bar\u0131\u015f P\u0131nar\u0131 Harek\u00e2t\u0131, y\u0131llard\u0131r bu b\u00f6lgede olmad\u0131k hayallere kap\u0131lanlar\u0131n t\u00fcm planlar\u0131n\u0131 bozdu. T\u00fcrkiye, herkese ve her \u015feye ra\u011fmen s\u0131n\u0131r\u0131m\u0131zda olu\u015fturulmak istenen ter\u00f6r koridorunu yerle bir ediyor. Daha \u00f6nce F\u0131rat Kalkan\u0131 ve Zeytin Dal\u0131\u2019nda oldu\u011fu gibi Bar\u0131\u015f P\u0131nar\u0131 Harek\u00e2t\u0131yla da, bu b\u00f6lgede T\u00fcrkiye\u2019nin r\u0131zas\u0131 d\u0131\u015f\u0131nda ad\u0131m at\u0131lamayaca\u011f\u0131n\u0131 t\u00fcm d\u00fcnyaya g\u00f6sterdik. Bat\u0131l\u0131 devletler ve \u0130srail\u2019in ter\u00f6r \u00f6rg\u00fct\u00fc PKK\u2019ya destek verdi\u011fi \u00e7ok a\u00e7\u0131k ve net g\u00f6zler \u00f6n\u00fcne serildi. \u0130\u015fte bu y\u00fczden, T\u00fcrkiye\u2019nin b\u00f6lgedeki operasyonlar\u0131n\u0131 K\u00fcrtlere kar\u015f\u0131 bir operasyonmu\u015f gibi g\u00f6stererek, ter\u00f6r \u00f6rg\u00fct\u00fcne verdikleri deste\u011fi gizlemek istiyorlar. Biz bu topraklarda T\u00fcrk\u00fcyle, K\u00fcrd\u00fcyle, Zazas\u0131yla, Laz\u0131yla, \u00c7erkeziyle, G\u00fcrc\u00fcs\u00fcyle, Abhazas\u0131yla, Arab\u0131yla, Bo\u015fna\u011f\u0131yla as\u0131rlard\u0131r bir ve beraber, karde\u015f\u00e7e ya\u015f\u0131yoruz. T\u00fcrkiye Cumhuriyeti\u2019nde birinci s\u0131n\u0131f vatanda\u015f, ikinci s\u0131n\u0131f vatanda\u015f diye bir ayr\u0131m olmad\u0131, olamaz. Tarih boyunca, bizi birbirimizden ay\u0131rmaya, aram\u0131za nifak sokmaya \u00e7al\u0131\u015fanlar hep h\u00fcsrana u\u011frad\u0131lar, bundan sonra da u\u011frayacaklar. \u0130\u015fte \u015fu son birka\u00e7 haftada yeniden \u015fahit oldu\u011fumuz, masum bebekleri \u00f6ld\u00fcren eli kanl\u0131 \u00f6rg\u00fctle, bizim K\u00fcrt karde\u015flerimizi bir g\u00f6stermeye \u00e7al\u0131\u015fanlara asla m\u00fcsaade etmeyece\u011fiz. Ne bu barbar ter\u00f6r \u00f6rg\u00fct\u00fc PKK ne de siyasi uzant\u0131lar\u0131 K\u00fcrt karde\u015flerimizin asla temsilcisi de\u011fildir, hi\u00e7bir zaman da olmad\u0131.  K\u00fcrt karde\u015flerimizi g\u00f6rmek isteyenler, Malazgirt\u2019te Sultan Alparslan\u2019\u0131n ordusuna Kud\u00fcs\u2019te Selahaddin-i Eyy\u00fcbi\u2019ye \u00c7ald\u0131ran\u2019da Yavuz Sultan Selim\u2019in ordusuna baks\u0131n. Y\u0131llard\u0131r gen\u00e7leri da\u011fa ka\u00e7\u0131r\u0131p \u00f6l\u00fcme g\u00f6t\u00fcren, Suriye\u2019den att\u0131klar\u0131 havanlarla Nusaybin\u2019de, Suru\u00e7\u2019ta K\u00fcrt vatanda\u015flar\u0131m\u0131z\u0131 \u015fehit eden ter\u00f6r \u00f6rg\u00fct\u00fcyle K\u00fcrt karde\u015flerimizi ayn\u0131 kefede g\u00f6stermeye kimsenin hakk\u0131 yok. Nas\u0131l ki, kurduklar\u0131 ter\u00f6r d\u00fczenini kararl\u0131 duru\u015fumuzla y\u0131k\u0131yorsak, elbette ki bu s\u00f6ylem cambazl\u0131\u011f\u0131n\u0131 da y\u0131kaca\u011f\u0131z. Bunlara kar\u015f\u0131 en g\u00fczel cevab\u0131, ben inan\u0131yorum ki, birli\u011fimizi beraberli\u011fimizi daha \u00e7ok peki\u015ftirerek verece\u011fiz. 3 K\u0131taya adalet g\u00f6t\u00fcren Osmanl\u0131\u2019n\u0131n ilk ba\u015fkenti Bursa\u2019n\u0131n manevi \u00f6nderleri olan, Emir Sultan ve \u00dcftade Hazretleri\u2019nin torunlar\u0131na da ancak bu yak\u0131\u015f\u0131r\u201d dedi.<\/p>\n<p>Uluda\u011f Tekstil \u0130hracat\u00e7\u0131lar\u0131 Birli\u011fi (UT\u0130B) Ba\u015fkan\u0131 P\u0131nar Ta\u015fdelen Engin, \u201cDi\u011fer bir\u00e7ok sekt\u00f6re \u00f6rnek olacak olan uluslararas\u0131 Ar-Ge proje pazar\u0131 zirvesinin 11\u2019inci y\u0131l\u0131nday\u0131z. Yeniliklerin, d\u00f6n\u00fc\u015f\u00fcmlerin ve y\u0131k\u0131c\u0131 inavasyonunun hayat\u0131m\u0131z\u0131n bir par\u00e7as\u0131 oldu\u011fu g\u00fcn\u00fcm\u00fczde, ula\u015ft\u0131\u011f\u0131m\u0131z tecr\u00fcbeyi, de\u011fi\u015fen rekabet \u015fartlar\u0131 ile birle\u015ftirerek etkinli\u011fimize Techxtile Start-Up Challenge olarak devam etmeye karar verdik. Bu etkinlikle, sekt\u00f6r\u00fcm\u00fcz\u00fcn ulusal ve uluslararas\u0131 rekabetini g\u00fc\u00e7lendirecek inovatif projelerin, giri\u015fimcilik ekonomisne kazand\u0131r\u0131lmas\u0131 konusunda \u00e7ok \u00f6nemli bir ad\u0131m\u0131 bug\u00fcn birlikte at\u0131yoruz. Sanayicimiz, \u00fcniversitelerimiz, teknopark ve teknokentlerimizin yan\u0131 s\u0131ra, Bursa Ticaret ve Sanayi Odas\u0131, Uluda\u011f Haz\u0131r Giyim ve Konfeksiyon \u0130hracat\u00e7\u0131lar\u0131 Birli\u011fi ve \u015fehrimizin \u00f6nemli kurumlar\u0131 giri\u015fimcilik ekosistemi olu\u015fturmaya devam ediyor\u201d diye konu\u015ftu.<\/p>\n<p>BTSO Ba\u015fkan\u0131 \u0130brahim Burkay, \u201cPiyasalarda ya\u015fad\u0131\u011f\u0131m\u0131z zorluklar T\u00fcrkiye ekonomisini ne kadar g\u00fc\u00e7l\u00fc oldu\u011funu bize g\u00f6stermi\u015ftir. Yeni eko sistemde yeniliklere a\u00e7\u0131k bir bak\u0131\u015f a\u00e7\u0131s\u0131na sahip olmal\u0131y\u0131z. \u00dclkelerin yerine b\u00f6lgelerin ve \u015fehirlerin yar\u0131\u015ft\u0131\u011f\u0131 bir d\u00f6nemde Bursa bunu en iyi yapmaktad\u0131r. \u0130lk olman\u0131n getirdi\u011fi zorluklara ra\u011fmen bursa T\u00fcrkiye\u2019ye \u00f6rnek olmu\u015ftur. Edindi\u011fimiz tecr\u00fcbe ile ilkleri ger\u00e7ekle\u015ftirmeye devam ediyoruz. Ar-Ge say\u0131m\u0131z\u0131 23\u2019den 154\u2019e y\u00fckseltmeye ba\u015fard\u0131k. Bakanl\u0131k taraf\u0131ndan desteklerle Bursa \u00f6zg\u00fcn ve y\u00fcksek kalite \u00fcreten bir kimlik kazanm\u0131\u015ft\u0131r. \u00dclkemizin zenginlik merkezi olmay\u0131 ba\u015faran Bursa T\u00fcrkiye\u2019nin ilerlemesine katk\u0131s\u0131 olacakt\u0131r. Ekonomide yeni kald\u0131ra\u00e7lara ihtiya\u00e7lar vard\u0131r\u201d dedi.<\/p>\n<p>T\u00fcrkiye \u0130hracat\u00e7\u0131lar Meclis Ba\u015fkan\u0131 \u0130smail G\u00fclle \u0130se, \u201cT\u00fcrkiye ter\u00f6rden kurtuldu\u011funda koymu\u015f oldu\u011fu hedeflere daha kolay varacakt\u0131r. 1.37 dolar kilogram ihracat kurumuz 1.10\u2019lara geldi. Bizim ihracat de\u011ferimizi y\u00fckseltmemiz gerekiyor. Biz i\u015fimize daha \u00e7ok bilim koymal\u0131y\u0131z. \u0130nan\u0131yorum ki bug\u00fcn burada \u00e7ok g\u00fczel \u00e7al\u0131\u015fmalar olacak. \u00d6n\u00fcm\u00fcz\u00fc g\u00f6rerek uzun vadeli i\u015fler yapmal\u0131y\u0131z. Bug\u00fcn\u00fc de\u011fil, gelece\u011fi tasarlamal\u0131y\u0131z. \u0130novasyon ile ne kadar \u00f6nemli oldu\u011funu hepimiz g\u00f6r\u00fcyoruz. \u0130novasyona ba\u011fl\u0131 gencimizi de birlikte tutmaya \u00e7al\u0131\u015f\u0131yoruz. Gen\u00e7lerimize destek veriyoruz. Ba\u015flad\u0131klar\u0131ndan \u00e7ok daha farkl\u0131 yere geldi. Baz\u0131 projeler yabanc\u0131 yat\u0131r\u0131mc\u0131lar taraf\u0131ndan b\u00fcy\u00fck be\u011feni al\u0131nd\u0131\u201d diye konu\u015ftu.<\/p>\n<p>Konu\u015fmalar\u0131n ard\u0131ndan T\u00fcrkiye \u0130novasyon Liginde \u00f6d\u00fcle hak kazanan 17 firmaya plaketlerini Bakan Varank ve protokol mensuplar\u0131 takdim etti.<\/p>\n","protected":false},"excerpt":{"rendered":"<p>ULUDA\u011e TEKST\u0130L \u0130HRACAT\u00c7ILARI B\u0130RL\u0130\u011e\u0130 (UT\u0130B) \u0130LE ULUDA\u011e HAZIR G\u0130Y\u0130M VE KONFEKS\u0130YON \u0130HRACAT\u00c7ILARI B\u0130RL\u0130\u011e\u0130 (UHK\u0130B) \u0130\u015e B\u0130RL\u0130\u011e\u0130YLE MER\u0130NOS AKKM&#8217;DE D\u00dcZENLENEN &#8220;TECHXT\u0130LE START-UP CHALLANGE VE BURSA TEXT\u0130LE SHOW&#8221; T\u00d6RENLE A\u00c7ILDI.<\/p>\n","protected":false},"author":1,"featured_media":218305,"comment_status":"closed","ping_status":"open","sticky":false,"template":"","format":"standard","meta":{"jetpack_post_was_ever_published":false,"_jetpack_newsletter_access":"","_jetpack_dont_email_post_to_subs":false,"_jetpack_newsletter_tier_id":0,"_jetpack_memberships_contains_paywalled_content":false,"_jetpack_memberships_contains_paid_content":false,"footnotes":"","jetpack_publicize_message":"","jetpack_publicize_feature_enabled":true,"jetpack_social_post_already_shared":true,"jetpack_social_options":{"image_generator_settings":{"template":"highway","default_image_id":0,"font":"","enabled":false},"version":2}},"categories":[19],"tags":[35053,933,1322,55246,29962,55244,159,1167,341,9182,55243,2985,13574,55245],"class_list":["post-218304","post","type-post","status-publish","format-standard","has-post-thumbnail","hentry","category-ekonomi","tag-asirlardir","tag-bakani","tag-biz","tag-cerkeziyle","tag-kardesce","tag-kurduyle","tag-mustafa","tag-sanayi","tag-teknoloji","tag-topraklarda","tag-turkuyle","tag-varank","tag-yasiyoruz","tag-zazasi"],"jetpack_publicize_connections":[],"jetpack_featured_media_url":"https:\/\/i0.wp.com\/www.tvturk.com\/wp-content\/uploads\/2019\/10\/sanayi-ve-teknoloji-bakani-mustafa-varank-biz-bu-topraklarda-turkuyle-kurduyle-zazasi-cerkeziyle-asirlardir-kardesce-yasiyoruz_de74a8f.jpg?fit=1000%2C666","jetpack_sharing_enabled":true,"jetpack_shortlink":"https:\/\/wp.me\/paKIfm-UN2","_links":{"self":[{"href":"http:\/\/www.tvturk.com\/index.php\/wp-json\/wp\/v2\/posts\/218304","targetHints":{"allow":["GET"]}}],"collection":[{"href":"http:\/\/www.tvturk.com\/index.php\/wp-json\/wp\/v2\/posts"}],"about":[{"href":"http:\/\/www.tvturk.com\/index.php\/wp-json\/wp\/v2\/types\/post"}],"author":[{"embeddable":true,"href":"http:\/\/www.tvturk.com\/index.php\/wp-json\/wp\/v2\/users\/1"}],"replies":[{"embeddable":true,"href":"http:\/\/www.tvturk.com\/index.php\/wp-json\/wp\/v2\/comments?post=218304"}],"version-history":[{"count":0,"href":"http:\/\/www.tvturk.com\/index.php\/wp-json\/wp\/v2\/posts\/218304\/revisions"}],"wp:featuredmedia":[{"embeddable":true,"href":"http:\/\/www.tvturk.com\/index.php\/wp-json\/wp\/v2\/media\/218305"}],"wp:attachment":[{"href":"http:\/\/www.tvturk.com\/index.php\/wp-json\/wp\/v2\/media?parent=218304"}],"wp:term":[{"taxonomy":"category","embeddable":true,"href":"http:\/\/www.tvturk.com\/index.php\/wp-json\/wp\/v2\/categories?post=218304"},{"taxonomy":"post_tag","embeddable":true,"href":"http:\/\/www.tvturk.com\/index.php\/wp-json\/wp\/v2\/tags?post=218304"}],"curies":[{"name":"wp","href":"https:\/\/api.w.org\/{rel}","templated":true}]}}