{"id":218406,"date":"2019-10-22T13:32:33","date_gmt":"2019-10-22T10:32:33","guid":{"rendered":"http:\/\/www.tvturk.com\/index.php\/milli-egitim-bakanligi-ile-ticaret-bakanligi-arasinda-protokol-imzalandi\/"},"modified":"2019-10-22T13:32:33","modified_gmt":"2019-10-22T10:32:33","slug":"milli-egitim-bakanligi-ile-ticaret-bakanligi-arasinda-protokol-imzalandi","status":"publish","type":"post","link":"http:\/\/www.tvturk.com\/index.php\/milli-egitim-bakanligi-ile-ticaret-bakanligi-arasinda-protokol-imzalandi\/","title":{"rendered":"Milli E\u011fitim Bakanl\u0131\u011f\u0131 ile Ticaret Bakanl\u0131\u011f\u0131 aras\u0131nda protokol imzaland\u0131"},"content":{"rendered":"<p>Milli E\u011fitim Bakan\u0131 Ziya Sel\u00e7uk ile Ticaret Bakan\u0131 Ruhsar Pekcan, \u2018D\u0131\u015f Ticareti Geli\u015ftirmeye \u0130li\u015fkin E\u011fitim \u0130\u015f Birli\u011fi Protokol\u00fc\u2019 imza t\u00f6reni ve tan\u0131t\u0131m toplant\u0131s\u0131n\u0131 ger\u00e7ekle\u015ftirdi.<\/p>\n<p>Milli E\u011fitim Bakanl\u0131\u011f\u0131 Ba\u015f\u00f6\u011fretmen salonunda \u2018D\u0131\u015f Ticareti Geli\u015ftirmeye \u0130li\u015fkin E\u011fitim \u0130\u015f Birli\u011fi Protokol\u00fc\u2019 imza t\u00f6reni Milli E\u011fitim Bakan\u0131 Ziya Sel\u00e7uk ile Ticaret Bakan\u0131 Ruhsar Pekcan aras\u0131nda imzaland\u0131.<\/p>\n<p>Tan\u0131t\u0131m videosunun izlenmesinin ard\u0131ndan konu\u015fan Milli E\u011fitim Bakan\u0131 Ziya Sel\u00e7uk, &#8220;Milli E\u011fitim Bakanl\u0131\u011f\u0131 ile Ticaret Bakanl\u0131\u011f\u0131 aras\u0131nda, d\u0131\u015f ticareti geli\u015ftirmek konusunda ihtiya\u00e7 duyulan nitelikli i\u015f g\u00fcc\u00fcn\u00fcn yeti\u015ftirilmesi ve dolay\u0131s\u0131yla \u00fclke ihracat\u0131na katk\u0131 sa\u011flanmas\u0131 amac\u0131yla ortaya koymu\u015f oldu\u011fumuz yeni bir i\u015fbirli\u011fine tan\u0131kl\u0131k etmenin mutlulu\u011fu i\u00e7indeyiz. Mesleki ve teknik e\u011fitimde sekt\u00f6r\u00fcn i\u015f g\u00fcc\u00fc ihtiyac\u0131na cevap verebilecek niteli\u011fe sahip, geli\u015fen teknolojiye etkin \u015fekilde uyum sa\u011flayabilen, payda\u015flar\u0131n planlama ve karar alma s\u00fcre\u00e7lerine aktif \u015fekilde kat\u0131ld\u0131\u011f\u0131 bir sistemati\u011fi hayata ge\u00e7irmeyi \u00e7ok \u00f6nemsiyoruz. \u00dclkemizin 2023 vizyon \u00e7al\u0131\u015fmalar\u0131 do\u011frultusunda bu hedeflere ula\u015fabilmek i\u00e7in d\u00fcnyan\u0131n deneyimlerinden, tecr\u00fcbelerinden ve kaynaklar\u0131ndan yararlanmay\u0131 ihtiya\u00e7 ve talepleri bilerek yola \u00e7\u0131kmay\u0131 \u00e7ok \u00f6nemsiyoruz\u201d ifadelerini kulland\u0131.<\/p>\n<p>\u201c\u00dclkemizin ihracat\u0131na katk\u0131 sa\u011flayacak \u00e7al\u0131\u015fma s\u00f6z konusu\u201d<\/p>\n<p>\u0130stanbul, \u0130zmir, Gaziantep, Mersin illerinde se\u00e7ilen 4 okulda protokol faaliyetlerinin s\u00fcrece\u011fini belirten Sel\u00e7uk, &#8220;Deneyim ihtiyac\u0131n\u0131 son derece y\u00fcksek bir alan olarak dikkate ald\u0131\u011f\u0131m\u0131z d\u0131\u015f ticaret alan\u0131, en b\u00fcy\u00fck payda\u015f\u0131m\u0131z olan Ticaret Bakanl\u0131\u011f\u0131yla i\u015fbirli\u011fi yaparak yeti\u015fmi\u015f i\u015f g\u00fcc\u00fc ihtiyac\u0131n\u0131 \u00f6nemli \u00f6l\u00e7\u00fcde geli\u015ftirme konusunda bir hedefimiz var. Milli E\u011fitim Bakanl\u0131\u011f\u0131 ile T\u00fcrkiye Cumhuriyeti Ticaret Bakanl\u0131\u011f\u0131 i\u015f birli\u011finde \u00fclkemizin ihracat\u0131na katk\u0131 sa\u011flayacak d\u0131\u015f ticareti geli\u015ftirmeye y\u00f6nelik ihtiya\u00e7 duyulan nitelikli insan g\u00fcc\u00fcn\u00fc geli\u015ftirmeyi kolayla\u015ft\u0131racak bu ama\u00e7la \u0130stanbul, \u0130zmir, Gaziantep, Mersin illerinde 4 okulumuzda protokol faaliyetleri y\u00fcr\u00fct\u00fclecek bi\u00e7imde bir \u00e7al\u0131\u015fmam\u0131z s\u00f6z konusu. Bug\u00fcn bu protokol kapsam\u0131nda alan \u00f6\u011fretim program\u0131 ve e\u011fitim materyalleri yabanc\u0131 dil a\u011f\u0131rl\u0131kl\u0131 olarak g\u00fcncellenecek; zorunlu dil \u0130ngilizce, ikinci yabanc\u0131 dil; \u00c7ince, Japonca, \u0130spanyolca, Rus\u00e7a vb. diller belirlenecek pilot kurumlarda uygulanmaya ba\u015flanacak. \u0130\u015fletmelerde beceri e\u011fitimi ve staj uygulamalar\u0131n\u0131n ger\u00e7ek hizmet ve \u00fcretim ortamlar\u0131nda yap\u0131lmas\u0131, Bakanl\u0131\u011f\u0131m\u0131z ile T\u00fcrkiye Cumhuriyeti Ticaret Bakanl\u0131\u011f\u0131 i\u015f birli\u011finde Hizmet i\u00e7i e\u011fitim faaliyetleri yap\u0131lmas\u0131, mesleki ve teknik e\u011fitimin geli\u015ftirilmesi i\u00e7in toplant\u0131, seminer, konferans, yar\u0131\u015fma vb. fark\u0131ndal\u0131k faaliyetleri d\u00fczenlemek ve destek verilmesi, alan \u00f6\u011fretim program\u0131 ve e\u011fitim materyallerinin g\u00fcncellenmesi \u00e7al\u0131\u015fmalar\u0131na katk\u0131 sa\u011flanmas\u0131, pilot okullarda \u00f6\u011frenim g\u00f6ren \u00f6\u011frencilere burs verilmesi, pilot okullardan mezun olanlar\u0131n istihdam edilmesi \u00e7ok \u00f6nemli. \u00c7\u00fcnk\u00fc i\u015f garantili olarak a\u00e7t\u0131\u011f\u0131m\u0131z okullar\u0131n insanlar\u0131m\u0131z\u0131 mutlu etti\u011fini g\u00f6r\u00fcyoruz\u201d \u015feklinde konu\u015ftu.<\/p>\n<p>&#8220;Anlaml\u0131 bir ad\u0131m atm\u0131\u015f olduk&#8221;<\/p>\n<p>Protokol\u00fcn, T\u00fcrkiye\u2019de rekabet g\u00fcc\u00fcn\u00fcn artt\u0131r\u0131lmas\u0131nda ve ekonomik kalk\u0131nma sa\u011flamas\u0131nda \u00f6nemli bir ad\u0131m oldu\u011funu s\u00f6yleyen Sel\u00e7uk, \u201cBakanl\u0131\u011f\u0131m\u0131z ile Ticaret Bakanl\u0131\u011f\u0131 aras\u0131nda, bilim ve teknoloji temeli \u00fczerinde kurmu\u015f oldu\u011fumuz bu k\u00f6pr\u00fc ile, inan\u0131yorum ki sadece \u00f6\u011frencilerimiz i\u00e7in de\u011fil hem i\u015f d\u00fcnyas\u0131n\u0131n teknolojik bilgiyle donat\u0131lm\u0131\u015f, d\u00fcnya ticaretine y\u00f6n veren yabanc\u0131 dillerden birini kullanma becerisine sahip, kalifiye eleman ihtiyac\u0131n\u0131n kar\u015f\u0131lanmas\u0131na katk\u0131da bulunmak hem de \u00fclkemizin rekabet g\u00fcc\u00fcn\u00fcn art\u0131r\u0131lmas\u0131 ve ekonomik kalk\u0131nmas\u0131na destek olmak ad\u0131na de\u011ferli ve anlaml\u0131 bir ad\u0131m atm\u0131\u015f olduk\u201d diye konu\u015ftu.<\/p>\n<p>\u201cD\u00fcnyan\u0131n 17. ekonomisiyiz\u201d<\/p>\n<p>Ticaret Bakan\u0131 Ruhsar Pekcan, Bar\u0131\u015f P\u0131nar\u0131 Harekat\u0131\u2019nda \u015fehit d\u00fc\u015fen T\u00fcrk askerine Allah\u2019tan rahmet dileyerek ve projeye katk\u0131lar\u0131ndan \u00f6t\u00fcr\u00fc Milli E\u011fitim Bakan\u0131 Ziya Sel\u00e7uk\u2019a te\u015fekk\u00fcr ederek konu\u015fmas\u0131na ba\u015flad\u0131. Pekcan, \u201cT\u00fcrkiye, dinamik yap\u0131s\u0131yla b\u00f6lgesel ve k\u00fcresel ekonomik akt\u00f6rlerden biri haline gelmi\u015f bulunmakta. Bug\u00fcn d\u00fcnyan\u0131n 17. ekonomisiyiz. 1996 y\u0131l\u0131ndan beri Avrupa Birli\u011fiyle G\u00fcmr\u00fck Birli\u011fi Anla\u015fmam\u0131z var. Co\u011frafi olarak Avrupa\u2019n\u0131n Asya\u2019n\u0131n, Kuzey Afrika\u2019n\u0131n, Orta Do\u011fu\u2019nun, Rusya\u2019n\u0131n ortas\u0131nday\u0131z. Kom\u015fular\u0131m\u0131z bizim do\u011fal ticaret orta\u011f\u0131m\u0131z. Bu ticaret ortaklar\u0131m\u0131zla ihracat\u0131m\u0131z\u0131n b\u00fcy\u00fck b\u00f6l\u00fcm\u00fc bu b\u00f6lgelere yap\u0131l\u0131yor. Al\u0131\u015fkanl\u0131klar\u0131m\u0131z bu do\u011frultuda. Ancak d\u00fcnya; ticaret sava\u015flar\u0131ndan kaynaklanan, korumac\u0131l\u0131k \u00f6nlemlerinden kaynaklanan, Brexit s\u00fcrecinden kaynaklanan de\u011fi\u015fim ve d\u00f6n\u00fc\u015f\u00fcm s\u00fcrecinden ge\u00e7iyor. Bu s\u00fcre\u00e7te bireysel ve k\u00fcresel ticaret hacmi h\u0131zla daral\u0131yor. Al\u0131\u015ft\u0131\u011f\u0131m\u0131z pazarlardaki k\u00fcresel ekonomik ve ticari yava\u015flaman\u0131n da etkisiyle biz kendimize mutlaka yeni pazarlar bulmak zorunday\u0131z. Yeni pazarlar\u0131m\u0131z\u0131 donan\u0131ml\u0131, iyi e\u011fitilmi\u015f gen\u00e7lerimizle birlikte ula\u015faca\u011f\u0131m\u0131za inan\u0131yoruz. Buralarda hem d\u0131\u015f ticaret mevzuat\u0131na hakim hem uluslararas\u0131 ticaret mevzuat\u0131 ve ticaret hukukuna hakim hem ticaretin finansman\u0131 konular\u0131na hakim yeni pazarlar\u0131n diline, k\u00fclt\u00fcr\u00fcne, al\u0131\u015fkanl\u0131klar\u0131na, talep ve beklentilerine hakim; donan\u0131ml\u0131 yeti\u015fmi\u015f gen\u00e7lerimize ihtiyac\u0131m\u0131z var. Ticaret deyince akl\u0131n\u0131za sadece mal ticareti gelmesin, hizmet ticareti de art\u0131k b\u00fcy\u00fck bir ekonomi. T\u00fcrkiye\u2019de sa\u011fl\u0131k sekt\u00f6r\u00fcne d\u0131\u015far\u0131dan operasyon i\u00e7in gelen, ameliyat i\u00e7in gelen, tedavilerini T\u00fcrkiye\u2019de alan b\u00fcy\u00fck bir k\u0131s\u0131m var. Turizm ve ula\u015ft\u0131rmada ula\u015ft\u0131\u011f\u0131m\u0131z ba\u015far\u0131 hepimizce malum. T\u00fcrk dizileri de tahmin edemeyece\u011finiz kadar T\u00fcrkiye\u2019nin uluslararas\u0131 pazarlarda \u00e7ok ciddi talep g\u00f6r\u00fcyor. Bu diziler de T\u00fcrkiye\u2019nin tan\u0131t\u0131m\u0131na \u00e7ok ciddi katk\u0131 sa\u011fl\u0131yorlar. B\u00fct\u00fcn bu sekt\u00f6rlerde \u00e7al\u0131\u015fmak i\u00e7in nitelikli, e\u011fitilmi\u015f i\u015f g\u00fcc\u00fcne ihtiyac\u0131m\u0131z var\u201d dedi.<\/p>\n<p>\u201cE-ticaret, e-pazarlama gen\u00e7lerimize istihdam sa\u011flayacak\u201d<\/p>\n<p>Pekcan, T\u00fcrkiye\u2019nin d\u0131\u015f ticaret hacmini e\u011fitimli, iyi donan\u0131ml\u0131 gen\u00e7lerle b\u00fcy\u00fctmek istedi\u011fini s\u00f6yledi. T\u00fcrkiye\u2019nin kalk\u0131nma plan\u0131nda \u00fcretimin ve ihracata dayal\u0131 stratejisinin oldu\u011funu da s\u00f6yleyen Pekcan, \u201cTeknoloji ve dijital teknolojiler de h\u0131zla geli\u015fiyor. E-ticaret, e-pazarlama y\u00f6ntemleri geli\u015fiyor ve d\u00fcnyan\u0131n bir ucundaki t\u00fcketici, di\u011fer bir ucundaki \u00fcreticiden mal\u0131n\u0131 sat\u0131n alabiliyor. K\u00fc\u00e7\u00fck ve m\u00fctevaz\u0131 i\u015fletmelerimizde e-ticaretten faydalan\u0131yor. E-ticaret, e-pazarlama  gibi alanlar gen\u00e7lerimize istihdam sa\u011flayacakt\u0131r. D\u0131\u015f ticaret alan\u0131nda daha fazla bilgiye ve fark\u0131ndal\u0131\u011fa sahip olmak \u00fczere bu okullar\u0131m\u0131z hem d\u0131\u015f ticaretimize hem ekonomimize destek verecektir. \u0130lgi duyan gen\u00e7lerimizi lise \u00e7a\u011f\u0131ndan itibaren bir e\u011fitim s\u00fcrecinin i\u00e7inde yer alacak. Biz de Ticaret Bakanl\u0131\u011f\u0131 olarak Milli E\u011fitim Bakanl\u0131\u011f\u0131yla beraber bu s\u00fcre\u00e7te her t\u00fcrl\u00fc e\u011fitim deste\u011fini verece\u011fiz. Bildi\u011finiz gibi T\u00fcrkiye\u2019nin toplam d\u0131\u015f ticareti 391 milyar, buna 48,6 milyar hizmet ticaretini de ekledi\u011fimiz zaman 462 milyar dolarl\u0131k bir ticaret hacmi oluyor. Buralarda iyi e\u011fitimli gen\u00e7lerimize \u00e7ok ihtiya\u00e7 var. Bu hacmi beraber b\u00fcy\u00fctece\u011fiz. T\u00fcrkiye\u2019nin kalk\u0131nma plan\u0131nda \u00fcretim ve ihracata dayal\u0131 bir b\u00fcy\u00fcme stratejisi izlenmektedir. Bu e\u011fitim sistemiyle gen\u00e7lerimizi de bu sistemin i\u00e7inde g\u00f6rmeye devam edece\u011fiz\u201d ifadelerini kulland\u0131.<\/p>\n<p>\u2018D\u0131\u015f Ticareti Geli\u015ftirmeye \u0130li\u015fkin E\u011fitim \u0130\u015f Birli\u011fi Protokol\u00fc\u2019 imza t\u00f6renin ard\u0131ndan Milli E\u011fitim Bakan\u0131 Ziya Sel\u00e7uk ve Ticaret Bakan\u0131 Ruhsar Pekcan, \u00f6\u011frencilerle foto\u011fraf \u00e7ekildi.<\/p>\n","protected":false},"excerpt":{"rendered":"<p>M\u0130LL\u0130 E\u011e\u0130T\u0130M BAKANI Z\u0130YA SEL\u00c7UK \u0130LE T\u0130CARET BAKANI RUHSAR PEKCAN, \u2018DI\u015e T\u0130CARET\u0130 GEL\u0130\u015eT\u0130RMEYE \u0130L\u0130\u015eK\u0130N E\u011e\u0130T\u0130M \u0130\u015e B\u0130RL\u0130\u011e\u0130 PROTOKOL\u00dc\u2019 \u0130MZA T\u00d6REN\u0130 VE TANITIM TOPLANTISINI GER\u00c7EKLE\u015eT\u0130RD\u0130.<\/p>\n","protected":false},"author":1,"featured_media":218407,"comment_status":"closed","ping_status":"open","sticky":false,"template":"","format":"standard","meta":{"jetpack_post_was_ever_published":false,"_jetpack_newsletter_access":"","_jetpack_dont_email_post_to_subs":false,"_jetpack_newsletter_tier_id":0,"_jetpack_memberships_contains_paywalled_content":false,"_jetpack_memberships_contains_paid_content":false,"footnotes":"","jetpack_publicize_message":"","jetpack_publicize_feature_enabled":true,"jetpack_social_post_already_shared":true,"jetpack_social_options":{"image_generator_settings":{"template":"highway","default_image_id":0,"font":"","enabled":false},"version":2}},"categories":[1],"tags":[1882,9825,398,192,2892,429,3297,373],"class_list":["post-218406","post","type-post","status-publish","format-standard","has-post-thumbnail","hentry","category-genel","tag-arasinda","tag-bakanligi","tag-egitim","tag-ile","tag-imzalandi","tag-milli","tag-protokol","tag-ticaret"],"jetpack_publicize_connections":[],"jetpack_featured_media_url":"https:\/\/i0.wp.com\/www.tvturk.com\/wp-content\/uploads\/2019\/10\/milli-egitim-bakanligi-ile-ticaret-bakanligi-arasinda-protokol-imzalandi_34a7f98.jpg?fit=1000%2C602","jetpack_sharing_enabled":true,"jetpack_shortlink":"https:\/\/wp.me\/paKIfm-UOG","_links":{"self":[{"href":"http:\/\/www.tvturk.com\/index.php\/wp-json\/wp\/v2\/posts\/218406","targetHints":{"allow":["GET"]}}],"collection":[{"href":"http:\/\/www.tvturk.com\/index.php\/wp-json\/wp\/v2\/posts"}],"about":[{"href":"http:\/\/www.tvturk.com\/index.php\/wp-json\/wp\/v2\/types\/post"}],"author":[{"embeddable":true,"href":"http:\/\/www.tvturk.com\/index.php\/wp-json\/wp\/v2\/users\/1"}],"replies":[{"embeddable":true,"href":"http:\/\/www.tvturk.com\/index.php\/wp-json\/wp\/v2\/comments?post=218406"}],"version-history":[{"count":0,"href":"http:\/\/www.tvturk.com\/index.php\/wp-json\/wp\/v2\/posts\/218406\/revisions"}],"wp:featuredmedia":[{"embeddable":true,"href":"http:\/\/www.tvturk.com\/index.php\/wp-json\/wp\/v2\/media\/218407"}],"wp:attachment":[{"href":"http:\/\/www.tvturk.com\/index.php\/wp-json\/wp\/v2\/media?parent=218406"}],"wp:term":[{"taxonomy":"category","embeddable":true,"href":"http:\/\/www.tvturk.com\/index.php\/wp-json\/wp\/v2\/categories?post=218406"},{"taxonomy":"post_tag","embeddable":true,"href":"http:\/\/www.tvturk.com\/index.php\/wp-json\/wp\/v2\/tags?post=218406"}],"curies":[{"name":"wp","href":"https:\/\/api.w.org\/{rel}","templated":true}]}}