{"id":218434,"date":"2019-10-22T14:02:10","date_gmt":"2019-10-22T11:02:10","guid":{"rendered":"http:\/\/www.tvturk.com\/index.php\/cumhurbaskani-erdogan-bu-gorusmenin-baris-pinari-harekatina-cok-ciddi-firsatlar-saglayacagina-inaniyorum\/"},"modified":"2019-10-22T14:02:10","modified_gmt":"2019-10-22T11:02:10","slug":"cumhurbaskani-erdogan-bu-gorusmenin-baris-pinari-harekatina-cok-ciddi-firsatlar-saglayacagina-inaniyorum","status":"publish","type":"post","link":"http:\/\/www.tvturk.com\/index.php\/cumhurbaskani-erdogan-bu-gorusmenin-baris-pinari-harekatina-cok-ciddi-firsatlar-saglayacagina-inaniyorum\/","title":{"rendered":"Cumhurba\u015fkan\u0131 Erdo\u011fan: \u201cBu g\u00f6r\u00fc\u015fmenin Bar\u0131\u015f P\u0131nar\u0131 Harekat\u0131\u2019na \u00e7ok ciddi f\u0131rsatlar sa\u011flayaca\u011f\u0131na inan\u0131yorum\u201d"},"content":{"rendered":"<p>Rusya Devlet Ba\u015fkan\u0131 Vladimir Putin\u2019le bir araya gelen Cumhurba\u015fkan\u0131 Recep Tayyip Erdo\u011fan, \u201cBu g\u00f6r\u00fc\u015fmenin Bar\u0131\u015f P\u0131nar\u0131 Harekat\u0131\u2019na \u00e7ok ciddi f\u0131rsatlar sa\u011flayaca\u011f\u0131na inan\u0131yorum\u201d dedi.<\/p>\n<p>Cumhurba\u015fkan\u0131 Recep Tayyip Erdo\u011fan, Rusya Devlet Ba\u015fkan\u0131 Vladimir Putin\u2019in daveti \u00fczerine Rusya\u2019n\u0131n So\u00e7i kentine geldi. Erdo\u011fan g\u00fcn\u00fcbirlik \u00e7al\u0131\u015fma ziyareti kapsam\u0131nda  Vladimir Putin\u2019le Devlet Ba\u015fkanl\u0131\u011f\u0131 Rezidans\u0131\u2019nda g\u00f6r\u00fc\u015fme ger\u00e7ekle\u015ftirdi. G\u00f6r\u00fc\u015fmenin bas\u0131na a\u00e7\u0131k k\u0131sm\u0131nda gazetecilere a\u00e7\u0131klama yapan Erdo\u011fan, bulu\u015fma \u00f6ncesi detayl\u0131 g\u00f6r\u00fc\u015fmeler ger\u00e7ekle\u015ftirdiklerini belirterek, \u201cBu vesile ile gerek ikili g\u00f6r\u00fc\u015fmeler gerek ikili ili\u015fkileri ele alma f\u0131rsat\u0131 bulaca\u011f\u0131z. Bu bar\u0131\u015f\u0131n \u00e7ok daha g\u00fc\u00e7l\u00fc bir \u015fekilde ele al\u0131nmas\u0131na f\u0131rsat sa\u011flayacak. Bu g\u00f6r\u00fc\u015fmenin de Bar\u0131\u015f P\u0131nar\u0131 Harekat\u0131\u2019na \u00e7ok ciddi f\u0131rsatlar sa\u011flayaca\u011f\u0131na inan\u0131yorum\u201d dedi.<\/p>\n<p>\u0130ki lider ba\u015f ba\u015fa g\u00f6r\u00fc\u015fmenin ard\u0131ndan heyetleraras\u0131 g\u00f6r\u00fc\u015fmelere ba\u015fkanl\u0131k edecek. Erdo\u011fan ve Putin g\u00f6r\u00fc\u015fmelerin ard\u0131ndan ortak bas\u0131n toplant\u0131s\u0131 d\u00fczenleyecek.<\/p>\n<p>Cumhurba\u015fkan\u0131 Erdo\u011fan\u2019a Rusya ziyaretinde, D\u0131\u015fi\u015fleri Bakan\u0131 Mevl\u00fct \u00c7avu\u015fo\u011flu, Milli Savunma Bakan\u0131 Hulusi Akar, Hazine ve Maliye Bakan\u0131 Berat Albayrak e\u015flik ediyor.<\/p>\n","protected":false},"excerpt":{"rendered":"<p>CUMHURBA\u015eKANI RECEP TAYY\u0130P ERDO\u011eAN, RUSYA DEVLET BA\u015eKANI VLAD\u0130M\u0130R PUT\u0130N\u2019\u0130N DAVET\u0130 \u00dcZER\u0130NE RUSYA\u2019NIN SO\u00c7\u0130 KENT\u0130NE GELD\u0130. ERDO\u011eAN G\u00dcN\u00dcB\u0130RL\u0130K \u00c7ALI\u015eMA Z\u0130YARET\u0130 KAPSAMINDA  VLAD\u0130M\u0130R PUT\u0130N\u2019LE DEVLET BA\u015eKANLI\u011eI REZ\u0130DANSI\u2019NDA G\u00d6R\u00dc\u015eME GER\u00c7EKLE\u015eT\u0130RD\u0130.<\/p>\n","protected":false},"author":1,"featured_media":218435,"comment_status":"closed","ping_status":"open","sticky":false,"template":"","format":"standard","meta":{"jetpack_post_was_ever_published":false,"_jetpack_newsletter_access":"","_jetpack_dont_email_post_to_subs":false,"_jetpack_newsletter_tier_id":0,"_jetpack_memberships_contains_paywalled_content":false,"_jetpack_memberships_contains_paid_content":false,"footnotes":"","jetpack_publicize_message":"","jetpack_publicize_feature_enabled":true,"jetpack_social_post_already_shared":true,"jetpack_social_options":{"image_generator_settings":{"template":"highway","default_image_id":0,"font":"","enabled":false},"version":2}},"categories":[10],"tags":[986,4256,11457,105,503,649,30572,41549,31321,28881,53832,55285],"class_list":["post-218434","post","type-post","status-publish","format-standard","has-post-thumbnail","hentry","category-dunya","tag-bu","tag-baris","tag-ciddi","tag-cok","tag-cumhurbaskani","tag-erdogan","tag-firsatlar","tag-gorusmenin","tag-harekatina","tag-inaniyorum","tag-pinari","tag-saglayacagina"],"jetpack_publicize_connections":[],"jetpack_featured_media_url":"https:\/\/i0.wp.com\/www.tvturk.com\/wp-content\/uploads\/2019\/10\/cumhurbaskani-erdogan-bu-gorusmenin-baris-pinari-harekatina-cok-ciddi-firsatlar-saglayacagina-inaniyorum_3930a7b.jpg?fit=1000%2C668","jetpack_sharing_enabled":true,"jetpack_shortlink":"https:\/\/wp.me\/paKIfm-UP8","_links":{"self":[{"href":"http:\/\/www.tvturk.com\/index.php\/wp-json\/wp\/v2\/posts\/218434","targetHints":{"allow":["GET"]}}],"collection":[{"href":"http:\/\/www.tvturk.com\/index.php\/wp-json\/wp\/v2\/posts"}],"about":[{"href":"http:\/\/www.tvturk.com\/index.php\/wp-json\/wp\/v2\/types\/post"}],"author":[{"embeddable":true,"href":"http:\/\/www.tvturk.com\/index.php\/wp-json\/wp\/v2\/users\/1"}],"replies":[{"embeddable":true,"href":"http:\/\/www.tvturk.com\/index.php\/wp-json\/wp\/v2\/comments?post=218434"}],"version-history":[{"count":0,"href":"http:\/\/www.tvturk.com\/index.php\/wp-json\/wp\/v2\/posts\/218434\/revisions"}],"wp:featuredmedia":[{"embeddable":true,"href":"http:\/\/www.tvturk.com\/index.php\/wp-json\/wp\/v2\/media\/218435"}],"wp:attachment":[{"href":"http:\/\/www.tvturk.com\/index.php\/wp-json\/wp\/v2\/media?parent=218434"}],"wp:term":[{"taxonomy":"category","embeddable":true,"href":"http:\/\/www.tvturk.com\/index.php\/wp-json\/wp\/v2\/categories?post=218434"},{"taxonomy":"post_tag","embeddable":true,"href":"http:\/\/www.tvturk.com\/index.php\/wp-json\/wp\/v2\/tags?post=218434"}],"curies":[{"name":"wp","href":"https:\/\/api.w.org\/{rel}","templated":true}]}}