{"id":218438,"date":"2019-10-22T14:02:41","date_gmt":"2019-10-22T11:02:41","guid":{"rendered":"http:\/\/www.tvturk.com\/index.php\/bakan-selcuk-bugun-neredeyse-96-kat-artisla-440-bine-yakin-ise-yerlestirme-yaptik\/"},"modified":"2019-10-22T14:02:41","modified_gmt":"2019-10-22T11:02:41","slug":"bakan-selcuk-bugun-neredeyse-96-kat-artisla-440-bine-yakin-ise-yerlestirme-yaptik","status":"publish","type":"post","link":"http:\/\/www.tvturk.com\/index.php\/bakan-selcuk-bugun-neredeyse-96-kat-artisla-440-bine-yakin-ise-yerlestirme-yaptik\/","title":{"rendered":"Bakan Sel\u00e7uk: &#8220;Bug\u00fcn neredeyse 96 kat art\u0131\u015fla 440 bine yak\u0131n i\u015fe yerle\u015ftirme yapt\u0131k&#8221;"},"content":{"rendered":"<p>Aile, \u00c7al\u0131\u015fma ve Sosyal Hizmetler Bakan\u0131 Zehra Z\u00fcmr\u00fct Sel\u00e7uk, \u201cAktif \u0130\u015f G\u00fcc\u00fc Programlar\u0131m\u0131za bakt\u0131\u011f\u0131m\u0131z zaman 2002 y\u0131l\u0131nda yaln\u0131zca 571 kad\u0131n\u0131m\u0131z kurslardan faydalan\u0131rken; bug\u00fcn 300 bini a\u015fk\u0131n kad\u0131n\u0131m\u0131z bu programlardan yararlan\u0131yor. Yine i\u015f kul\u00fcplerimizde kad\u0131n yararlanma oran\u0131m\u0131z art\u0131yor. \u0130\u015eKUR arac\u0131l\u0131\u011f\u0131yla 2002 y\u0131l\u0131nda; yaln\u0131z 4 bin 543 kad\u0131n i\u015fe yerle\u015ftirilebilmi\u015f. Bug\u00fcn neredeyse 96 kat art\u0131\u015fla 440 bine yak\u0131n i\u015fe yerle\u015ftirme yapt\u0131k\u201d dedi.<\/p>\n<p>Aile, \u00c7al\u0131\u015fma ve Sosyal Hizmetler Bakan\u0131 Zehra Z\u00fcmr\u00fct Sel\u00e7uk, T\u00fcrkiye Kad\u0131n Giri\u015fimciler Derne\u011fi (KAG\u0130DER) koordinat\u00f6rl\u00fc\u011f\u00fcnde ve Kad\u0131n \u0130\u015fveren ve Sanayiciler Derne\u011fi (KA\u0130SDER) ile Bursa \u0130\u015f Kad\u0131nlar\u0131 ve Y\u00f6neticileri Derne\u011fi (BU\u0130KAD) payda\u015fl\u0131\u011f\u0131nda d\u00fczenlenen \u201c\u0130\u015f D\u00fcnyas\u0131nda Kad\u0131n \u0130leti\u015fim A\u011f\u0131\u201d tan\u0131t\u0131m toplant\u0131s\u0131na kat\u0131ld\u0131.<\/p>\n<p>Sel\u00e7uk, burada ger\u00e7ekle\u015ftirdi\u011fi konu\u015fmada, kad\u0131nlar\u0131n g\u00fcnl\u00fck hayat i\u00e7inde eme\u011fiyle, \u00e7al\u0131\u015fkanl\u0131klar\u0131yla, al\u0131n teriyle her zaman var oldu\u011funu belirterek, \u201c\u00dclkemizin gelece\u011fi ad\u0131na kad\u0131nlar\u0131m\u0131z\u0131n her anlamda daha etkin konuma gelmelerini istiyoruz. Ekonomik ve sosyal hedeflerimize de bu \u015fekilde daha kolay ula\u015fabilece\u011fimize inan\u0131yoruz. Kad\u0131nlar\u0131m\u0131z\u0131n, istediklerinde ve imk\u00e2nlar olu\u015ftu\u011funda nas\u0131l g\u00fczel i\u015fler yapabilece\u011fini de bu toplant\u0131da g\u00f6r\u00fcyoruz\u201d diye konu\u015ftu. Sel\u00e7uk, kad\u0131nlara \u0130\u015eKUR arac\u0131l\u0131\u011f\u0131yla giri\u015fimcilik deste\u011fi verdiklerini de hat\u0131rlatt\u0131.<\/p>\n<p>Son 17 y\u0131lda kad\u0131n istihdam\u0131 ivme kazand\u0131<\/p>\n<p>T\u00fcrkiye\u2019de toplam i\u015fveren ve kendi hesab\u0131na \u00e7al\u0131\u015fanlar i\u00e7indeki kad\u0131n oran\u0131n\u0131n y\u00fczde 16 oldu\u011funu s\u00f6yleyen Bakan Sel\u00e7uk, &#8220;Tabii ki bu bizim istedi\u011fimiz seviye de\u011fil ancak son 17 y\u0131lda b\u00fcy\u00fck bir ivme yakalad\u0131k. T\u00fcrkiye bug\u00fcn, Say\u0131n Cumhurba\u015fkan\u0131m\u0131z Recep Tayyip Erdo\u011fan\u2019\u0131n liderli\u011finde, her alanda b\u00fcy\u00fck ilerlemeler kaydediyor. Bu sadece kad\u0131n giri\u015fimcili\u011fi ile s\u0131n\u0131rl\u0131 de\u011fil. Kad\u0131n istihdam\u0131nda da ilerleme sa\u011flad\u0131k. 2007 y\u0131l\u0131ndan 2018 y\u0131l\u0131na kadar kad\u0131n istihdam\u0131nda 4 milyona yak\u0131n bir art\u0131\u015f ger\u00e7ekle\u015ftirdik\u201d \u015feklinde konu\u015ftu.<\/p>\n<p>\u0130\u015eKUR ile kad\u0131n i\u015fe yerle\u015ftirmeleri 96 kat artt\u0131<\/p>\n<p>Bakanl\u0131k taraf\u0131ndan y\u00fcr\u00fct\u00fclen \u201cUlusal \u0130stihdam Stratejisi\u201d ile istihdam potansiyelini de\u011ferlendirmeye y\u00f6nelik \u00e7ok kapsaml\u0131 \u00e7al\u0131\u015fmalar y\u00fcr\u00fctt\u00fcklerinin alt\u0131n\u0131 \u00e7izen Sel\u00e7uk, \u201cTe\u015fviklerle hedeflerimizi uygulama yolunda kad\u0131nlara pozitif ayr\u0131mc\u0131l\u0131k yapan te\u015fvikler sa\u011fl\u0131yoruz. \u0130lave \u0130stihdam Te\u015fviki, Aktif \u0130\u015f G\u00fcc\u00fc Programlar\u0131, Toplum Yarar\u0131na Programlar\u0131m\u0131zda her daim kad\u0131nlar\u0131m\u0131z\u0131 \u00f6nceliyoruz. Aktif \u0130\u015f G\u00fcc\u00fc Programlar\u0131m\u0131za bakt\u0131\u011f\u0131m\u0131z zaman 2002 y\u0131l\u0131nda yaln\u0131zca 571 kad\u0131n\u0131m\u0131z kurslardan faydalan\u0131rken; bug\u00fcn 300 bini a\u015fk\u0131n kad\u0131n\u0131m\u0131z bu programlardan yararlan\u0131yor. Yine i\u015f kul\u00fcplerimizde kad\u0131n yararlanma oran\u0131m\u0131z art\u0131yor. \u0130\u015eKUR arac\u0131l\u0131\u011f\u0131yla 2002 y\u0131l\u0131nda; yaln\u0131z 4 bin 543 kad\u0131n i\u015fe yerle\u015ftirilebilmi\u015f. Bug\u00fcn neredeyse 96 kat art\u0131\u015fla 440 bine yak\u0131n i\u015fe yerle\u015ftirme yapt\u0131k. Tabii biz istiyoruz ki bu rakamlar daha da y\u00fckse\u011fe \u00e7\u0131ks\u0131n\u201d ifadelerini kulland\u0131.<\/p>\n<p>&#8220;\u0130stihdam piyasas\u0131ndaki e\u015fitlik k\u00fcresel ekonomiye 28 trilyon dolar katk\u0131 sa\u011fl\u0131yor&#8221;<\/p>\n<p>Ticaret Bakan Yard\u0131mc\u0131s\u0131 Gonca Y\u0131lmaz Batur da konu\u015fmas\u0131nda, kad\u0131n ve erkek e\u015fitli\u011fi anlam\u0131nda i\u015f d\u00fcnyas\u0131nda e\u015f de\u011fer f\u0131rsatlar olu\u015fturmu\u015f devletlerin \u00e7ok daha \u00f6nde oldu\u011funun g\u00f6r\u00fcld\u00fc\u011f\u00fcn\u00fc kaydetti. \u0130stihdam piyasas\u0131nda e\u011fer e\u015fitlik sa\u011flanabilirse k\u00fcresel ekonomiye 28 trilyon dolar daha katk\u0131 olaca\u011f\u0131n\u0131 s\u00f6yleyen Batur, \u201cKad\u0131n\u0131n ekonomik hayata kat\u0131lmas\u0131 \u00fclkenin refah seviyesine katk\u0131 kadar ki\u015fiye de g\u00fc\u00e7 kazand\u0131r\u0131yor. E\u015fit toplumlar daha yenilik\u00e7i oluyorlar. Kad\u0131nlar\u0131n i\u015f alan\u0131ndaki varl\u0131\u011f\u0131n\u0131, s\u00fcrd\u00fcr\u00fclebilir kalk\u0131nman\u0131n en \u00f6nemli g\u00f6stergesi olarak g\u00f6r\u00fcyoruz\u201d dedi.<\/p>\n<p>Son 15 y\u0131lda giri\u015fimci kad\u0131n say\u0131s\u0131nda geli\u015fmeler oldu\u011funu s\u00f6yleyen Batur, \u201cKad\u0131n i\u015f veren say\u0131m\u0131z 2019-2003 y\u0131llar\u0131 aras\u0131na bakt\u0131\u011f\u0131m\u0131zda 40 binlerden 112 binlere y\u00fckselmi\u015f durumda. Kendi hesab\u0131na \u00e7al\u0131\u015fan kad\u0131n say\u0131s\u0131na bakt\u0131\u011f\u0131m\u0131zda da 490 binden 875 bine y\u00fckseldi\u011fini g\u00f6r\u00fcyoruz. \u00c7ok g\u00fczel geli\u015fme kaydedildi ama daha gidecek yolumuz da var\u201d \u015feklinde konu\u015ftu.<\/p>\n<p>&#8220;Kad\u0131nlar ekonomiye kat\u0131l\u0131rsa T\u00fcrkiye\u2019nin zenginli\u011fi y\u00fczde 30 artacak&#8221;<\/p>\n<p>KAG\u0130DER Ba\u015fkan\u0131 Emine Erdem ise projenin kad\u0131n giri\u015fimcili\u011finin g\u00fc\u00e7lendirilmesi ve toplumsal cinsiyet e\u015fitli\u011fi hedeflerinin ger\u00e7ekle\u015ftirilmesi yolunda tarihi bir d\u00f6n\u00fcm noktas\u0131 olaca\u011f\u0131na inand\u0131klar\u0131n\u0131 belirtti. T\u00fcrkiye\u2019de at\u0131l bir giri\u015fimci potansiyeli oldu\u011funu s\u00f6yleyen Erdem, \u201cKad\u0131nlar ekonomiye erkekler kadar kat\u0131labilirse T\u00fcrkiye\u2019nin zenginli\u011fi y\u00fczde 30 artacak. Kad\u0131nlar\u0131n enerjisini, dinamizmini ve deneyimini \u00fclkemizde giri\u015fimcili\u011fe, ekonomiye yeterince yans\u0131tamazsak T\u00fcrkiye\u2019nin potansiyelini b\u00fct\u00fcn boyutlar\u0131yla ger\u00e7ekle\u015ftirmesi, kalk\u0131nma hedeflerine ula\u015fmas\u0131 m\u00fcmk\u00fcn de\u011fildir\u201d diye konu\u015ftu.<\/p>\n<p>Toplant\u0131ya Aile, \u00c7al\u0131\u015fma ve Sosyal Hizmetler Bakan\u0131 Zehra Z\u00fcmr\u00fct Sel\u00e7uk\u2019un yan\u0131 s\u0131ra, Ticaret Bakan Yard\u0131mc\u0131s\u0131 Gonca Y\u0131lmaz Batur, D\u0131\u015fi\u015fleri Bakanl\u0131\u011f\u0131 AB Ba\u015fkanl\u0131\u011f\u0131 Proje Uygulama Daire Ba\u015fkan\u0131 B\u00fclent \u00d6zcan ve \u00e7ok say\u0131da davetli kat\u0131ld\u0131.<\/p>\n","protected":false},"excerpt":{"rendered":"<p>A\u0130LE, \u00c7ALI\u015eMA VE SOSYAL H\u0130ZMETLER BAKANI ZEHRA Z\u00dcMR\u00dcT SEL\u00c7UK, \u201cAKT\u0130F \u0130\u015eG\u00dcC\u00dc PROGRAMLARIMIZA BAKTI\u011eIMIZ ZAMAN 2002 YILINDA YALNIZCA 571 KADINIMIZ KURSLARDAN FAYDALANIRKEN; BUG\u00dcN 300 B\u0130N\u0130 A\u015eKIN KADINIMIZ BU PROGRAMLARDAN YARARLANIYOR.Y\u0130NE \u0130\u015e KUL\u00dcPLER\u0130M\u0130ZDE KADIN YARARLANMA ORANIMIZ ARTIYOR. \u0130\u015eKUR ARACILI\u011eIYLA 2002 YILINDA; YALNIZ 4 B\u0130N 543 KADIN \u0130\u015eE YERLE\u015eT\u0130R\u0130LEB\u0130LM\u0130\u015e. BUG\u00dcN NEREDEYSE 96 KAT ARTI\u015eLA 440 B\u0130NE YAKIN \u0130\u015eE YERLE\u015eT\u0130RME YAPTIK\u201d DED\u0130.<\/p>\n","protected":false},"author":1,"featured_media":218439,"comment_status":"closed","ping_status":"open","sticky":false,"template":"","format":"standard","meta":{"jetpack_post_was_ever_published":false,"_jetpack_newsletter_access":"","_jetpack_dont_email_post_to_subs":false,"_jetpack_newsletter_tier_id":0,"_jetpack_memberships_contains_paywalled_content":false,"_jetpack_memberships_contains_paid_content":false,"footnotes":"","jetpack_publicize_message":"","jetpack_publicize_feature_enabled":true,"jetpack_social_post_already_shared":true,"jetpack_social_options":{"image_generator_settings":{"template":"highway","default_image_id":0,"font":"","enabled":false},"version":2}},"categories":[1],"tags":[6610,30104,742,7563,10621,140,12539,12093,4454,4961,846,35461],"class_list":["post-218438","post","type-post","status-publish","format-standard","has-post-thumbnail","hentry","category-genel","tag-6610","tag-artisla","tag-bakan","tag-bine","tag-bugun","tag-ise","tag-kat","tag-neredeyse","tag-selcuk","tag-yakin","tag-yaptik","tag-yerlestirme"],"jetpack_publicize_connections":[],"jetpack_featured_media_url":"https:\/\/i0.wp.com\/www.tvturk.com\/wp-content\/uploads\/2019\/10\/bakan-selcuk-bugun-neredeyse-96-kat-artisla-440-bine-yakin-ise-yerlestirme-yaptik_5eda80c.jpg?fit=1000%2C666","jetpack_sharing_enabled":true,"jetpack_shortlink":"https:\/\/wp.me\/paKIfm-UPc","_links":{"self":[{"href":"http:\/\/www.tvturk.com\/index.php\/wp-json\/wp\/v2\/posts\/218438","targetHints":{"allow":["GET"]}}],"collection":[{"href":"http:\/\/www.tvturk.com\/index.php\/wp-json\/wp\/v2\/posts"}],"about":[{"href":"http:\/\/www.tvturk.com\/index.php\/wp-json\/wp\/v2\/types\/post"}],"author":[{"embeddable":true,"href":"http:\/\/www.tvturk.com\/index.php\/wp-json\/wp\/v2\/users\/1"}],"replies":[{"embeddable":true,"href":"http:\/\/www.tvturk.com\/index.php\/wp-json\/wp\/v2\/comments?post=218438"}],"version-history":[{"count":0,"href":"http:\/\/www.tvturk.com\/index.php\/wp-json\/wp\/v2\/posts\/218438\/revisions"}],"wp:featuredmedia":[{"embeddable":true,"href":"http:\/\/www.tvturk.com\/index.php\/wp-json\/wp\/v2\/media\/218439"}],"wp:attachment":[{"href":"http:\/\/www.tvturk.com\/index.php\/wp-json\/wp\/v2\/media?parent=218438"}],"wp:term":[{"taxonomy":"category","embeddable":true,"href":"http:\/\/www.tvturk.com\/index.php\/wp-json\/wp\/v2\/categories?post=218438"},{"taxonomy":"post_tag","embeddable":true,"href":"http:\/\/www.tvturk.com\/index.php\/wp-json\/wp\/v2\/tags?post=218438"}],"curies":[{"name":"wp","href":"https:\/\/api.w.org\/{rel}","templated":true}]}}